{"id":98421,"date":"2020-09-10T03:48:24","date_gmt":"2020-09-10T07:48:24","guid":{"rendered":"https:\/\/linitiative.ca\/International\/lambassadeur-a-lonu-kais-kabtani-je-ne-fais-plus-confiance-a-saied\/"},"modified":"2020-09-10T03:48:24","modified_gmt":"2020-09-10T07:48:24","slug":"lambassadeur-a-lonu-kais-kabtani-je-ne-fais-plus-confiance-a-saied","status":"publish","type":"post","link":"https:\/\/linitiative.ca\/International\/lambassadeur-a-lonu-kais-kabtani-je-ne-fais-plus-confiance-a-saied\/","title":{"rendered":"L\u2019ambassadeur \u00e0 l\u2019ONU Kais Kabtani: Je ne fais plus confiance \u00e0 Sa\u00efed"},"content":{"rendered":"<div class=\"desc descp__content\" data-io-article-url=\"https:\/\/www.mosaiquefm.net\/fr\/actualite-national-tunisie\/792969\/l-ambassadeur-a-l-onu-kais-kabtani-je-ne-fais-plus-confiance-a-saied\">\n<p>L\u2019ambassadeur \u00e0 l\u2019ONU Ka\u00efs Kabtani a indiqu\u00e9 mercredi \u00e0 l\u2019AFP avoir d\u00e9cid\u00e9 de quitter la diplomatie tunisienne apr\u00e8s avoir \u00e9t\u00e9 \u00ab limog\u00e9 \u00bb de son poste apr\u00e8s seulement cinq mois de fonctions.<\/p>\n<p>\u00ab Je quitte la diplomatie tunisienne, c\u2019est une question d\u2019honneur, de principes \u00bb, a-t-il dit, pr\u00e9cisant avoir appris la veille par les r\u00e9seaux sociaux son \u00e9viction de l\u2019ONU, o\u00f9 la Tunisie occupe jusqu\u2019\u00e0 fin 2021 un si\u00e8ge de membre non permanent au Conseil de s\u00e9curit\u00e9.<\/p>\n<p>Ce double limogeage par le pouvoir tunisien est \u00ab tr\u00e8s mauvais pour l\u2019image de mon pays \u00bb, a d\u00e9plor\u00e9 l\u2019ambassadeur Kabtani, en mettant en cause \u00ab l\u2019entourage du Pr\u00e9sident \u00bb dans son \u00e9viction. Il a pr\u00e9cis\u00e9 \u00e0 l\u2019AFP avoir refus\u00e9 une mutation vers un poste prestigieux en Europe, affirmant n\u2019avoir \u00ab plus de confiance \u00bb envers le Pr\u00e9sident de la R\u00e9publique Kais Saied.<\/p>\n<p>\u00ab J\u2019ai fait mon devoir, je me suis investi \u00e0 fond \u00bb avec une toute petite \u00e9quipe diplomatique \u00e0 New York et \u00ab \u00e7a me d\u00e9sole \u00bb pour la Tunisie, a ajout\u00e9 ce juriste de formation, en faisant part de sa profonde d\u00e9ception.<\/p>\n<p>(AFP)<\/p>\n<\/div>\n<div class=\"wp-post-author-wrap wp-post-author-shortcode left\">\n<h3 class=\"awpa-title\"\/>\n<div class=\"wp-post-author\">\n<div class=\"awpa-img awpa-author-block square\"><a href=\"http:\/\/lexpertjournal.net\/fr\/?author=5\"><img loading=\"lazy\" decoding=\"async\" alt=\"\" src=\"http:\/\/0.gravatar.com\/avatar\/97f8e10a1c1125ba104a76514ee07b16?s=150&amp;d=mm&amp;r=g\" srcset=\"http:\/\/0.gravatar.com\/avatar\/97f8e10a1c1125ba104a76514ee07b16?s=300&amp;d=mm&amp;r=g 2x\" class=\"avatar avatar-150 photo\" height=\"150\" width=\"150\"\/><\/a><\/div>\n<\/div>\n<\/div>\n<aside class=\"mashsb-container mashsb-main mashsb-stretched\">\n<\/aside>\n<p>Auteur: L&rsquo;expert<br \/>\n<a href=\"http:\/\/lexpertjournal.net\/fr\/?p=16539\">Cliquez ici pour lire l&rsquo;article depuis sa source.<\/a><\/p>\n","protected":false},"excerpt":{"rendered":"<p>L\u2019ambassadeur \u00e0 l\u2019ONU Ka\u00efs Kabtani a indiqu\u00e9 mercredi \u00e0 l\u2019AFP avoir d\u00e9cid\u00e9 de quitter la diplomatie tunisienne apr\u00e8s avoir \u00e9t\u00e9 \u00ab limog\u00e9 \u00bb de son poste apr\u00e8s seulement cinq mois de fonctions. \u00ab Je quitte la diplomatie tunisienne, c\u2019est une question d\u2019honneur, de principes \u00bb, a-t-il dit, pr\u00e9cisant avoir appris la veille par les r\u00e9seaux [&hellip;]<\/p>\n","protected":false},"author":1775,"featured_media":0,"comment_status":"closed","ping_status":"closed","sticky":false,"template":"","format":"standard","meta":{"fifu_image_url":"","fifu_image_alt":"","footnotes":""},"categories":[78,55],"tags":[],"class_list":["post-98421","post","type-post","status-publish","format-standard","hentry","category-economie","category-tunisie"],"_links":{"self":[{"href":"https:\/\/linitiative.ca\/International\/wp-json\/wp\/v2\/posts\/98421","targetHints":{"allow":["GET"]}}],"collection":[{"href":"https:\/\/linitiative.ca\/International\/wp-json\/wp\/v2\/posts"}],"about":[{"href":"https:\/\/linitiative.ca\/International\/wp-json\/wp\/v2\/types\/post"}],"author":[{"embeddable":true,"href":"https:\/\/linitiative.ca\/International\/wp-json\/wp\/v2\/users\/1775"}],"replies":[{"embeddable":true,"href":"https:\/\/linitiative.ca\/International\/wp-json\/wp\/v2\/comments?post=98421"}],"version-history":[{"count":0,"href":"https:\/\/linitiative.ca\/International\/wp-json\/wp\/v2\/posts\/98421\/revisions"}],"wp:attachment":[{"href":"https:\/\/linitiative.ca\/International\/wp-json\/wp\/v2\/media?parent=98421"}],"wp:term":[{"taxonomy":"category","embeddable":true,"href":"https:\/\/linitiative.ca\/International\/wp-json\/wp\/v2\/categories?post=98421"},{"taxonomy":"post_tag","embeddable":true,"href":"https:\/\/linitiative.ca\/International\/wp-json\/wp\/v2\/tags?post=98421"}],"curies":[{"name":"wp","href":"https:\/\/api.w.org\/{rel}","templated":true}]}}