{"id":98425,"date":"2020-09-10T10:21:08","date_gmt":"2020-09-10T14:21:08","guid":{"rendered":"https:\/\/linitiative.ca\/International\/fuite-de-loleoduc-ok1-a-el-oued-une-commission-du-ministere-de-lagriculture-sur-les-lieux-pour-evaluer-les-degats\/"},"modified":"2020-09-10T10:21:08","modified_gmt":"2020-09-10T14:21:08","slug":"fuite-de-loleoduc-ok1-a-el-oued-une-commission-du-ministere-de-lagriculture-sur-les-lieux-pour-evaluer-les-degats","status":"publish","type":"post","link":"https:\/\/linitiative.ca\/International\/fuite-de-loleoduc-ok1-a-el-oued-une-commission-du-ministere-de-lagriculture-sur-les-lieux-pour-evaluer-les-degats\/","title":{"rendered":"Fuite de l&rsquo;ol\u00e9oduc OK1 \u00e0 El Oued: une commission du minist\u00e8re de l&rsquo;Agriculture sur les lieux pour \u00e9valuer les d\u00e9g\u00e2ts"},"content":{"rendered":"<div readability=\"38\">\n<p><strong>EL-OUED &#8211; Une commission sp\u00e9cialis\u00e9e est cette semaine sur les lieux de l&rsquo;incident de la fuite de p\u00e9trole sur l&rsquo;ol\u00e9oduc OK1 dans la zone de Ba\u00e2dj, commune d&rsquo;Oum-Tiour (El-Oued), pour \u00e9valuer les d\u00e9g\u00e2ts sur les terres agricoles et \u00e9ventuellement les puits d&rsquo;irrigation, a-t-on appris jeudi aupr\u00e8s de la direction locale des Services agricole.<\/strong><\/p>\n<\/div>\n<div readability=\"82\">\n<p>D\u00e9p\u00each\u00e9e par le minist\u00e8re de l&rsquo;Agriculture et du D\u00e9veloppement rural, sur instructions du Pr\u00e9sident de la R\u00e9publique pour une prise en charge s\u00e9rieuse des inqui\u00e9tudes des agriculteurs affect\u00e9s, la commission regroupe des experts et sp\u00e9cialistes du bureau national d&rsquo;\u00e9tudes de d\u00e9veloppement rural (Bneder) et de l&rsquo;Institut national des sols, de l&rsquo;irrigation et du drainage (Insid), a-t-on pr\u00e9cis\u00e9.<\/p>\n<p>Elle se charge du pr\u00e9l\u00e8vement et l&rsquo;analyse d&rsquo;\u00e9chantillons des eaux de puits d&rsquo;irrigation ainsi que des sols des exploitations agricoles jouxtant \u00ab\u00a0Oued Yetel\u00a0\u00bb, la zone la plus touch\u00e9e par le sinistre et qui traverse la r\u00e9gion de Chahmi, lieu de la fuite de l&rsquo;ol\u00e9oduc.<\/p>\n<p>Selon les services agricoles, la commission a \u00e9t\u00e9 accompagn\u00e9e dans son travail par des professionnels locaux, parmi les agriculteurs et les \u00e9leveurs, dans le cadre de l&rsquo;ouverture de canaux de communication transparente avec les parties sinistr\u00e9es.<\/p>\n<blockquote readability=\"15\">\n<p><strong><em>Le travail de la commission sp\u00e9cialis\u00e9e d\u00e9p\u00each\u00e9e par le minist\u00e8re de l&rsquo;Agriculture permettra d&rsquo;\u00e9valuer l&rsquo;ampleur des d\u00e9g\u00e2ts engendr\u00e9s, sur la base de crit\u00e8res scientifiques, \u00e9tudi\u00e9s et cr\u00e9dibles, surtout qu&rsquo;elle a associ\u00e9, tout le long de ses travaux d&rsquo;inspection et d&rsquo;enqu\u00eate, les parties concern\u00e9es, que ce soit les agriculteurs ou les \u00e9leveurs, a-t-on soulign\u00e9.<\/em><\/strong><\/p>\n<\/blockquote>\n<p>Pour sa part, la commission sp\u00e9cialis\u00e9e du minist\u00e8re de l&rsquo;Environnement s&rsquo;appuiera dans sa d\u00e9marche sur les r\u00e9sultats de son homologue du minist\u00e8re de l&rsquo;Agriculture, d&rsquo;autant que l&rsquo;enqu\u00eate et les inspections ont concern\u00e9 les volets de l&rsquo;eau et du sol et le degr\u00e9 de leur pollution par la fuite de l&rsquo;ol\u00e9oduc OK1.<\/p>\n<p>La commission de l&rsquo;Environnement interviendra ensuite, forte de ces donn\u00e9es techniques \u00e9tudi\u00e9es, pour le traitement des effets de la pollution de l&rsquo;eau et du sol, et la prise de mesures qui s&rsquo;imposeraient concernant les retomb\u00e9es de l&rsquo;incident qui s&rsquo;est produit jeudi dernier.<\/p>\n<p>Une importante commission minist\u00e9rielle s&rsquo;\u00e9tait rendue samedi dernier sur les lieux de l&rsquo;incident, et a regroup\u00e9 cinq ministres (l&rsquo;Int\u00e9rieur, les Collectivit\u00e9s locales et l&rsquo;Am\u00e9nagement du territoire, l&rsquo;Agriculture et le D\u00e9veloppement rural, les Ressources en eau, l&rsquo;Environnement et l&rsquo;Energie) qui s&rsquo;\u00e9taient engag\u00e9s \u00e0 d\u00e9p\u00eacher des commissions sp\u00e9cialis\u00e9es pour proc\u00e9der \u00e0 l&rsquo;\u00e9valuation des d\u00e9g\u00e2ts et des compensations.\u00a0<\/p>\n<\/div>\n<p>Auteur:<br \/>\n<a href=\"http:\/\/www.aps.dz\/regions\/109549-fuite-de-l-oleoduc-ok1-a-el-oued-une-commission-du-ministere-de-l-agriculture-sur-les-lieux-pour-evaluer-les-degats\">Cliquez ici pour lire l&rsquo;article depuis sa source.<\/a><\/p>\n","protected":false},"excerpt":{"rendered":"<p>EL-OUED &#8211; Une commission sp\u00e9cialis\u00e9e est cette semaine sur les lieux de l&rsquo;incident de la fuite de p\u00e9trole sur l&rsquo;ol\u00e9oduc OK1 dans la zone de Ba\u00e2dj, commune d&rsquo;Oum-Tiour (El-Oued), pour \u00e9valuer les d\u00e9g\u00e2ts sur les terres agricoles et \u00e9ventuellement les puits d&rsquo;irrigation, a-t-on appris jeudi aupr\u00e8s de la direction locale des Services agricole. D\u00e9p\u00each\u00e9e par [&hellip;]<\/p>\n","protected":false},"author":1790,"featured_media":0,"comment_status":"closed","ping_status":"closed","sticky":false,"template":"","format":"standard","meta":{"fifu_image_url":"","fifu_image_alt":"","footnotes":""},"categories":[53,76],"tags":[],"class_list":["post-98425","post","type-post","status-publish","format-standard","hentry","category-algerie","category-regions"],"_links":{"self":[{"href":"https:\/\/linitiative.ca\/International\/wp-json\/wp\/v2\/posts\/98425","targetHints":{"allow":["GET"]}}],"collection":[{"href":"https:\/\/linitiative.ca\/International\/wp-json\/wp\/v2\/posts"}],"about":[{"href":"https:\/\/linitiative.ca\/International\/wp-json\/wp\/v2\/types\/post"}],"author":[{"embeddable":true,"href":"https:\/\/linitiative.ca\/International\/wp-json\/wp\/v2\/users\/1790"}],"replies":[{"embeddable":true,"href":"https:\/\/linitiative.ca\/International\/wp-json\/wp\/v2\/comments?post=98425"}],"version-history":[{"count":0,"href":"https:\/\/linitiative.ca\/International\/wp-json\/wp\/v2\/posts\/98425\/revisions"}],"wp:attachment":[{"href":"https:\/\/linitiative.ca\/International\/wp-json\/wp\/v2\/media?parent=98425"}],"wp:term":[{"taxonomy":"category","embeddable":true,"href":"https:\/\/linitiative.ca\/International\/wp-json\/wp\/v2\/categories?post=98425"},{"taxonomy":"post_tag","embeddable":true,"href":"https:\/\/linitiative.ca\/International\/wp-json\/wp\/v2\/tags?post=98425"}],"curies":[{"name":"wp","href":"https:\/\/api.w.org\/{rel}","templated":true}]}}