{"id":98426,"date":"2020-09-10T10:54:56","date_gmt":"2020-09-10T14:54:56","guid":{"rendered":"https:\/\/linitiative.ca\/International\/zones-dombres-tizi-ouzou-accelerer-la-cadence-pour-lachevement-des-projets\/"},"modified":"2020-09-10T10:54:56","modified_gmt":"2020-09-10T14:54:56","slug":"zones-dombres-tizi-ouzou-accelerer-la-cadence-pour-lachevement-des-projets","status":"publish","type":"post","link":"https:\/\/linitiative.ca\/International\/zones-dombres-tizi-ouzou-accelerer-la-cadence-pour-lachevement-des-projets\/","title":{"rendered":"Zones d\u2019ombres\/Tizi-Ouzou : acc\u00e9l\u00e9rer la cadence pour l\u2019ach\u00e8vement des projets"},"content":{"rendered":"<p><span class=\"sp-nh-title\">Sahara Occidental: l&rsquo;ONU doit fixer une date pour le r\u00e9f\u00e9rendum d&rsquo;autod\u00e9termination<\/span> &#8211; <span class=\"sp-nh-date\">jeudi 10 septembre 2020 18:54<\/span><\/p>\n<p><span class=\"sp-nh-title\">Cameroun: 200 millions de dollars de la Banque mondiale pour les services d&rsquo;irrigation<\/span> &#8211; <span class=\"sp-nh-date\">jeudi 10 septembre 2020 18:48<\/span><\/p>\n<p><span class=\"sp-nh-title\">Fuite de l&rsquo;ol\u00e9oduc OK1 \u00e0 El Oued: la commission du minist\u00e8re de l&rsquo;Agriculture poursuit l&rsquo;\u00e9valuation des d\u00e9g\u00e2ts<\/span> &#8211; <span class=\"sp-nh-date\">jeudi 10 septembre 2020 18:44<\/span><\/p>\n<p><span class=\"sp-nh-title\">Un large d\u00e9bat sur le projet de r\u00e9vision constitutionnelle \u00e0 partir du 16 septembre<\/span> &#8211; <span class=\"sp-nh-date\">jeudi 10 septembre 2020 18:27<\/span><\/p>\n<p><span class=\"sp-nh-title\">Ouverture graduelle des salles de sports priv\u00e9es le 15 septembre<\/span> &#8211; <span class=\"sp-nh-date\">jeudi 10 septembre 2020 18:26<\/span><\/p>\n<p><span class=\"sp-nh-title\">Institut Cervant\u00e8s lance un cours de traduction de BD de l&rsquo;Arabe vers l&rsquo;Espagnol<\/span> &#8211; <span class=\"sp-nh-date\">jeudi 10 septembre 2020 18:17<\/span><\/p>\n<p><span class=\"sp-nh-title\">Football: d\u00e9but du championnat d&rsquo;Alg\u00e9rie de Ligue 1 le 20 novembre<\/span> &#8211; <span class=\"sp-nh-date\">jeudi 10 septembre 2020 18:10<\/span><\/p>\n<p><span class=\"sp-nh-title\">ANIE: renforcer la notion de r\u00e9gularit\u00e9 des \u00e9lections<\/span> &#8211; <span class=\"sp-nh-date\">jeudi 10 septembre 2020 18:00<\/span><\/p>\n<p><span class=\"sp-nh-title\">Ghali : les Sahraouis d\u00e9termin\u00e9s d\u00e9fendre leurs droits l\u00e9gitimes<\/span> &#8211; <span class=\"sp-nh-date\">jeudi 10 septembre 2020 17:49<\/span><\/p>\n<p><span class=\"sp-nh-title\">La r\u00e9vision constitutionnelle traduit la volont\u00e9 du pr\u00e9sident de r\u00e9pondre aux aspirations du peuple<\/span> &#8211; <span class=\"sp-nh-date\">jeudi 10 septembre 2020 17:29<\/span><\/p>\n<p><span class=\"sp-nh-title\">Lutte contre le Coronavirus: Don d&rsquo;Alg\u00e9rie T\u00e9l\u00e9com au profit de la Pharmacie centrale des h\u00f4pitaux<\/span> &#8211; <span class=\"sp-nh-date\">jeudi 10 septembre 2020 17:14<\/span><\/p>\n<p><span class=\"sp-nh-title\">Le Projet de la r\u00e9vision constitutionnelle vendredi devant la Commission juridique<\/span> &#8211; <span class=\"sp-nh-date\">jeudi 10 septembre 2020 17:02<\/span><\/p>\n<p><span class=\"sp-nh-title\">Proc\u00e8s des fr\u00e8res Kouninef : l&rsquo;audition des accus\u00e9s se poursuit<\/span> &#8211; <span class=\"sp-nh-date\">jeudi 10 septembre 2020 16:57<\/span><\/p>\n<p><span class=\"sp-nh-title\">Coronavirus: 272 nouveaux cas, 183 gu\u00e9risons et 10 d\u00e9c\u00e8s<\/span> &#8211; <span class=\"sp-nh-date\">jeudi 10 septembre 2020 16:50<\/span><\/p>\n<p><span class=\"sp-nh-title\">La Constitution, un tournant d\u00e9cisif dans le processus d&rsquo;\u00e9dification de l&rsquo;Etat et non une fin en soi<\/span> &#8211; <span class=\"sp-nh-date\">jeudi 10 septembre 2020 16:27<\/span><\/p>\n<p><span class=\"sp-nh-title\">La r\u00e9vision de la Constitution : des r\u00e9formes profondes dans la gestion de affaires de l&rsquo;Etat<\/span> &#8211; <span class=\"sp-nh-date\">jeudi 10 septembre 2020 16:03<\/span><\/p>\n<p><span class=\"sp-nh-title\">Ghouini: le projet de r\u00e9vision constitutionnelle garantit la satisfaction des principales revendications l\u00e9gitimes des Alg\u00e9riens<\/span> &#8211; <span class=\"sp-nh-date\">jeudi 10 septembre 2020 15:56<\/span><\/p>\n<p><span class=\"sp-nh-title\">Zones d\u2019ombres\/Tizi-Ouzou : acc\u00e9l\u00e9rer la cadence pour l\u2019ach\u00e8vement des projets<\/span> &#8211; <span class=\"sp-nh-date\">jeudi 10 septembre 2020 15:54<\/span><\/p>\n<p><span class=\"sp-nh-title\">Ligues 1 et 2 : 16 clubs interdits de recrutement cet \u00e9t\u00e9<\/span> &#8211; <span class=\"sp-nh-date\">jeudi 10 septembre 2020 15:45<\/span><\/p>\n<p><span class=\"sp-nh-title\">Omar El Mokhtar, un symbole de la r\u00e9sistance maghr\u00e9bine<\/span> &#8211; <span class=\"sp-nh-date\">jeudi 10 septembre 2020 15:31<\/span><\/p>\n<p>Auteur:<br \/>\n<a href=\"http:\/\/www.aps.dz\/regions\/109554-zones-d-ombres-tizi-ouzou-accelerer-la-cadence-pour-l-achevement-des-projets\">Cliquez ici pour lire l&rsquo;article depuis sa source.<\/a><\/p>\n","protected":false},"excerpt":{"rendered":"<p>Sahara Occidental: l&rsquo;ONU doit fixer une date pour le r\u00e9f\u00e9rendum d&rsquo;autod\u00e9termination &#8211; jeudi 10 septembre 2020 18:54 Cameroun: 200 millions de dollars de la Banque mondiale pour les services d&rsquo;irrigation &#8211; jeudi 10 septembre 2020 18:48 Fuite de l&rsquo;ol\u00e9oduc OK1 \u00e0 El Oued: la commission du minist\u00e8re de l&rsquo;Agriculture poursuit l&rsquo;\u00e9valuation des d\u00e9g\u00e2ts &#8211; jeudi [&hellip;]<\/p>\n","protected":false},"author":1790,"featured_media":0,"comment_status":"closed","ping_status":"closed","sticky":false,"template":"","format":"standard","meta":{"fifu_image_url":"","fifu_image_alt":"","footnotes":""},"categories":[53,76],"tags":[],"class_list":["post-98426","post","type-post","status-publish","format-standard","hentry","category-algerie","category-regions"],"_links":{"self":[{"href":"https:\/\/linitiative.ca\/International\/wp-json\/wp\/v2\/posts\/98426","targetHints":{"allow":["GET"]}}],"collection":[{"href":"https:\/\/linitiative.ca\/International\/wp-json\/wp\/v2\/posts"}],"about":[{"href":"https:\/\/linitiative.ca\/International\/wp-json\/wp\/v2\/types\/post"}],"author":[{"embeddable":true,"href":"https:\/\/linitiative.ca\/International\/wp-json\/wp\/v2\/users\/1790"}],"replies":[{"embeddable":true,"href":"https:\/\/linitiative.ca\/International\/wp-json\/wp\/v2\/comments?post=98426"}],"version-history":[{"count":0,"href":"https:\/\/linitiative.ca\/International\/wp-json\/wp\/v2\/posts\/98426\/revisions"}],"wp:attachment":[{"href":"https:\/\/linitiative.ca\/International\/wp-json\/wp\/v2\/media?parent=98426"}],"wp:term":[{"taxonomy":"category","embeddable":true,"href":"https:\/\/linitiative.ca\/International\/wp-json\/wp\/v2\/categories?post=98426"},{"taxonomy":"post_tag","embeddable":true,"href":"https:\/\/linitiative.ca\/International\/wp-json\/wp\/v2\/tags?post=98426"}],"curies":[{"name":"wp","href":"https:\/\/api.w.org\/{rel}","templated":true}]}}