{"id":98428,"date":"2020-09-10T14:06:03","date_gmt":"2020-09-10T18:06:03","guid":{"rendered":"https:\/\/linitiative.ca\/International\/oran-mort-massive-des-poissons-du-lac-oum-ghelaz-pour-la-deuxieme-fois\/"},"modified":"2020-09-10T14:06:03","modified_gmt":"2020-09-10T18:06:03","slug":"oran-mort-massive-des-poissons-du-lac-oum-ghelaz-pour-la-deuxieme-fois","status":"publish","type":"post","link":"https:\/\/linitiative.ca\/International\/oran-mort-massive-des-poissons-du-lac-oum-ghelaz-pour-la-deuxieme-fois\/","title":{"rendered":"Oran: mort massive des poissons du lac \u00ab\u00a0Oum Ghelaz\u00a0\u00bb pour la deuxi\u00e8me fois"},"content":{"rendered":"<div readability=\"37\">\n<p><strong>ORAN &#8211; Le lac \u00ab\u00a0Oum Ghellaz\u00a0\u00bb, plan d\u2019eau situ\u00e9 \u00e0 l\u2019est d\u2019Oran pr\u00e8s d&rsquo;Oued Tl\u00e9lat, a r\u00e9cemment v\u00e9cu un deuxi\u00e8me \u00e9pisode de mort massive de poisson, a-t-on appris aupr\u00e8s de la Direction locale de l\u2019environnement.<\/strong><\/p>\n<\/div>\n<div readability=\"66\">\n<p>Ce deuxi\u00e8me \u00e9pisode a enregistr\u00e9 la mort de centaines de poissons mais aussi de dizaines d\u2019oiseaux d\u2019eau, a indiqu\u00e9 la responsable de la communication \u00e0 la Direction locale de l\u2019environnement, Aicha Mansouri.<\/p>\n<p>Ainsi, c\u2019est la deuxi\u00e8me fois depuis le d\u00e9but de l\u2019\u00e9t\u00e9 que ce ph\u00e9nom\u00e8ne est observ\u00e9 au niveau du lac Oum Ghellaz, alors que le tout premier \u00e9pisode a \u00e9t\u00e9 enregistr\u00e9 au cours de l\u2019\u00e9t\u00e9 2019.<\/p>\n<p>La Direction de l\u2019environnement qui suit l\u2019\u00e9volution de la situation depuis le d\u00e9but du ph\u00e9nom\u00e8ne, avait effectu\u00e9 des analyses d\u2019eau et a conclu qu\u2019il s\u2019agit d\u2019un stress hydrique, caus\u00e9 par la baisse du niveau d\u2019eau.<\/p>\n<p>Le lac conna\u00eet par ailleurs une surpopulation de la carpe, qui n\u2019a pas de pr\u00e9dateur pour limiter sa prolif\u00e9ration, ce qui conduit, en plus du stress hydrique, \u00e0 un manque d\u2019oxyg\u00e8ne, a expliqu\u00e9 la m\u00eame responsable, ajoutant que si la pollution n\u2019a pas \u00e9t\u00e9 incrimin\u00e9e au cours des deux premiers \u00e9pisodes, les analyses effectu\u00e9es ont r\u00e9v\u00e9l\u00e9 la pr\u00e9sence de m\u00e9taux lourds. Il s&rsquo;agit ainsi d&rsquo;une pollution par des d\u00e9chets industriels\u00a0\u00bb, a encore expliqu\u00e9 Mme Mansouri. Jusqu\u2019\u00e0 la fin du mois d\u2019ao\u00fbt, date de la derni\u00e8re sortie de la Direction de l\u2019environnement avec des associations \u00e9cologiques, \u00ab\u00a0le lac fonctionnait bien\u00a0\u00bb, a-t-elle affirm\u00e9.La Direction de l\u2019environnement a transmis des rapports d\u00e9taill\u00e9s sur la situation, aux autorit\u00e9s comp\u00e9tentes (minist\u00e8res, wilaya) afin d&rsquo;y mettre un terme.\u00a0<\/p>\n<\/div>\n<p>Auteur:<br \/>\n<a href=\"http:\/\/www.aps.dz\/regions\/109574-oran-mort-massive-des-poissons-du-lac-oum-ghelaz-pour-la-deuxieme-fois\">Cliquez ici pour lire l&rsquo;article depuis sa source.<\/a><\/p>\n","protected":false},"excerpt":{"rendered":"<p>ORAN &#8211; Le lac \u00ab\u00a0Oum Ghellaz\u00a0\u00bb, plan d\u2019eau situ\u00e9 \u00e0 l\u2019est d\u2019Oran pr\u00e8s d&rsquo;Oued Tl\u00e9lat, a r\u00e9cemment v\u00e9cu un deuxi\u00e8me \u00e9pisode de mort massive de poisson, a-t-on appris aupr\u00e8s de la Direction locale de l\u2019environnement. Ce deuxi\u00e8me \u00e9pisode a enregistr\u00e9 la mort de centaines de poissons mais aussi de dizaines d\u2019oiseaux d\u2019eau, a indiqu\u00e9 la [&hellip;]<\/p>\n","protected":false},"author":1790,"featured_media":0,"comment_status":"closed","ping_status":"closed","sticky":false,"template":"","format":"standard","meta":{"fifu_image_url":"","fifu_image_alt":"","footnotes":""},"categories":[53,76],"tags":[],"class_list":["post-98428","post","type-post","status-publish","format-standard","hentry","category-algerie","category-regions"],"_links":{"self":[{"href":"https:\/\/linitiative.ca\/International\/wp-json\/wp\/v2\/posts\/98428","targetHints":{"allow":["GET"]}}],"collection":[{"href":"https:\/\/linitiative.ca\/International\/wp-json\/wp\/v2\/posts"}],"about":[{"href":"https:\/\/linitiative.ca\/International\/wp-json\/wp\/v2\/types\/post"}],"author":[{"embeddable":true,"href":"https:\/\/linitiative.ca\/International\/wp-json\/wp\/v2\/users\/1790"}],"replies":[{"embeddable":true,"href":"https:\/\/linitiative.ca\/International\/wp-json\/wp\/v2\/comments?post=98428"}],"version-history":[{"count":0,"href":"https:\/\/linitiative.ca\/International\/wp-json\/wp\/v2\/posts\/98428\/revisions"}],"wp:attachment":[{"href":"https:\/\/linitiative.ca\/International\/wp-json\/wp\/v2\/media?parent=98428"}],"wp:term":[{"taxonomy":"category","embeddable":true,"href":"https:\/\/linitiative.ca\/International\/wp-json\/wp\/v2\/categories?post=98428"},{"taxonomy":"post_tag","embeddable":true,"href":"https:\/\/linitiative.ca\/International\/wp-json\/wp\/v2\/tags?post=98428"}],"curies":[{"name":"wp","href":"https:\/\/api.w.org\/{rel}","templated":true}]}}