{"id":98429,"date":"2020-09-09T17:38:11","date_gmt":"2020-09-09T21:38:11","guid":{"rendered":"https:\/\/linitiative.ca\/International\/une-plateforme-pour-promouvoir-lemployabilite-des-jeunes\/"},"modified":"2020-09-09T17:38:11","modified_gmt":"2020-09-09T21:38:11","slug":"une-plateforme-pour-promouvoir-lemployabilite-des-jeunes","status":"publish","type":"post","link":"https:\/\/linitiative.ca\/International\/une-plateforme-pour-promouvoir-lemployabilite-des-jeunes\/","title":{"rendered":"Une plateforme pour promouvoir l\u2019employabilit\u00e9 des jeunes"},"content":{"rendered":"<p class=\"c4\">La pr\u00e9fecture d\u2019Oujda-Angad vient de se doter d\u2019une plateforme d\u00e9di\u00e9e au d\u00e9veloppement des comp\u00e9tences des jeunes et \u00e0 la promotion de l\u2019esprit d\u2019entrepreneuriat pour encourager la cr\u00e9ation d\u2019emploi au profit de cette cat\u00e9gorie.<\/p>\n<p class=\"c4\">Cette plateforme, am\u00e9nag\u00e9e et \u00e9quip\u00e9e pour un montant d\u2019environ 800.000 dirhams, a \u00e9t\u00e9 lanc\u00e9e, mardi, lors d\u2019une c\u00e9r\u00e9monie pr\u00e9sid\u00e9e par le wali de la r\u00e9gion de l\u2019Oriental et gouverneur de la pr\u00e9fecture d\u2019Oujda-Angad, Mouad El Jamai, en pr\u00e9sence notamment du secr\u00e9taire g\u00e9n\u00e9ral de la wilaya, du pr\u00e9sident de la commune urbaine d\u2019Oujda et de chefs de services ext\u00e9rieurs.<\/p>\n<p class=\"c4\">Dans un communiqu\u00e9, le comit\u00e9 provincial de d\u00e9veloppement humain d\u2019Oujda-Angad explique que cette plateforme se veut un levier essentiel pour orienter les jeunes, d\u00e9velopper leurs comp\u00e9tences personnelles et les accompagner afin qu\u2019ils puissent donner vie \u00e0 leurs id\u00e9es et les transformer en projets \u00e9conomiques.<\/p>\n<p class=\"c4\">Elle constituera aussi un forum d\u2019interaction entre les divers programmes adopt\u00e9s par les diff\u00e9rents intervenants qui oeuvrent pour l\u2019int\u00e9gration des jeunes, et ce \u00e0 travers des espaces d\u2019\u00e9coute, d\u2019orientation et d\u2019accompagnement, en plus de la promotion et l\u2019encouragement de l\u2019esprit d\u2019entrepreneuriat et de l\u2019\u00e9conomie sociale et solidaire.<\/p>\n<p class=\"c4\">Cette plateforme des jeunes qui traduit les objectifs du programme de l\u2019Initiative nationale pour le d\u00e9veloppement humain (INDH) relatif \u00e0 l\u2019am\u00e9lioration du revenu et l\u2019inclusion \u00e9conomique des jeunes, ajoute encore la m\u00eame source, vise \u00e0 doter les jeunes des moyens n\u00e9cessaires favorisant l\u2019esprit d\u2019initiative et d\u2019entreprise, et ce dans la perspective de leur insertion socio-\u00e9conomique.<\/p>\n<p class=\"c4\">Le comit\u00e9 met l\u2019accent dans ce sens sur les avantages et les mesures prises dans le cadre du Programme d\u2019appui et de financement des entreprises afin de surmonter les difficult\u00e9s qui entravent l\u2019acc\u00e8s des jeunes porteurs de projet, des petites entreprises et des TPE au financement.<\/p>\n<p class=\"c4\">Selon des donn\u00e9es fournies dans le cadre d\u2019une pr\u00e9sentation faite lors de la r\u00e9union du Comit\u00e9 provincial de d\u00e9veloppement humain, tenue mardi au si\u00e8ge de la wilaya de la r\u00e9gion de l\u2019Oriental, la plateforme d\u00e9di\u00e9e aux jeunes ambitionne la promotion des opportunit\u00e9s d\u2019emploi et l\u2019int\u00e9gration de 800 jeunes par an, ainsi que la cr\u00e9ation de 25 projets par an avec la contribution \u00e0 leur durabilit\u00e9.<\/p>\n<p class=\"c4\">La r\u00e9union, rappelle-t-on, a \u00e9t\u00e9 marqu\u00e9e par l\u2019approbation de 27 projets INDH au titre de l\u2019ann\u00e9e 2020 pour un investissement global d\u2019environ 50.256.000 DH, dont 29.465.000 DH de l\u2019INDH, en sus de l\u2019examen de l\u2019\u00e9tat d\u2019avancement des projets programm\u00e9s au titre de 2019 au niveau du territoire de la pr\u00e9fecture d\u2019Oujda-Angad.<\/p>\n<p>Auteur: Soufiane ELAHMAR<br \/>\n<a href=\"http:\/\/www.mapoujda.ma\/fr\/une-plateforme-pour-promouvoir-lemployabilite-des-jeunes\/\">Cliquez ici pour lire l&rsquo;article depuis sa source.<\/a><\/p>\n","protected":false},"excerpt":{"rendered":"<p>La pr\u00e9fecture d\u2019Oujda-Angad vient de se doter d\u2019une plateforme d\u00e9di\u00e9e au d\u00e9veloppement des comp\u00e9tences des jeunes et \u00e0 la promotion de l\u2019esprit d\u2019entrepreneuriat pour encourager la cr\u00e9ation d\u2019emploi au profit de cette cat\u00e9gorie. Cette plateforme, am\u00e9nag\u00e9e et \u00e9quip\u00e9e pour un montant d\u2019environ 800.000 dirhams, a \u00e9t\u00e9 lanc\u00e9e, mardi, lors d\u2019une c\u00e9r\u00e9monie pr\u00e9sid\u00e9e par le wali [&hellip;]<\/p>\n","protected":false},"author":1788,"featured_media":0,"comment_status":"closed","ping_status":"closed","sticky":false,"template":"","format":"standard","meta":{"fifu_image_url":"","fifu_image_alt":"","footnotes":""},"categories":[54,76],"tags":[],"class_list":["post-98429","post","type-post","status-publish","format-standard","hentry","category-maroc","category-regions"],"_links":{"self":[{"href":"https:\/\/linitiative.ca\/International\/wp-json\/wp\/v2\/posts\/98429","targetHints":{"allow":["GET"]}}],"collection":[{"href":"https:\/\/linitiative.ca\/International\/wp-json\/wp\/v2\/posts"}],"about":[{"href":"https:\/\/linitiative.ca\/International\/wp-json\/wp\/v2\/types\/post"}],"author":[{"embeddable":true,"href":"https:\/\/linitiative.ca\/International\/wp-json\/wp\/v2\/users\/1788"}],"replies":[{"embeddable":true,"href":"https:\/\/linitiative.ca\/International\/wp-json\/wp\/v2\/comments?post=98429"}],"version-history":[{"count":0,"href":"https:\/\/linitiative.ca\/International\/wp-json\/wp\/v2\/posts\/98429\/revisions"}],"wp:attachment":[{"href":"https:\/\/linitiative.ca\/International\/wp-json\/wp\/v2\/media?parent=98429"}],"wp:term":[{"taxonomy":"category","embeddable":true,"href":"https:\/\/linitiative.ca\/International\/wp-json\/wp\/v2\/categories?post=98429"},{"taxonomy":"post_tag","embeddable":true,"href":"https:\/\/linitiative.ca\/International\/wp-json\/wp\/v2\/tags?post=98429"}],"curies":[{"name":"wp","href":"https:\/\/api.w.org\/{rel}","templated":true}]}}