{"id":98430,"date":"2020-09-10T12:30:00","date_gmt":"2020-09-10T16:30:00","guid":{"rendered":"https:\/\/linitiative.ca\/International\/le-defenseur-colombien-cristian-florez-propose-a-letoile\/"},"modified":"2020-09-10T12:30:00","modified_gmt":"2020-09-10T16:30:00","slug":"le-defenseur-colombien-cristian-florez-propose-a-letoile","status":"publish","type":"post","link":"https:\/\/linitiative.ca\/International\/le-defenseur-colombien-cristian-florez-propose-a-letoile\/","title":{"rendered":"Le d\u00e9fenseur colombien  Cristian Florez propos\u00e9 \u00e0 l\u2019Etoile"},"content":{"rendered":"<p class=\"p1 c3\"><span class=\"c2\">Bien que la nouvelle strat\u00e9gie adopt\u00e9e par la direction de l\u2019Etoile du Sahel soit ax\u00e9e fondamentalement sur le vivier du club issu du fameux centre de formation de l\u2019ESS, afin de r\u00e9\u00e9quilibrer la situation financi\u00e8re ; les d\u00e9cideurs \u00e9toil\u00e9s comptent d\u00e9nicher quelques talents peu on\u00e9reux pour renforcer le potentiel de l\u2019\u00e9quipe.<\/span><\/p>\n<p class=\"p1 c3\"><span class=\"c2\">A cet \u00e9gard, apr\u00e8s le recrutement de la p\u00e9pite \u00e9gyptienne de 18ans Mahmoud Saber pour une dur\u00e9e de 5ans, l\u2019arri\u00e8re gauche colombien Cristian Florez Garcia (25ans) vient d\u2019\u00eatre propos\u00e9 aux responsables \u00e9toil\u00e9s par un agent sportif. Le joueur a notamment \u00e9volu\u00e9 au sein du club America De Cali.<\/span><\/p>\n<p class=\"p1 c3\"><span class=\"c2\">Toutefois, \u00e0 consulter le c\u00e9l\u00e8bre site d\u2019\u00e9valuation de la valeur marchande des joueurs Transfermarket, l\u2019on se rend compte que le colombien est estim\u00e9 \u00e0 550 mille euros, ce qui en parfaite contradiction avec les orientations du club sah\u00e9lien plut\u00f4t enclin \u00e0 r\u00e9tr\u00e9cir la masse salariale de l\u2019effectif.<\/span><\/p>\n<p class=\"p2 c4\"><strong><span class=\"c2\">Hatem REGAIEG<\/span><\/strong><\/p>\n<p>Auteur: letemps1<br \/>\n<a href=\"http:\/\/www.letemps.com.tn\/article\/116945\/le-d%C3%A9fenseur-colombien-cristian-florez-propos%C3%A9-%C3%A0-l%E2%80%99etoile\">Cliquez ici pour lire l&rsquo;article depuis sa source.<\/a><\/p>\n","protected":false},"excerpt":{"rendered":"<p>Bien que la nouvelle strat\u00e9gie adopt\u00e9e par la direction de l\u2019Etoile du Sahel soit ax\u00e9e fondamentalement sur le vivier du club issu du fameux centre de formation de l\u2019ESS, afin de r\u00e9\u00e9quilibrer la situation financi\u00e8re ; les d\u00e9cideurs \u00e9toil\u00e9s comptent d\u00e9nicher quelques talents peu on\u00e9reux pour renforcer le potentiel de l\u2019\u00e9quipe. A cet \u00e9gard, apr\u00e8s [&hellip;]<\/p>\n","protected":false},"author":1773,"featured_media":0,"comment_status":"closed","ping_status":"closed","sticky":false,"template":"","format":"standard","meta":{"fifu_image_url":"","fifu_image_alt":"","footnotes":""},"categories":[73,55],"tags":[],"class_list":["post-98430","post","type-post","status-publish","format-standard","hentry","category-actualite","category-tunisie"],"_links":{"self":[{"href":"https:\/\/linitiative.ca\/International\/wp-json\/wp\/v2\/posts\/98430","targetHints":{"allow":["GET"]}}],"collection":[{"href":"https:\/\/linitiative.ca\/International\/wp-json\/wp\/v2\/posts"}],"about":[{"href":"https:\/\/linitiative.ca\/International\/wp-json\/wp\/v2\/types\/post"}],"author":[{"embeddable":true,"href":"https:\/\/linitiative.ca\/International\/wp-json\/wp\/v2\/users\/1773"}],"replies":[{"embeddable":true,"href":"https:\/\/linitiative.ca\/International\/wp-json\/wp\/v2\/comments?post=98430"}],"version-history":[{"count":0,"href":"https:\/\/linitiative.ca\/International\/wp-json\/wp\/v2\/posts\/98430\/revisions"}],"wp:attachment":[{"href":"https:\/\/linitiative.ca\/International\/wp-json\/wp\/v2\/media?parent=98430"}],"wp:term":[{"taxonomy":"category","embeddable":true,"href":"https:\/\/linitiative.ca\/International\/wp-json\/wp\/v2\/categories?post=98430"},{"taxonomy":"post_tag","embeddable":true,"href":"https:\/\/linitiative.ca\/International\/wp-json\/wp\/v2\/tags?post=98430"}],"curies":[{"name":"wp","href":"https:\/\/api.w.org\/{rel}","templated":true}]}}