{"id":98435,"date":"2020-09-10T15:13:10","date_gmt":"2020-09-10T19:13:10","guid":{"rendered":"https:\/\/linitiative.ca\/International\/international-le-real-madrid-se-penche-sur-mahrez\/"},"modified":"2020-09-10T15:13:10","modified_gmt":"2020-09-10T19:13:10","slug":"international-le-real-madrid-se-penche-sur-mahrez","status":"publish","type":"post","link":"https:\/\/linitiative.ca\/International\/international-le-real-madrid-se-penche-sur-mahrez\/","title":{"rendered":"International : Le Real Madrid se penche sur Mahrez"},"content":{"rendered":"<div readability=\"32\">\n<p>Auteur : <span class=\"time\">jeudi 10 septembre 2020 13:49<\/span><\/p>\n<\/div>\n<div id=\"post_core\" readability=\"61\">\n<p>Ne pas s&rsquo;attendre \u00e0 des folies. Le pr\u00e9sident du Real Madrid Florentino P\u00e9rez a tr\u00e8s vite pr\u00e9venu les supporters madril\u00e8nes, il ne signera pas de gros ch\u00e8ques cet \u00e9t\u00e9. Comme tous les clubs europ\u00e9ens, le Real est impact\u00e9 lourdement par la crise sanitaire et le manque \u00e0 gagner cons\u00e9quent qui en d\u00e9coule. Habitu\u00e9 \u00e0 l\u00e2cher les chevaux lors du mercato estival, le club merengue patientera un an de plus avant de tenter les grandes man\u0153uvres pour Kylian Mbapp\u00e9 ou encore Eduardo Camavinga. Cela veut-il dire pour autant qu&rsquo;il se contentera de rien, ou peu ? Non. Il y a bien le retour du Norv\u00e9gien Martin Odegaard, revenu de son pr\u00eat \u00e0 la Real Sociedad, mais c&rsquo;est tout pour l&rsquo;instant. Dans le sens des d\u00e9parts, le club merengue a vendu Achraf Hakimi \u00e0 l&rsquo;Inter et s&rsquo;est d\u00e9barrass\u00e9, sans contrepartie financi\u00e8re, de James Rodriguez gr\u00e2ce \u00e0 Everton. Des \u00e9conomies ont donc \u00e9t\u00e9 r\u00e9alis\u00e9es, ce qui pourrait permettre une offensive sur le march\u00e9.<\/p>\n<p><strong>Contact \u00e9tabli entre le Real Madrid et Mahrez<\/strong><\/p>\n<p>Selon FootMercato, les dirigeants du Real Madrid ont pris des renseignements au sujet de Riyad Mahrez, l&rsquo;ailier alg\u00e9rien de Manchester City ! Un contact a \u00e9t\u00e9 nou\u00e9 entre la direction du club et l&rsquo;entourage du joueur, sous contrat jusqu&rsquo;en 2023 avec Manchester City. Le Real Madrid va-t-il vraiment pass\u00e9 \u00e0 l&rsquo;action pour le gaucher qui adore \u00e9voluer sur le c\u00f4t\u00e9 droit ? Un trio Hazard-Benzema-Mahrez a de quoi faire saliver les supporters merengues. Reste \u00e0 savoir si Manchester City est ouvert \u00e0 un d\u00e9part de son joueur, et pour un tarif raisonnable. L&rsquo;international alg\u00e9rien, tr\u00e8s appr\u00e9ci\u00e9 par les Citizens, a tout de m\u00eame particip\u00e9 \u00e0 33 matches de Premier League, inscrit 13 buts et d\u00e9livr\u00e9 16 passes d\u00e9cisives. C\u00f4t\u00e9 Real Madrid, on ne passera \u00e0 l&rsquo;action que si Gareth Bale parvient \u00e0 \u00eatre vendu, tant le Gallois p\u00e8se sur la masse salariale. Affaire \u00e0 suivre.<\/p>\n<p><strong>Publi\u00e9 dans :<\/strong> <span>Mahrez<\/span><\/p>\n<\/div>\n<p>Auteur:<br \/>\n<a href=\"http:\/\/www.lebuteur.com\/article\/detail?titre=le-real-madrid-se-penche-sur-mahrez&#038;id=97214&#038;utm_source=feedburner&#038;utm_medium=feed&#038;utm_campaign=Feed%3A+GalerieFArtciles+%28Les+derniers+articles++-+lebuteur.com%29\">Cliquez ici pour lire l&rsquo;article depuis sa source.<\/a><\/p>\n","protected":false},"excerpt":{"rendered":"<p>Auteur : jeudi 10 septembre 2020 13:49 Ne pas s&rsquo;attendre \u00e0 des folies. Le pr\u00e9sident du Real Madrid Florentino P\u00e9rez a tr\u00e8s vite pr\u00e9venu les supporters madril\u00e8nes, il ne signera pas de gros ch\u00e8ques cet \u00e9t\u00e9. Comme tous les clubs europ\u00e9ens, le Real est impact\u00e9 lourdement par la crise sanitaire et le manque \u00e0 gagner [&hellip;]<\/p>\n","protected":false},"author":1738,"featured_media":98436,"comment_status":"closed","ping_status":"closed","sticky":false,"template":"","format":"standard","meta":{"fifu_image_url":"","fifu_image_alt":"","footnotes":""},"categories":[53,75],"tags":[],"class_list":["post-98435","post","type-post","status-publish","format-standard","has-post-thumbnail","hentry","category-algerie","category-sport"],"_links":{"self":[{"href":"https:\/\/linitiative.ca\/International\/wp-json\/wp\/v2\/posts\/98435","targetHints":{"allow":["GET"]}}],"collection":[{"href":"https:\/\/linitiative.ca\/International\/wp-json\/wp\/v2\/posts"}],"about":[{"href":"https:\/\/linitiative.ca\/International\/wp-json\/wp\/v2\/types\/post"}],"author":[{"embeddable":true,"href":"https:\/\/linitiative.ca\/International\/wp-json\/wp\/v2\/users\/1738"}],"replies":[{"embeddable":true,"href":"https:\/\/linitiative.ca\/International\/wp-json\/wp\/v2\/comments?post=98435"}],"version-history":[{"count":0,"href":"https:\/\/linitiative.ca\/International\/wp-json\/wp\/v2\/posts\/98435\/revisions"}],"wp:featuredmedia":[{"embeddable":true,"href":"https:\/\/linitiative.ca\/International\/wp-json\/"}],"wp:attachment":[{"href":"https:\/\/linitiative.ca\/International\/wp-json\/wp\/v2\/media?parent=98435"}],"wp:term":[{"taxonomy":"category","embeddable":true,"href":"https:\/\/linitiative.ca\/International\/wp-json\/wp\/v2\/categories?post=98435"},{"taxonomy":"post_tag","embeddable":true,"href":"https:\/\/linitiative.ca\/International\/wp-json\/wp\/v2\/tags?post=98435"}],"curies":[{"name":"wp","href":"https:\/\/api.w.org\/{rel}","templated":true}]}}