{"id":98439,"date":"2020-09-10T15:13:16","date_gmt":"2020-09-10T19:13:16","guid":{"rendered":"https:\/\/linitiative.ca\/International\/pros-bensebaini-je-veux-affronter-le-real-et-man-city-en-ldc\/"},"modified":"2020-09-10T15:13:16","modified_gmt":"2020-09-10T19:13:16","slug":"pros-bensebaini-je-veux-affronter-le-real-et-man-city-en-ldc","status":"publish","type":"post","link":"https:\/\/linitiative.ca\/International\/pros-bensebaini-je-veux-affronter-le-real-et-man-city-en-ldc\/","title":{"rendered":"Pros : Bensebaini: \u00abJe veux affronter le Real et Man City en LDC\u00bb"},"content":{"rendered":"<div readability=\"32\">\n<p>Auteur : <span>Riad Ouenzar<\/span> <span class=\"time\">jeudi 10 septembre 2020 14:10<\/span><\/p>\n<\/div>\n<div id=\"post_core\" readability=\"40\">\n<p>Le d\u00e9fenseur Alg\u00e9rien du Borussia M\u00f6nchengladbach, Ramy Bensebaini a d\u00e9clar\u00e9 vouloir affronter le Real Madrid et Manchester City en Ligue des champions cette saison\u00a0:\u00a0\u00abJe veux affronter le Real et Man City en Ligue des champions. Aussi, je souhaite affronter mon ancienne \u00e9quipe de Rennes dans cette comp\u00e9tition.\u00bb\u00a0a-t-il d\u00e9clar\u00e9 au site officiel du club allemand, avant d\u2019ajouter\u00a0:\u00a0\u00abParticiper \u00e0 cette comp\u00e9tition a toujours \u00e9t\u00e9 un r\u00eave pour moi. J\u2019ai particip\u00e9 deux fois \u00e0 l\u2019Europa League et ce sera ma premi\u00e8re en LDC cette saison.\u00bb<\/p>\n<p><strong>Publi\u00e9 dans :<\/strong> <span>real madrid<\/span> <span>Bensebaini<\/span><\/p>\n<\/div>\n<p>Auteur:<br \/>\n<a href=\"http:\/\/www.lebuteur.com\/article\/detail?titre=bensebaini-je-veux-affronter-le-real-et-man-city-en-ldc&#038;id=97215&#038;utm_source=feedburner&#038;utm_medium=feed&#038;utm_campaign=Feed%3A+GalerieFArtciles+%28Les+derniers+articles++-+lebuteur.com%29\">Cliquez ici pour lire l&rsquo;article depuis sa source.<\/a><\/p>\n","protected":false},"excerpt":{"rendered":"<p>Auteur : Riad Ouenzar jeudi 10 septembre 2020 14:10 Le d\u00e9fenseur Alg\u00e9rien du Borussia M\u00f6nchengladbach, Ramy Bensebaini a d\u00e9clar\u00e9 vouloir affronter le Real Madrid et Manchester City en Ligue des champions cette saison\u00a0:\u00a0\u00abJe veux affronter le Real et Man City en Ligue des champions. Aussi, je souhaite affronter mon ancienne \u00e9quipe de Rennes dans cette [&hellip;]<\/p>\n","protected":false},"author":1738,"featured_media":98440,"comment_status":"closed","ping_status":"closed","sticky":false,"template":"","format":"standard","meta":{"fifu_image_url":"","fifu_image_alt":"","footnotes":""},"categories":[53,75],"tags":[],"class_list":["post-98439","post","type-post","status-publish","format-standard","has-post-thumbnail","hentry","category-algerie","category-sport"],"_links":{"self":[{"href":"https:\/\/linitiative.ca\/International\/wp-json\/wp\/v2\/posts\/98439","targetHints":{"allow":["GET"]}}],"collection":[{"href":"https:\/\/linitiative.ca\/International\/wp-json\/wp\/v2\/posts"}],"about":[{"href":"https:\/\/linitiative.ca\/International\/wp-json\/wp\/v2\/types\/post"}],"author":[{"embeddable":true,"href":"https:\/\/linitiative.ca\/International\/wp-json\/wp\/v2\/users\/1738"}],"replies":[{"embeddable":true,"href":"https:\/\/linitiative.ca\/International\/wp-json\/wp\/v2\/comments?post=98439"}],"version-history":[{"count":0,"href":"https:\/\/linitiative.ca\/International\/wp-json\/wp\/v2\/posts\/98439\/revisions"}],"wp:featuredmedia":[{"embeddable":true,"href":"https:\/\/linitiative.ca\/International\/wp-json\/"}],"wp:attachment":[{"href":"https:\/\/linitiative.ca\/International\/wp-json\/wp\/v2\/media?parent=98439"}],"wp:term":[{"taxonomy":"category","embeddable":true,"href":"https:\/\/linitiative.ca\/International\/wp-json\/wp\/v2\/categories?post=98439"},{"taxonomy":"post_tag","embeddable":true,"href":"https:\/\/linitiative.ca\/International\/wp-json\/wp\/v2\/tags?post=98439"}],"curies":[{"name":"wp","href":"https:\/\/api.w.org\/{rel}","templated":true}]}}