{"id":98441,"date":"2020-09-10T15:13:20","date_gmt":"2020-09-10T19:13:20","guid":{"rendered":"https:\/\/linitiative.ca\/International\/pros-ogc-nice-atal-de-retour-pour-affronter-montpellier\/"},"modified":"2020-09-10T15:13:20","modified_gmt":"2020-09-10T19:13:20","slug":"pros-ogc-nice-atal-de-retour-pour-affronter-montpellier","status":"publish","type":"post","link":"https:\/\/linitiative.ca\/International\/pros-ogc-nice-atal-de-retour-pour-affronter-montpellier\/","title":{"rendered":"Pros : OGC Nice: Atal de retour pour affronter Montpellier"},"content":{"rendered":"<div readability=\"32\">\n<p>Auteur : <span class=\"time\">jeudi 10 septembre 2020 14:20<\/span><\/p>\n<\/div>\n<div id=\"post_core\" readability=\"45\">\n<p>Face \u00e0 Montpellier samedi, Nice tentera de remporter son troisi\u00e8me succ\u00e8s de la saison, apr\u00e8s s&rsquo;\u00eatre d\u00e9fait de Lens et de Strasbourg lors des deux premi\u00e8res journ\u00e9es de Ligue 1. A deux jours de la rencontre, le coach Patrick Vieira a fait un point sur l&rsquo;infirmerie et les joueurs qui pourraient \u00eatre absents ou pr\u00e9sents pour disputer ce match. Il a ainsi annonc\u00e9 que Youcef Atal, qui avait manqu\u00e9 le d\u00e9but de la saison suite \u00e0 une blessure aux ischios, est de retour dans le groupe. L&rsquo;international alg\u00e9rien \u00ab\u00a0s&rsquo;est entra\u00een\u00e9 toute la semaine avec l&rsquo;\u00e9quipe\u00a0\u00bb selon les dires de son entra\u00eeneur. Si Patrick Vieira peut compter sur le retour de Youcef Atal, il pourrait cependant se passer d&rsquo;Amine Gouiri, qui avait brill\u00e9 lors de sa premi\u00e8re titularisation de la saison en inscrivant un doubl\u00e9 contre Lens. L&rsquo;ailier, qui a particip\u00e9 aux matchs de l&rsquo;\u00e9quipe de France Espoirs, est revenu avec des douleurs \u00ab\u00a0au niveau du dos et de la cuisse\u00a0\u00bb, confirmant qu&rsquo;il n&rsquo;\u00e9tait \u00ab\u00a0pas \u00e0 100%\u00a0\u00bb. Une absence qui pourrait donc peser au sein de l&rsquo;attaque ni\u00e7oise samedi rapporte Onzemondial.com.<\/p>\n<p><strong>Publi\u00e9 dans :<\/strong> <span>Atal<\/span><\/p>\n<\/div>\n<p>Auteur:<br \/>\n<a href=\"http:\/\/www.lebuteur.com\/article\/detail?titre=ogc-nice-atal-de-retour-pour-affronter-montpellier&#038;id=97217&#038;utm_source=feedburner&#038;utm_medium=feed&#038;utm_campaign=Feed%3A+GalerieFArtciles+%28Les+derniers+articles++-+lebuteur.com%29\">Cliquez ici pour lire l&rsquo;article depuis sa source.<\/a><\/p>\n","protected":false},"excerpt":{"rendered":"<p>Auteur : jeudi 10 septembre 2020 14:20 Face \u00e0 Montpellier samedi, Nice tentera de remporter son troisi\u00e8me succ\u00e8s de la saison, apr\u00e8s s&rsquo;\u00eatre d\u00e9fait de Lens et de Strasbourg lors des deux premi\u00e8res journ\u00e9es de Ligue 1. A deux jours de la rencontre, le coach Patrick Vieira a fait un point sur l&rsquo;infirmerie et les [&hellip;]<\/p>\n","protected":false},"author":1738,"featured_media":98442,"comment_status":"closed","ping_status":"closed","sticky":false,"template":"","format":"standard","meta":{"fifu_image_url":"","fifu_image_alt":"","footnotes":""},"categories":[53,75],"tags":[],"class_list":["post-98441","post","type-post","status-publish","format-standard","has-post-thumbnail","hentry","category-algerie","category-sport"],"_links":{"self":[{"href":"https:\/\/linitiative.ca\/International\/wp-json\/wp\/v2\/posts\/98441","targetHints":{"allow":["GET"]}}],"collection":[{"href":"https:\/\/linitiative.ca\/International\/wp-json\/wp\/v2\/posts"}],"about":[{"href":"https:\/\/linitiative.ca\/International\/wp-json\/wp\/v2\/types\/post"}],"author":[{"embeddable":true,"href":"https:\/\/linitiative.ca\/International\/wp-json\/wp\/v2\/users\/1738"}],"replies":[{"embeddable":true,"href":"https:\/\/linitiative.ca\/International\/wp-json\/wp\/v2\/comments?post=98441"}],"version-history":[{"count":0,"href":"https:\/\/linitiative.ca\/International\/wp-json\/wp\/v2\/posts\/98441\/revisions"}],"wp:featuredmedia":[{"embeddable":true,"href":"https:\/\/linitiative.ca\/International\/wp-json\/"}],"wp:attachment":[{"href":"https:\/\/linitiative.ca\/International\/wp-json\/wp\/v2\/media?parent=98441"}],"wp:term":[{"taxonomy":"category","embeddable":true,"href":"https:\/\/linitiative.ca\/International\/wp-json\/wp\/v2\/categories?post=98441"},{"taxonomy":"post_tag","embeddable":true,"href":"https:\/\/linitiative.ca\/International\/wp-json\/wp\/v2\/tags?post=98441"}],"curies":[{"name":"wp","href":"https:\/\/api.w.org\/{rel}","templated":true}]}}