{"id":98443,"date":"2020-09-10T15:13:23","date_gmt":"2020-09-10T19:13:23","guid":{"rendered":"https:\/\/linitiative.ca\/International\/pros-nice-vieira-donne-des-nouvelles-de-hicham-boudaoui\/"},"modified":"2020-09-10T15:13:23","modified_gmt":"2020-09-10T19:13:23","slug":"pros-nice-vieira-donne-des-nouvelles-de-hicham-boudaoui","status":"publish","type":"post","link":"https:\/\/linitiative.ca\/International\/pros-nice-vieira-donne-des-nouvelles-de-hicham-boudaoui\/","title":{"rendered":"Pros : Nice : Vieira donne des nouvelles de Hicham Boudaoui"},"content":{"rendered":"<div readability=\"32\">\n<p>Auteur : <span class=\"time\">jeudi 10 septembre 2020 16:04<\/span><\/p>\n<\/div>\n<div id=\"post_core\" readability=\"41\">\n<p>A deux jours du d\u00e9placement de Nice \u00e0 Montpellier, l&rsquo;entraineur Patrick Vieira a donn\u00e9 des nouvelles de l&rsquo;international alg\u00e9rien :<\/p>\n<p>\u00ab\u00a0Hicham Boudaoui a repris la course, \u00e7a va mieux. Mais il est encore en entra\u00eenement individuel. On \u00e9value chaque jour, chaque semaine, mais il est trop t\u00f4t pour reprendre en ce qui le concerne. \u00ab\u00a0<\/p>\n<p><strong>Publi\u00e9 dans :<\/strong> <span>Nice<\/span><\/p>\n<\/div>\n<p>Auteur:<br \/>\n<a href=\"http:\/\/www.lebuteur.com\/article\/detail?titre=nice-vieira-donne-des-nouvelles-de-hicham-boudaoui&#038;id=97218&#038;utm_source=feedburner&#038;utm_medium=feed&#038;utm_campaign=Feed%3A+GalerieFArtciles+%28Les+derniers+articles++-+lebuteur.com%29\">Cliquez ici pour lire l&rsquo;article depuis sa source.<\/a><\/p>\n","protected":false},"excerpt":{"rendered":"<p>Auteur : jeudi 10 septembre 2020 16:04 A deux jours du d\u00e9placement de Nice \u00e0 Montpellier, l&rsquo;entraineur Patrick Vieira a donn\u00e9 des nouvelles de l&rsquo;international alg\u00e9rien : \u00ab\u00a0Hicham Boudaoui a repris la course, \u00e7a va mieux. Mais il est encore en entra\u00eenement individuel. On \u00e9value chaque jour, chaque semaine, mais il est trop t\u00f4t pour [&hellip;]<\/p>\n","protected":false},"author":1738,"featured_media":98444,"comment_status":"closed","ping_status":"closed","sticky":false,"template":"","format":"standard","meta":{"fifu_image_url":"","fifu_image_alt":"","footnotes":""},"categories":[53,75],"tags":[],"class_list":["post-98443","post","type-post","status-publish","format-standard","has-post-thumbnail","hentry","category-algerie","category-sport"],"_links":{"self":[{"href":"https:\/\/linitiative.ca\/International\/wp-json\/wp\/v2\/posts\/98443","targetHints":{"allow":["GET"]}}],"collection":[{"href":"https:\/\/linitiative.ca\/International\/wp-json\/wp\/v2\/posts"}],"about":[{"href":"https:\/\/linitiative.ca\/International\/wp-json\/wp\/v2\/types\/post"}],"author":[{"embeddable":true,"href":"https:\/\/linitiative.ca\/International\/wp-json\/wp\/v2\/users\/1738"}],"replies":[{"embeddable":true,"href":"https:\/\/linitiative.ca\/International\/wp-json\/wp\/v2\/comments?post=98443"}],"version-history":[{"count":0,"href":"https:\/\/linitiative.ca\/International\/wp-json\/wp\/v2\/posts\/98443\/revisions"}],"wp:featuredmedia":[{"embeddable":true,"href":"https:\/\/linitiative.ca\/International\/wp-json\/"}],"wp:attachment":[{"href":"https:\/\/linitiative.ca\/International\/wp-json\/wp\/v2\/media?parent=98443"}],"wp:term":[{"taxonomy":"category","embeddable":true,"href":"https:\/\/linitiative.ca\/International\/wp-json\/wp\/v2\/categories?post=98443"},{"taxonomy":"post_tag","embeddable":true,"href":"https:\/\/linitiative.ca\/International\/wp-json\/wp\/v2\/tags?post=98443"}],"curies":[{"name":"wp","href":"https:\/\/api.w.org\/{rel}","templated":true}]}}