{"id":98449,"date":"2020-09-09T20:00:00","date_gmt":"2020-09-10T00:00:00","guid":{"rendered":"https:\/\/linitiative.ca\/International\/les-groupes-parlementaires-de-lapn-un-document-referentiel-pour-ledification-de-la-nouvelle-republique\/"},"modified":"2020-09-09T20:00:00","modified_gmt":"2020-09-10T00:00:00","slug":"les-groupes-parlementaires-de-lapn-un-document-referentiel-pour-ledification-de-la-nouvelle-republique","status":"publish","type":"post","link":"https:\/\/linitiative.ca\/International\/les-groupes-parlementaires-de-lapn-un-document-referentiel-pour-ledification-de-la-nouvelle-republique\/","title":{"rendered":"Les Groupes parlementaires de l\u2019APN :  \u00abUn document r\u00e9f\u00e9rentiel pour l\u2019\u00e9dification de la nouvelle R\u00e9publique\u00bb"},"content":{"rendered":"<p>Les groupes parlementaires de l&rsquo;Assembl\u00e9e populaire nationale (APN) ont salu\u00e9 le projet de r\u00e9vision constitutionnelle, le qualifiant de \u00abdocument r\u00e9f\u00e9rentiel\u00bb pour l&rsquo;\u00e9dification des contours de \u00abla nouvelle R\u00e9publique\u00bb. Le d\u00e9bat autour du projet de r\u00e9vision constitutionnelle s&rsquo;est poursuivi, hier, au niveau de la commission des Affaires juridiques, administratives et des libert\u00e9s de l&rsquo;APN, en pr\u00e9sence de M. Slimane Chenine, pr\u00e9sident de l&rsquo;APN, d\u2019Abdelaziz Djerad, Premier ministre, de Belkacem Zeghmati, ministre de la Justice, Garde des sceaux, de Basma Azouar, ministre des Relations avec le Parlement, et d\u2019Ahmed Laraba, pr\u00e9sident du Comit\u00e9 d&rsquo;experts, charg\u00e9 de la r\u00e9vision constitutionnelle. Le pr\u00e9sident du groupe parlementaire du Front El-Moustakbal, Belghouti El-Hadj, s&rsquo;est f\u00e9licit\u00e9 du contenu du projet de r\u00e9vision constitutionnelle, qui a pr\u00e9vu, notamment, la constitutionnalisation de la D\u00e9claration du 1er Novembre 1954, exprimant l&rsquo;appui de son parti \u00e0 ce projet, particuli\u00e8rement le volet relatif aux libert\u00e9s et \u00e0 la libert\u00e9 de la presse, et l&rsquo;encouragement de la soci\u00e9t\u00e9 civile \u00e0 participer \u00e0 la vie publique. Le pr\u00e9sident du groupe parlementaire du Parti des travailleurs (PT), Mounir Nasri, a estim\u00e9 que le projet de r\u00e9vision de la Constitution constitue \u00abla pierre angulaire pour aller vers l&rsquo;Alg\u00e9rie nouvelle\u00bb, indiquant qu&rsquo;il (projet) \u00absatisfait aux exigences d&rsquo;un \u00c9tat moderne et aux revendications du hirak populaire b\u00e9ni\u00bb. Ce projet, poursuit M. Nasri, a \u00e9t\u00e9 d\u00e9battu pendant quatre mois par \u00abtoutes les tendances politiques, les associations, les \u00e9lites et les personnalit\u00e9s nationales\u00bb. Quant au pr\u00e9sident du groupe parlementaire du parti Front de lib\u00e9ration nationale (FLN), Khaled Bouriyah, il a relev\u00e9 que le projet de r\u00e9vision constitue \u00abun document r\u00e9f\u00e9rentiel\u00bb pour construire les contours de \u00abla nouvelle R\u00e9publique\u00bb, soulignant que ce projet \u00abaura l&rsquo;appui et le pl\u00e9biscite tant qu&rsquo;il ne s&rsquo;\u00e9carte pas de la dimension nationale novembriste\u00bb. Il a pr\u00e9cis\u00e9, \u00e0 ce propos,\u00a0 que \u00able dernier mot\u00bb reviendra au peuple, le 1er novembre, et que le groupe parlementaire du FLN, convaincu de ce projet, \u00abvotera par oui\u00bb.<br \/>Abordant le m\u00eame sujet, le pr\u00e9sident du groupe parlementaire de l&rsquo;Union Nahda-Adala-Bina a mis en avant la n\u00e9cessit\u00e9 \u00abd&rsquo;\u00e9laborer la Constitution de mani\u00e8re consensuelle entre les diff\u00e9rentes composantes de la soci\u00e9t\u00e9, en conformit\u00e9 avec les sacrifices, l\u2019histoire du peuple et au mieux de ses aspirations l\u00e9gitimes\u00bb.<br \/>Pour M. Nadji, la lutte contre la corruption, \u00e0 laquelle la r\u00e9vision constitutionnelle a consacr\u00e9 un important volet, confirme \u00abl&rsquo;ampleur de ce ph\u00e9nom\u00e8ne qui ronge les potentialit\u00e9s du pays\u00bb. Dans le m\u00eame sillage, le pr\u00e9sident du groupe parlementaire du Rassemblement national d\u00e9mocratique (RND), Mohammed Guidji, a qualifi\u00e9 le projet portant r\u00e9vision de la Constitution d&rsquo;\u00ab\u00e9tape charni\u00e8re dans notre histoire politique\u00bb, compte tenu de sa \u00abvaleur politique qui d\u00e9note le respect par le pr\u00e9sident de la R\u00e9publique, Abdelmadjid Tebboune, de ses engagements \u00e9lectoraux, en r\u00e9ponse aux aspirations des citoyens, pour revoir l&rsquo;architecture du syst\u00e8me politique, moraliser la vie publique, lutter contre la corruption, promouvoir la performance des entreprises et garantir le respect des droits des citoyens\u00bb. De son c\u00f4t\u00e9, le pr\u00e9sident du groupe parlementaire du Mouvement de la soci\u00e9t\u00e9 pour la paix (MSP), Mehdi Zentout, a indiqu\u00e9 que l&rsquo;amendement constitutionnel permettra au pays d&rsquo;\u00aboccuper la place qui est sienne parmi les nations\u00bb, ajoutant que pour ce faire, il est important d&rsquo;op\u00e9rer une \u00abs\u00e9paration des pouvoirs, \u00e0 la faveur de la bonne gouvernance et du respect des normes internationales de gouvernance qu&rsquo;il convient de consacrer au sein d&rsquo;institutions l\u00e9gales, parall\u00e8lement \u00e0 la lutte contre toute forme d\u2019exclusion, notamment \u00e9lectorale\u00bb. \u00abL&rsquo;exemplarit\u00e9 des lois et constitutions ne saurait constituer, \u00e0 elle seule, un garant de la stabilit\u00e9 et de la relance \u00e9conomique, s&rsquo;il n&rsquo;y a pas une v\u00e9ritable volont\u00e9 politique et du respect de la volont\u00e9 populaire\u00bb, a-t-il ajout\u00e9.<br \/>Le repr\u00e9sentant du groupe parlementaire de Tajamou\u2019e Amal El-Jaza\u00efr (TAJ), s&rsquo;est f\u00e9licit\u00e9 du contenu du texte, pr\u00e9cisant que \u00abla Constitution consensuelle garantit l&rsquo;int\u00e9r\u00eat national, les droits, les libert\u00e9s et la stabilit\u00e9 du pays\u00bb.<br \/>La repr\u00e9sentante du groupe des ind\u00e9pendants, Habiba Zeddam, a salu\u00e9 les dispositions du projet de r\u00e9vision de la Constitution qui consacre les droits fondamentaux et les libert\u00e9s g\u00e9n\u00e9rales, et assure une s\u00e9paration des pouvoirs, citant les deux concepts de \u00abmajorit\u00e9 parlementaire et de majorit\u00e9 pr\u00e9sidentielle\u00bb, le concept de majorit\u00e9 \u00e9tant \u00abrelatif et variable\u00bb.<\/p>\n<p>Auteur: elmoudjahid<br \/>\n<a href=\"http:\/\/www.elmoudjahid.com\/fr\/actualites\/159297\">Cliquez ici pour lire l&rsquo;article depuis sa source.<\/a><\/p>\n","protected":false},"excerpt":{"rendered":"<p>Les groupes parlementaires de l&rsquo;Assembl\u00e9e populaire nationale (APN) ont salu\u00e9 le projet de r\u00e9vision constitutionnelle, le qualifiant de \u00abdocument r\u00e9f\u00e9rentiel\u00bb pour l&rsquo;\u00e9dification des contours de \u00abla nouvelle R\u00e9publique\u00bb. Le d\u00e9bat autour du projet de r\u00e9vision constitutionnelle s&rsquo;est poursuivi, hier, au niveau de la commission des Affaires juridiques, administratives et des libert\u00e9s de l&rsquo;APN, en pr\u00e9sence [&hellip;]<\/p>\n","protected":false},"author":1744,"featured_media":0,"comment_status":"closed","ping_status":"closed","sticky":false,"template":"","format":"standard","meta":{"fifu_image_url":"","fifu_image_alt":"","footnotes":""},"categories":[73,53],"tags":[],"class_list":["post-98449","post","type-post","status-publish","format-standard","hentry","category-actualite","category-algerie"],"_links":{"self":[{"href":"https:\/\/linitiative.ca\/International\/wp-json\/wp\/v2\/posts\/98449","targetHints":{"allow":["GET"]}}],"collection":[{"href":"https:\/\/linitiative.ca\/International\/wp-json\/wp\/v2\/posts"}],"about":[{"href":"https:\/\/linitiative.ca\/International\/wp-json\/wp\/v2\/types\/post"}],"author":[{"embeddable":true,"href":"https:\/\/linitiative.ca\/International\/wp-json\/wp\/v2\/users\/1744"}],"replies":[{"embeddable":true,"href":"https:\/\/linitiative.ca\/International\/wp-json\/wp\/v2\/comments?post=98449"}],"version-history":[{"count":0,"href":"https:\/\/linitiative.ca\/International\/wp-json\/wp\/v2\/posts\/98449\/revisions"}],"wp:attachment":[{"href":"https:\/\/linitiative.ca\/International\/wp-json\/wp\/v2\/media?parent=98449"}],"wp:term":[{"taxonomy":"category","embeddable":true,"href":"https:\/\/linitiative.ca\/International\/wp-json\/wp\/v2\/categories?post=98449"},{"taxonomy":"post_tag","embeddable":true,"href":"https:\/\/linitiative.ca\/International\/wp-json\/wp\/v2\/tags?post=98449"}],"curies":[{"name":"wp","href":"https:\/\/api.w.org\/{rel}","templated":true}]}}