{"id":98450,"date":"2020-09-10T10:26:38","date_gmt":"2020-09-10T14:26:38","guid":{"rendered":"https:\/\/linitiative.ca\/International\/109552-ag-ordinaire-de-la-federation-de-lutte-adoption-des-bilans-moral-et-financier-de-l-exercice-2019\/"},"modified":"2020-09-10T10:26:38","modified_gmt":"2020-09-10T14:26:38","slug":"109552-ag-ordinaire-de-la-federation-de-lutte-adoption-des-bilans-moral-et-financier-de-l-exercice-2019","status":"publish","type":"post","link":"https:\/\/linitiative.ca\/International\/109552-ag-ordinaire-de-la-federation-de-lutte-adoption-des-bilans-moral-et-financier-de-l-exercice-2019\/","title":{"rendered":"AG ordinaire de la F\u00e9d\u00e9ration de lutte: adoption des bilans moral et financier de 2019"},"content":{"rendered":"<p><span class=\"sp-nh-title\">Libye: la r\u00e9union de Montreux annonce une phase pr\u00e9paratoire \u00e0 la solution globale<\/span> &#8211; <span class=\"sp-nh-date\">jeudi 10 septembre 2020 19:55<\/span><\/p>\n<p><span class=\"sp-nh-title\">Justice: 4.647 d\u00e9tenus candidats \u00e0 l&rsquo;examen du Baccalaur\u00e9at<\/span> &#8211; <span class=\"sp-nh-date\">jeudi 10 septembre 2020 19:54<\/span><\/p>\n<p><span class=\"sp-nh-title\">R\u00e9vision constitutionnelle : Goudjil pr\u00e9side une r\u00e9union du Bureau du Conseil de la nation<\/span> &#8211; <span class=\"sp-nh-date\">jeudi 10 septembre 2020 19:49<\/span><\/p>\n<p><span class=\"sp-nh-title\">Covid-19 : un protocole sanitaire pour l&rsquo;organisation du r\u00e9f\u00e9rendum sur la r\u00e9vision de la Constitution<\/span> &#8211; <span class=\"sp-nh-date\">jeudi 10 septembre 2020 19:44<\/span><\/p>\n<p><span class=\"sp-nh-title\">Proc\u00e8s de Ould Abbes et Barakat: audition des coaccus\u00e9s, r\u00e9quisitoire du parquet<\/span> &#8211; <span class=\"sp-nh-date\">jeudi 10 septembre 2020 19:26<\/span><\/p>\n<p><span class=\"sp-nh-title\">R\u00e9vision de la Constitution : un jalon pour l&rsquo;\u00e9dification de la Nouvelle R\u00e9publique<\/span> &#8211; <span class=\"sp-nh-date\">jeudi 10 septembre 2020 19:18<\/span><\/p>\n<p><span class=\"sp-nh-title\">Rencontre de concertation pour acc\u00e9l\u00e9rer la num\u00e9risation dans les instances publiques<\/span> &#8211; <span class=\"sp-nh-date\">jeudi 10 septembre 2020 19:11<\/span><\/p>\n<p><span class=\"sp-nh-title\">Oran: mort massive des poissons du lac Oum Ghelaz pour la deuxi\u00e8me fois<\/span> &#8211; <span class=\"sp-nh-date\">jeudi 10 septembre 2020 19:06<\/span><\/p>\n<p><span class=\"sp-nh-title\">Sahara occidental: l&rsquo;ONU doit fixer une date pour le r\u00e9f\u00e9rendum d&rsquo;autod\u00e9termination<\/span> &#8211; <span class=\"sp-nh-date\">jeudi 10 septembre 2020 18:54<\/span><\/p>\n<p><span class=\"sp-nh-title\">Cameroun: 200 millions de dollars de la Banque mondiale pour les services d&rsquo;irrigation<\/span> &#8211; <span class=\"sp-nh-date\">jeudi 10 septembre 2020 18:48<\/span><\/p>\n<p><span class=\"sp-nh-title\">Fuite de l&rsquo;ol\u00e9oduc OK1 \u00e0 El Oued: la commission du minist\u00e8re de l&rsquo;Agriculture poursuit l&rsquo;\u00e9valuation des d\u00e9g\u00e2ts<\/span> &#8211; <span class=\"sp-nh-date\">jeudi 10 septembre 2020 18:44<\/span><\/p>\n<p><span class=\"sp-nh-title\">Un large d\u00e9bat sur le projet de r\u00e9vision constitutionnelle \u00e0 partir du 16 septembre<\/span> &#8211; <span class=\"sp-nh-date\">jeudi 10 septembre 2020 18:27<\/span><\/p>\n<p><span class=\"sp-nh-title\">Ouverture graduelle des salles de sports priv\u00e9es le 15 septembre<\/span> &#8211; <span class=\"sp-nh-date\">jeudi 10 septembre 2020 18:26<\/span><\/p>\n<p><span class=\"sp-nh-title\">Institut Cervant\u00e8s lance un cours de traduction de BD de l&rsquo;Arabe vers l&rsquo;Espagnol<\/span> &#8211; <span class=\"sp-nh-date\">jeudi 10 septembre 2020 18:17<\/span><\/p>\n<p><span class=\"sp-nh-title\">Football: d\u00e9but du championnat d&rsquo;Alg\u00e9rie de Ligue 1 le 20 novembre<\/span> &#8211; <span class=\"sp-nh-date\">jeudi 10 septembre 2020 18:10<\/span><\/p>\n<p><span class=\"sp-nh-title\">ANIE: renforcer la notion de r\u00e9gularit\u00e9 des \u00e9lections<\/span> &#8211; <span class=\"sp-nh-date\">jeudi 10 septembre 2020 18:00<\/span><\/p>\n<p><span class=\"sp-nh-title\">Ghali : les Sahraouis d\u00e9termin\u00e9s \u00e0 d\u00e9fendre leurs droits l\u00e9gitimes<\/span> &#8211; <span class=\"sp-nh-date\">jeudi 10 septembre 2020 17:49<\/span><\/p>\n<p><span class=\"sp-nh-title\">La r\u00e9vision constitutionnelle traduit la volont\u00e9 du pr\u00e9sident de r\u00e9pondre aux aspirations du peuple<\/span> &#8211; <span class=\"sp-nh-date\">jeudi 10 septembre 2020 17:29<\/span><\/p>\n<p><span class=\"sp-nh-title\">Lutte contre le Coronavirus: Don d&rsquo;AT au profit de la Pharmacie centrale des h\u00f4pitaux<\/span> &#8211; <span class=\"sp-nh-date\">jeudi 10 septembre 2020 17:14<\/span><\/p>\n<p><span class=\"sp-nh-title\">Le Projet de la r\u00e9vision constitutionnelle vendredi devant la Commission juridique<\/span> &#8211; <span class=\"sp-nh-date\">jeudi 10 septembre 2020 17:02<\/span><\/p>\n<p>Auteur:<br \/>\n<a href=\"http:\/\/www.aps.dz\/sport\/109552-ag-ordinaire-de-la-federation-de-lutte-adoption-des-bilans-moral-et-financier-de-l-exercice-2019?utm_source=feedburner&#038;utm_medium=feed&#038;utm_campaign=Feed%3A+aps-sport+%28APS+-+SPORT%29\">Cliquez ici pour lire l&rsquo;article depuis sa source.<\/a><\/p>\n","protected":false},"excerpt":{"rendered":"<p>Libye: la r\u00e9union de Montreux annonce une phase pr\u00e9paratoire \u00e0 la solution globale &#8211; jeudi 10 septembre 2020 19:55 Justice: 4.647 d\u00e9tenus candidats \u00e0 l&rsquo;examen du Baccalaur\u00e9at &#8211; jeudi 10 septembre 2020 19:54 R\u00e9vision constitutionnelle : Goudjil pr\u00e9side une r\u00e9union du Bureau du Conseil de la nation &#8211; jeudi 10 septembre 2020 19:49 Covid-19 : [&hellip;]<\/p>\n","protected":false},"author":1790,"featured_media":0,"comment_status":"closed","ping_status":"closed","sticky":false,"template":"","format":"standard","meta":{"fifu_image_url":"","fifu_image_alt":"","footnotes":""},"categories":[53,75],"tags":[],"class_list":["post-98450","post","type-post","status-publish","format-standard","hentry","category-algerie","category-sport"],"_links":{"self":[{"href":"https:\/\/linitiative.ca\/International\/wp-json\/wp\/v2\/posts\/98450","targetHints":{"allow":["GET"]}}],"collection":[{"href":"https:\/\/linitiative.ca\/International\/wp-json\/wp\/v2\/posts"}],"about":[{"href":"https:\/\/linitiative.ca\/International\/wp-json\/wp\/v2\/types\/post"}],"author":[{"embeddable":true,"href":"https:\/\/linitiative.ca\/International\/wp-json\/wp\/v2\/users\/1790"}],"replies":[{"embeddable":true,"href":"https:\/\/linitiative.ca\/International\/wp-json\/wp\/v2\/comments?post=98450"}],"version-history":[{"count":0,"href":"https:\/\/linitiative.ca\/International\/wp-json\/wp\/v2\/posts\/98450\/revisions"}],"wp:attachment":[{"href":"https:\/\/linitiative.ca\/International\/wp-json\/wp\/v2\/media?parent=98450"}],"wp:term":[{"taxonomy":"category","embeddable":true,"href":"https:\/\/linitiative.ca\/International\/wp-json\/wp\/v2\/categories?post=98450"},{"taxonomy":"post_tag","embeddable":true,"href":"https:\/\/linitiative.ca\/International\/wp-json\/wp\/v2\/tags?post=98450"}],"curies":[{"name":"wp","href":"https:\/\/api.w.org\/{rel}","templated":true}]}}