{"id":98453,"date":"2020-09-10T13:26:22","date_gmt":"2020-09-10T17:26:22","guid":{"rendered":"https:\/\/linitiative.ca\/International\/109570-ouverture-graduelle-des-salles-de-sports-privees-le-15-septembre\/"},"modified":"2020-09-10T13:26:22","modified_gmt":"2020-09-10T17:26:22","slug":"109570-ouverture-graduelle-des-salles-de-sports-privees-le-15-septembre","status":"publish","type":"post","link":"https:\/\/linitiative.ca\/International\/109570-ouverture-graduelle-des-salles-de-sports-privees-le-15-septembre\/","title":{"rendered":"Ouverture graduelle des salles de sports priv\u00e9es le 15 septembre"},"content":{"rendered":"<div readability=\"34\">\n<p><strong>ALGER- L&rsquo;ouverture graduelle et sous conditions strictes des salles de sports priv\u00e9es aura lieu le mardi 15 septembre, indique jeudi un communiqu\u00e9 du minist\u00e8re de la Jeunesse et des Sports (MJS).<\/strong><\/p>\n<\/div>\n<div readability=\"68.5\">\n<p>\u00ab\u00a0Toute personne d\u00e9sireuse de prendre part \u00e0 une activit\u00e9 sportive devra se soumettre \u00e0 un examen m\u00e9dical, \u00e0 l&rsquo;issue duquel un certificat m\u00e9dical de non-contre-indication \u00e0 la pratique lui sera d\u00e9livr\u00e9. Un adh\u00e9rent ou personne s&rsquo;av\u00e9rant atteinte, doivent \u00eatres signal\u00e9s au g\u00e9rant de la salle, tout en s&rsquo;engageant \u00e0 ne pas se pr\u00e9senter aux s\u00e9ances.\u00a0\u00bb, pr\u00e9cise le MJS .<\/p>\n<p>Parmi les conditions requises pour la reprise des entra\u00eenements : la superficie des salles doit \u00eatre de 160 m2 au minimum (la capacit\u00e9 d\u2019accueil de 10 personnes pour une telle surface), disposant obligatoirement d\u2019une a\u00e9ration naturelle efficiente (grande fen\u00eatres ouvrantes), alors que les salles dont les locaux sont en entresol ou en sous-sol ne sont pas concern\u00e9es par la reprise.<\/p>\n<p>Les sanitaires doivent ob\u00e9ir \u00e0 des r\u00e8gles strictes de d\u00e9sinfection et de nettoyage, le port du masque grand public obligatoire pour tous, strict respect des mesures de distanciation physiques et sociales (accolades et embrassades interdites), protection de la r\u00e9ception par du plexiglas, gestion des goulots d&rsquo;\u00e9tranglement et prise de la temp\u00e9rature corporelle avant l&rsquo;entr\u00e9e \u00e0 la salle.Par ailleurs, l&rsquo;ouverture des piscines et milieux aquatiques (bains \u00e0 remous, SPA, massage au jet) sont interdits de cette reprise.<\/p>\n<blockquote readability=\"14\">\n<p><em><strong>De son c\u00f4t\u00e9, le coach devra s&rsquo;\u00e9quiper d\u2019un mat\u00e9riel de protection (masque et visi\u00e8re) et se tenir \u00e0 distance des adh\u00e9rents, notamment lors des d\u00e9monstrations ou correction de posture (distanciation de 3 m\u00e8tres entre chaque appareil, en disposition lin\u00e9aire, distanciation entre les adh\u00e9rents de fa\u00e7on \u00e0 ce que chaque sportif ait une surface de 16 m 2 en dynamique (step, fitness,&#8230; ).<\/strong><\/em><\/p>\n<\/blockquote>\n<p>En raison de la situation sanitaire et \u00e9pid\u00e9miologique actuelle, la pratique du sport chez les sujets jeunes de moins de seize (16)\u00a0 ans est actuellement interdite ainsi que les sports de combat dans leur forme conventionnelle.<\/p>\n<\/div>\n<p>Auteur:<br \/>\n<a href=\"http:\/\/www.aps.dz\/sport\/109570-ouverture-graduelle-des-salles-de-sports-privees-le-15-septembre?utm_source=feedburner&#038;utm_medium=feed&#038;utm_campaign=Feed%3A+aps-sport+%28APS+-+SPORT%29\">Cliquez ici pour lire l&rsquo;article depuis sa source.<\/a><\/p>\n","protected":false},"excerpt":{"rendered":"<p>ALGER- L&rsquo;ouverture graduelle et sous conditions strictes des salles de sports priv\u00e9es aura lieu le mardi 15 septembre, indique jeudi un communiqu\u00e9 du minist\u00e8re de la Jeunesse et des Sports (MJS). \u00ab\u00a0Toute personne d\u00e9sireuse de prendre part \u00e0 une activit\u00e9 sportive devra se soumettre \u00e0 un examen m\u00e9dical, \u00e0 l&rsquo;issue duquel un certificat m\u00e9dical de [&hellip;]<\/p>\n","protected":false},"author":1790,"featured_media":0,"comment_status":"closed","ping_status":"closed","sticky":false,"template":"","format":"standard","meta":{"fifu_image_url":"","fifu_image_alt":"","footnotes":""},"categories":[53,75],"tags":[],"class_list":["post-98453","post","type-post","status-publish","format-standard","hentry","category-algerie","category-sport"],"_links":{"self":[{"href":"https:\/\/linitiative.ca\/International\/wp-json\/wp\/v2\/posts\/98453","targetHints":{"allow":["GET"]}}],"collection":[{"href":"https:\/\/linitiative.ca\/International\/wp-json\/wp\/v2\/posts"}],"about":[{"href":"https:\/\/linitiative.ca\/International\/wp-json\/wp\/v2\/types\/post"}],"author":[{"embeddable":true,"href":"https:\/\/linitiative.ca\/International\/wp-json\/wp\/v2\/users\/1790"}],"replies":[{"embeddable":true,"href":"https:\/\/linitiative.ca\/International\/wp-json\/wp\/v2\/comments?post=98453"}],"version-history":[{"count":0,"href":"https:\/\/linitiative.ca\/International\/wp-json\/wp\/v2\/posts\/98453\/revisions"}],"wp:attachment":[{"href":"https:\/\/linitiative.ca\/International\/wp-json\/wp\/v2\/media?parent=98453"}],"wp:term":[{"taxonomy":"category","embeddable":true,"href":"https:\/\/linitiative.ca\/International\/wp-json\/wp\/v2\/categories?post=98453"},{"taxonomy":"post_tag","embeddable":true,"href":"https:\/\/linitiative.ca\/International\/wp-json\/wp\/v2\/tags?post=98453"}],"curies":[{"name":"wp","href":"https:\/\/api.w.org\/{rel}","templated":true}]}}