{"id":98456,"date":"2020-09-10T06:35:30","date_gmt":"2020-09-10T10:35:30","guid":{"rendered":"https:\/\/linitiative.ca\/International\/sabri-boukadoum-ministre-des-affaires-etrangeres-a-france-24-nous-souhaitons-les-meilleures-relations-possibles-avec-la-france\/"},"modified":"2020-09-10T06:35:30","modified_gmt":"2020-09-10T10:35:30","slug":"sabri-boukadoum-ministre-des-affaires-etrangeres-a-france-24-nous-souhaitons-les-meilleures-relations-possibles-avec-la-france","status":"publish","type":"post","link":"https:\/\/linitiative.ca\/International\/sabri-boukadoum-ministre-des-affaires-etrangeres-a-france-24-nous-souhaitons-les-meilleures-relations-possibles-avec-la-france\/","title":{"rendered":"Sabri Boukadoum, ministre des Affaires \u00e9trang\u00e8res \u00e0 France 24 : \u00abNous souhaitons les meilleures relations possibles avec la France\u00bb"},"content":{"rendered":"<h4 class=\"title-14\"\/>\n<div class=\"featured_image\"><img loading=\"lazy\" decoding=\"async\" width=\"800\" height=\"450\" src=\"https:\/\/www.elwatan.com\/wp-content\/uploads\/2020\/09\/Sabri-Boukadoum-1280x720-e1599675081261.jpg\" class=\"attachment-post-thumbnail size-post-thumbnail wp-post-image\" alt=\"Sabri Boukadoum ministre des Affaires \u00e9trang\u00e8res\"\/><span class=\"featured-image-caption\">Sabri Boukadoum, ministre des Affaires \u00e9trang\u00e8res<\/span><\/div>\n<p>Le ministre des Affaires \u00e9trang\u00e8res, Sabri Boukadoum, affirme que l\u2019Alg\u00e9rie souhaite \u00ables meilleures relations possibles avec la France\u00bb. Dans un entretien accord\u00e9 \u00e0 France 24 \u00e0 Alger, le ministre des Affaires \u00e9trang\u00e8res revient sur les relations entre les deux pays, en soulignant la bonne entente entre les deux Pr\u00e9sidents. \u00abJe note avec une tr\u00e8s grande satisfaction que les relations personnelles entre les pr\u00e9sidents Abdelmadjid Tebboune et Emmanuel Macron sont excellentes.<\/p>\n<p>Cela pr\u00eate \u00e0 l\u2019optimisme\u00bb, souligne Sabri Boukadoum, selon lequel le d\u00e9veloppement des relations bilat\u00e9rales passera in\u00e9vitablement par les questions de la m\u00e9moire. \u00abIl est clair que l\u2019aspect historique a sa particularit\u00e9 dans les relations entre l\u2019Alg\u00e9rie et la France pour les raisons que tout le monde conna\u00eet. Nous, sur la question de la m\u00e9moire qui est tr\u00e8s importante pour les Alg\u00e9riens et qu\u2019on ne peut pas effacer, nous avons not\u00e9 la d\u00e9signation, du c\u00f4t\u00e9 fran\u00e7ais, de Benjamin Stora, ce qui est une excellente chose. Nous le connaissons et nous connaissons tous ses travaux. Un historien extraordinaire qui est tr\u00e8s attach\u00e9 \u00e0 sa terre natale.<\/p>\n<p>De l\u2019autre c\u00f4t\u00e9, nous avons Abdelmadjid Chikhi, qui a un pass\u00e9 extraordinaire et qui est aussi un professionnel\u00bb, rel\u00e8ve le MAE, qui esp\u00e8re qu\u2019\u00abentre professionnels, les questions de m\u00e9moire pourront d\u00e9passer l\u2019aspect politicien ou d\u2019utilisation\u00bb. Sabri Boukadoum souligne que l\u2019Etat alg\u00e9rien veut \u00abdes relations apais\u00e9es qui tiennent compte de cette histoire\u00bb pour aller de l\u2019avant. \u00abIl y a les archives, les explosions nucl\u00e9aires au Sud.\u00bb Il rel\u00e8ve dans ce sillage des points positifs. \u00abIl y a eu quand m\u00eame quelque chose de positif, c\u2019est le rapatriement des cr\u00e2nes de nos martyrs. J\u2019esp\u00e8re que \u00e7a va encore ouvrir la voie \u00e0 d\u2019autres gestes et d\u2019autres mesures de ce genre.\u00bb Interrog\u00e9 sur une probable visite du pr\u00e9sident Tebboune en France, Sabri Boukadoum a affirm\u00e9 qu\u2019elle est envisag\u00e9e, mais il n\u2019y a pas encore de date fix\u00e9e \u00e0 cause de la pand\u00e9mie de coronavirus. \u00abNous n\u2019avons pas de date pour des raisons tr\u00e8s simples, c\u2019est la Covid-19. On devait faire \u00e9norm\u00e9ment de visites, notamment en France et dans d\u2019autres pays amis. Cela a \u00e9t\u00e9 d\u00e9cal\u00e9 en raison des conditions sanitaires.\u00bb<\/p>\n<p>Sur la reprise des vols, le ministre affirme que tout d\u00e9pendra des recommandations du comit\u00e9 scientifique charg\u00e9 du suivi de la pand\u00e9mie de coronavirus. Abordant la question libyenne, M.\u00a0Boukadoum se montre optimiste. Pour lui, il faudra faire preuve de pers\u00e9v\u00e9rance et \u00e9couter toutes les parties libyennes d\u2019Est en Ouest. \u00abIl y a une bonne \u00e9coute chez les Libyens. Il faut arriver \u00e0 les convaincre de la n\u00e9cessit\u00e9 de miser sur le dialogue pour r\u00e9gler tous les probl\u00e8mes qui existent entre eux. Nous sommes convaincus que cela est possible. Nous avons la m\u00eame approche avec les pays voisins, dont la Tunisie.<\/p>\n<p>Nous souhaitons que l\u2019Egypte, autre pays voisin, adh\u00e8re \u00e0 cela, et c\u2019est bien le cas dans une certaine mesure\u00bb, souligne-t-il, tout en faisant \u00e9tat de l\u2019initiative alg\u00e9rienne d\u2019\u00abassocier tous les pays du grand voisinage, africains et europ\u00e9ens, dont les Italiens, les Maltais et les Grecs, et tous ceux qui ont un int\u00e9r\u00eat particulier pour la Libye\u00bb. \u00abIls nous \u00e9coutent avec beaucoup d\u2019attention\u00bb, poursuit-il.<\/p>\n<p>Sur la question malienne, M.\u00a0Boukadoum souligne que l\u2019Alg\u00e9rie plaide pour \u00abune transition la plus courte possible\u00bb. \u00abNous souhaitons que les probl\u00e8mes maliens soient r\u00e9gl\u00e9s par la voie constitutionnelle et par un vote d\u00e9mocratique\u00bb, ajoute-t-il, estimant que l\u2019accord d\u2019Alger n\u2019est pas caduc avec la nouvelle conjoncture. \u00abLes Maliens eux-m\u00eames, ceux faisant partie de la m\u00e9diation, Am\u00e9ricains, Europ\u00e9ens, Union africaine, C\u00e9d\u00e9ao, en plus de l\u2019Alg\u00e9rie en tant que chef de file, le disent aussi\u00bb, pr\u00e9cise M.\u00a0Boukadoum, qui rel\u00e8ve l\u2019importance pour l\u2019Alg\u00e9rie de la paix dans la r\u00e9gion. \u00abOn n\u2019est pas une citadelle. On a 7000 km de fronti\u00e8res terrestres.<\/p>\n<p>On ne peut pas s\u2019accommoder d\u2019une situation incertaine, que ce soit en Libye, au Mali ou ailleurs. Il est dans notre int\u00e9r\u00eat strat\u00e9gique et de protection de nos citoyens d\u2019avoir la paix et la s\u00e9curit\u00e9 dans les pays voisins\u00bb, affirme le ministre des Affaires \u00e9trang\u00e8res.<\/p>\n<p><span class=\"post-views-label\">Post Views:<\/span> <span class=\"post-views-count\">1\u00a0540<\/span><\/p>\n<p><br class=\"c2\"\/><br class=\"c5\"\/><\/p>\n<p>Auteur: Hicham Chouadria<br \/>\n<a href=\"https:\/\/www.elwatan.com\/edition\/actualite\/sabri-boukadoum-ministre-des-affaires-etrangeres-a-france-24-nous-souhaitons-les-meilleures-relations-possibles-avec-la-france-10-09-2020\">Cliquez ici pour lire l&rsquo;article depuis sa source.<\/a><\/p>\n","protected":false},"excerpt":{"rendered":"<p>Sabri Boukadoum, ministre des Affaires \u00e9trang\u00e8res Le ministre des Affaires \u00e9trang\u00e8res, Sabri Boukadoum, affirme que l\u2019Alg\u00e9rie souhaite \u00ables meilleures relations possibles avec la France\u00bb. Dans un entretien accord\u00e9 \u00e0 France 24 \u00e0 Alger, le ministre des Affaires \u00e9trang\u00e8res revient sur les relations entre les deux pays, en soulignant la bonne entente entre les deux Pr\u00e9sidents. [&hellip;]<\/p>\n","protected":false},"author":1743,"featured_media":98457,"comment_status":"closed","ping_status":"closed","sticky":false,"template":"","format":"standard","meta":{"fifu_image_url":"","fifu_image_alt":"","footnotes":""},"categories":[73,53],"tags":[],"class_list":["post-98456","post","type-post","status-publish","format-standard","has-post-thumbnail","hentry","category-actualite","category-algerie"],"_links":{"self":[{"href":"https:\/\/linitiative.ca\/International\/wp-json\/wp\/v2\/posts\/98456","targetHints":{"allow":["GET"]}}],"collection":[{"href":"https:\/\/linitiative.ca\/International\/wp-json\/wp\/v2\/posts"}],"about":[{"href":"https:\/\/linitiative.ca\/International\/wp-json\/wp\/v2\/types\/post"}],"author":[{"embeddable":true,"href":"https:\/\/linitiative.ca\/International\/wp-json\/wp\/v2\/users\/1743"}],"replies":[{"embeddable":true,"href":"https:\/\/linitiative.ca\/International\/wp-json\/wp\/v2\/comments?post=98456"}],"version-history":[{"count":0,"href":"https:\/\/linitiative.ca\/International\/wp-json\/wp\/v2\/posts\/98456\/revisions"}],"wp:featuredmedia":[{"embeddable":true,"href":"https:\/\/linitiative.ca\/International\/wp-json\/"}],"wp:attachment":[{"href":"https:\/\/linitiative.ca\/International\/wp-json\/wp\/v2\/media?parent=98456"}],"wp:term":[{"taxonomy":"category","embeddable":true,"href":"https:\/\/linitiative.ca\/International\/wp-json\/wp\/v2\/categories?post=98456"},{"taxonomy":"post_tag","embeddable":true,"href":"https:\/\/linitiative.ca\/International\/wp-json\/wp\/v2\/tags?post=98456"}],"curies":[{"name":"wp","href":"https:\/\/api.w.org\/{rel}","templated":true}]}}