{"id":98460,"date":"2020-09-10T06:55:34","date_gmt":"2020-09-10T10:55:34","guid":{"rendered":"https:\/\/linitiative.ca\/International\/corruption-huit-ans-de-prison-ferme-contre-tliba-et-le-fils-de-ould-abbes\/"},"modified":"2020-09-10T06:55:34","modified_gmt":"2020-09-10T10:55:34","slug":"corruption-huit-ans-de-prison-ferme-contre-tliba-et-le-fils-de-ould-abbes","status":"publish","type":"post","link":"https:\/\/linitiative.ca\/International\/corruption-huit-ans-de-prison-ferme-contre-tliba-et-le-fils-de-ould-abbes\/","title":{"rendered":"Corruption : Huit ans de prison ferme contre Tliba et le fils de Ould Abb\u00e8s"},"content":{"rendered":"<h4 class=\"title-14\"\/>\n<p>Le tribunal de Sidi M\u2019hamed, \u00e0 Alger, a prononc\u00e9, hier, une peine de prison ferme de 8 ans, assortie d\u2019une amende de 8 millions de dinars \u00e0 l\u2019encontre du d\u00e9put\u00e9 FLN Baha Eddine Tliba, poursuivi dans plusieurs affaires de corruption, dont \u00abinfraction \u00e0 la r\u00e9glementation de change et des mouvements des capitaux de et vers l\u2019\u00e9tranger\u00bb.<\/p>\n<p>Skander Ould Abb\u00e8s, fils de l\u2019ancien secr\u00e9taire g\u00e9n\u00e9ral du Front de lib\u00e9ration nationale (FLN), Djamel Ould Abb\u00e8s, a \u00e9cop\u00e9 de la m\u00eame peine. Le tribunal a \u00e9galement condamn\u00e9 par contumace \u00e0 20 ans de prison ferme l\u2019autre fils de Djamel Ould Abb\u00e8s, Wafi, contre lequel un mandat d\u2019arr\u00eat international a \u00e9t\u00e9 \u00e9mis pour les m\u00eames chefs d\u2019inculpation, en sus de l\u2019obtention d\u2019indus avantages. Poursuivi pour les m\u00eames accusations, en plus d\u2019abus de pouvoir, Bouchnak Khelladi a \u00e9t\u00e9 condamn\u00e9 \u00e0 une peine de deux ans de prison assortie d\u2019une amende de 200\u00a0000 DA, tandis que Mohamed Habchi a \u00e9t\u00e9 acquitt\u00e9 des charges retenues contre lui.<\/p>\n<p>Le parquet g\u00e9n\u00e9ral avait requis, lors du proc\u00e8s, une peine de 10 ans de prison ferme contre Tliba et Skander Ould Abb\u00e8s, tandis qu\u2019une peine maximale a \u00e9t\u00e9 requise contre son fr\u00e8re Wafi. Il a \u00e9galement requis 3 ans de prison ferme \u00e0 l\u2019encontre de Bouchnak Khelladi et Mohamed Habchi.<\/p>\n<p><span class=\"post-views-label\">Post Views:<\/span> <span class=\"post-views-count\">843<\/span><\/p>\n<p><br class=\"c2\"\/><br class=\"c5\"\/><\/p>\n<p>Auteur: Hicham Chouadria<br \/>\n<a href=\"https:\/\/www.elwatan.com\/edition\/actualite\/corruption-huit-ans-de-prison-ferme-contre-tliba-et-le-fils-de-ould-abbes-10-09-2020\">Cliquez ici pour lire l&rsquo;article depuis sa source.<\/a><\/p>\n","protected":false},"excerpt":{"rendered":"<p>Le tribunal de Sidi M\u2019hamed, \u00e0 Alger, a prononc\u00e9, hier, une peine de prison ferme de 8 ans, assortie d\u2019une amende de 8 millions de dinars \u00e0 l\u2019encontre du d\u00e9put\u00e9 FLN Baha Eddine Tliba, poursuivi dans plusieurs affaires de corruption, dont \u00abinfraction \u00e0 la r\u00e9glementation de change et des mouvements des capitaux de et vers [&hellip;]<\/p>\n","protected":false},"author":1743,"featured_media":0,"comment_status":"closed","ping_status":"closed","sticky":false,"template":"","format":"standard","meta":{"fifu_image_url":"","fifu_image_alt":"","footnotes":""},"categories":[73,53],"tags":[],"class_list":["post-98460","post","type-post","status-publish","format-standard","hentry","category-actualite","category-algerie"],"_links":{"self":[{"href":"https:\/\/linitiative.ca\/International\/wp-json\/wp\/v2\/posts\/98460","targetHints":{"allow":["GET"]}}],"collection":[{"href":"https:\/\/linitiative.ca\/International\/wp-json\/wp\/v2\/posts"}],"about":[{"href":"https:\/\/linitiative.ca\/International\/wp-json\/wp\/v2\/types\/post"}],"author":[{"embeddable":true,"href":"https:\/\/linitiative.ca\/International\/wp-json\/wp\/v2\/users\/1743"}],"replies":[{"embeddable":true,"href":"https:\/\/linitiative.ca\/International\/wp-json\/wp\/v2\/comments?post=98460"}],"version-history":[{"count":0,"href":"https:\/\/linitiative.ca\/International\/wp-json\/wp\/v2\/posts\/98460\/revisions"}],"wp:attachment":[{"href":"https:\/\/linitiative.ca\/International\/wp-json\/wp\/v2\/media?parent=98460"}],"wp:term":[{"taxonomy":"category","embeddable":true,"href":"https:\/\/linitiative.ca\/International\/wp-json\/wp\/v2\/categories?post=98460"},{"taxonomy":"post_tag","embeddable":true,"href":"https:\/\/linitiative.ca\/International\/wp-json\/wp\/v2\/tags?post=98460"}],"curies":[{"name":"wp","href":"https:\/\/api.w.org\/{rel}","templated":true}]}}