{"id":98469,"date":"2020-09-10T06:00:00","date_gmt":"2020-09-10T10:00:00","guid":{"rendered":"https:\/\/linitiative.ca\/International\/et-les-malades-dependant-de-la-chloroquine\/"},"modified":"2020-09-10T06:00:00","modified_gmt":"2020-09-10T10:00:00","slug":"et-les-malades-dependant-de-la-chloroquine","status":"publish","type":"post","link":"https:\/\/linitiative.ca\/International\/et-les-malades-dependant-de-la-chloroquine\/","title":{"rendered":"Et les malades d\u00e9pendant de la chloroquine ?"},"content":{"rendered":"<p>Les malades chroniques habitu\u00e9s \u00e0 se procurer la chloroquine dans les officines sont toujours priv\u00e9s de leur m\u00e9dicament, interdit de vente publique depuis l\u2019apparition de la pand\u00e9mie du Covid-19. Ils sont d\u00e9sormais contraints de se soumettre \u00e0 toute une proc\u00e9dure lente et contraignante pour l\u2019acqu\u00e9rir au niveau de la pharmacie centrale, \u00e0 un prix co\u00fbteux, alors qu\u2019il leur \u00e9tait servi gratuitement au niveau des pharmacies. Une solution urge pour mettre fin \u00e0 leur calvaire.\u00a0<\/p>\n<p>Auteur:<br \/>\n<a href=\"https:\/\/www.lesoirdalgerie.com\/periscoop\/et-les-malades-dependant-de-la-chloroquine-47943\">Cliquez ici pour lire l&rsquo;article depuis sa source.<\/a><\/p>\n","protected":false},"excerpt":{"rendered":"<p>Les malades chroniques habitu\u00e9s \u00e0 se procurer la chloroquine dans les officines sont toujours priv\u00e9s de leur m\u00e9dicament, interdit de vente publique depuis l\u2019apparition de la pand\u00e9mie du Covid-19. Ils sont d\u00e9sormais contraints de se soumettre \u00e0 toute une proc\u00e9dure lente et contraignante pour l\u2019acqu\u00e9rir au niveau de la pharmacie centrale, \u00e0 un prix co\u00fbteux, [&hellip;]<\/p>\n","protected":false},"author":1741,"featured_media":0,"comment_status":"closed","ping_status":"closed","sticky":false,"template":"","format":"standard","meta":{"fifu_image_url":"","fifu_image_alt":"","footnotes":""},"categories":[73,53],"tags":[],"class_list":["post-98469","post","type-post","status-publish","format-standard","hentry","category-actualite","category-algerie"],"_links":{"self":[{"href":"https:\/\/linitiative.ca\/International\/wp-json\/wp\/v2\/posts\/98469","targetHints":{"allow":["GET"]}}],"collection":[{"href":"https:\/\/linitiative.ca\/International\/wp-json\/wp\/v2\/posts"}],"about":[{"href":"https:\/\/linitiative.ca\/International\/wp-json\/wp\/v2\/types\/post"}],"author":[{"embeddable":true,"href":"https:\/\/linitiative.ca\/International\/wp-json\/wp\/v2\/users\/1741"}],"replies":[{"embeddable":true,"href":"https:\/\/linitiative.ca\/International\/wp-json\/wp\/v2\/comments?post=98469"}],"version-history":[{"count":0,"href":"https:\/\/linitiative.ca\/International\/wp-json\/wp\/v2\/posts\/98469\/revisions"}],"wp:attachment":[{"href":"https:\/\/linitiative.ca\/International\/wp-json\/wp\/v2\/media?parent=98469"}],"wp:term":[{"taxonomy":"category","embeddable":true,"href":"https:\/\/linitiative.ca\/International\/wp-json\/wp\/v2\/categories?post=98469"},{"taxonomy":"post_tag","embeddable":true,"href":"https:\/\/linitiative.ca\/International\/wp-json\/wp\/v2\/tags?post=98469"}],"curies":[{"name":"wp","href":"https:\/\/api.w.org\/{rel}","templated":true}]}}