{"id":98471,"date":"2020-09-10T06:00:00","date_gmt":"2020-09-10T10:00:00","guid":{"rendered":"https:\/\/linitiative.ca\/International\/drareni\/"},"modified":"2020-09-10T06:00:00","modified_gmt":"2020-09-10T10:00:00","slug":"drareni","status":"publish","type":"post","link":"https:\/\/linitiative.ca\/International\/drareni\/","title":{"rendered":"Drareni"},"content":{"rendered":"<p class=\"c4\">Comme toi, je ne me demande plus pourquoi le procureur a requis, en appel, quatre ans de prison contre Khaled Drareni. Je me le demande ? Fa\u00e7on de parler. On sait que ce proc\u00e8s ne se base pas sur des arguments judiciaires, les avocats r\u00e9p\u00e8tent encore que le dossier est vide. Si le proc \u00e0 la main lourde, c&rsquo;est qu&rsquo;on doit faire taire des gens ! Au suivant !\u00a0<br \/><em><strong>A. T.<br \/><a href=\"\/cdn-cgi\/l\/email-protection\" class=\"__cf_email__\" data-cfemail=\"40212429272f3534212725332f2932003921282f2f6e2632\">[email\u00a0protected]<\/a><\/strong><\/em><\/p>\n<p>Auteur:<br \/>\n<a href=\"https:\/\/www.lesoirdalgerie.com\/digoutage\/drareni-47941\">Cliquez ici pour lire l&rsquo;article depuis sa source.<\/a><\/p>\n","protected":false},"excerpt":{"rendered":"<p>Comme toi, je ne me demande plus pourquoi le procureur a requis, en appel, quatre ans de prison contre Khaled Drareni. Je me le demande ? Fa\u00e7on de parler. On sait que ce proc\u00e8s ne se base pas sur des arguments judiciaires, les avocats r\u00e9p\u00e8tent encore que le dossier est vide. Si le proc \u00e0 [&hellip;]<\/p>\n","protected":false},"author":1741,"featured_media":0,"comment_status":"closed","ping_status":"closed","sticky":false,"template":"","format":"standard","meta":{"fifu_image_url":"","fifu_image_alt":"","footnotes":""},"categories":[73,53],"tags":[],"class_list":["post-98471","post","type-post","status-publish","format-standard","hentry","category-actualite","category-algerie"],"_links":{"self":[{"href":"https:\/\/linitiative.ca\/International\/wp-json\/wp\/v2\/posts\/98471","targetHints":{"allow":["GET"]}}],"collection":[{"href":"https:\/\/linitiative.ca\/International\/wp-json\/wp\/v2\/posts"}],"about":[{"href":"https:\/\/linitiative.ca\/International\/wp-json\/wp\/v2\/types\/post"}],"author":[{"embeddable":true,"href":"https:\/\/linitiative.ca\/International\/wp-json\/wp\/v2\/users\/1741"}],"replies":[{"embeddable":true,"href":"https:\/\/linitiative.ca\/International\/wp-json\/wp\/v2\/comments?post=98471"}],"version-history":[{"count":0,"href":"https:\/\/linitiative.ca\/International\/wp-json\/wp\/v2\/posts\/98471\/revisions"}],"wp:attachment":[{"href":"https:\/\/linitiative.ca\/International\/wp-json\/wp\/v2\/media?parent=98471"}],"wp:term":[{"taxonomy":"category","embeddable":true,"href":"https:\/\/linitiative.ca\/International\/wp-json\/wp\/v2\/categories?post=98471"},{"taxonomy":"post_tag","embeddable":true,"href":"https:\/\/linitiative.ca\/International\/wp-json\/wp\/v2\/tags?post=98471"}],"curies":[{"name":"wp","href":"https:\/\/api.w.org\/{rel}","templated":true}]}}