{"id":98474,"date":"2020-09-10T13:10:23","date_gmt":"2020-09-10T17:10:23","guid":{"rendered":"https:\/\/linitiative.ca\/International\/vrai-ou-fake-sur-la-covid-19-au-maroc-jeudi-10-septembre\/"},"modified":"2020-09-10T13:10:23","modified_gmt":"2020-09-10T17:10:23","slug":"vrai-ou-fake-sur-la-covid-19-au-maroc-jeudi-10-septembre","status":"publish","type":"post","link":"https:\/\/linitiative.ca\/International\/vrai-ou-fake-sur-la-covid-19-au-maroc-jeudi-10-septembre\/","title":{"rendered":"Vrai ou Fake sur la Covid-19 au Maroc, jeudi 10 septembre"},"content":{"rendered":"<p><strong>Le Coronavirus, qui a contamin\u00e9 plus de 27 millions de personnes dans le monde, est \u00e0 l\u2019origine d\u2019un flot de Fake news relay\u00e9es par des sites d\u2019information et sur les r\u00e9seaux sociaux.<\/strong><\/p>\n<div class=\"c10\"\/>\n<p>\u2013 Une photo relay\u00e9e sur les r\u00e9seaux sociaux montre des citoyens violant les mesures de l\u2019\u00e9tat d\u2019urgence au quartier Takaddoum \u00e0 Rabat. <strong>VRAI<\/strong> Les \u00e9l\u00e9ments relevant de la pr\u00e9fecture de police de Rabat ont interpell\u00e9 quatorze individus pour refus d\u2019obtemp\u00e9rer et violation pr\u00e9sum\u00e9s des mesures de l\u2019\u00e9tat d\u2019urgence sanitaire. La Direction g\u00e9n\u00e9rale de la S\u00fbret\u00e9 nationale (DGSN) pr\u00e9cise que les mis en cause faisaient partie d\u2019une foule qui tentait de forcer les barri\u00e8res et les points de contr\u00f4le mis en place par les autorit\u00e9s locales comp\u00e9tentes.<\/p>\n<p>\u2013 Le gouvernement annonce un durcissement de l\u2019\u00e9tat d\u2019urgence sanitaire dans toutes les villes du Royaume. <strong>FAKE<\/strong><\/p>\n<p><strong>Lire aussi |\u00a0<a rel=\"noreferrer noopener\" href=\"https:\/\/www.challenge.ma\/disney-attaque-le-pavillon-marocain-en-justice-156025\/\" target=\"_blank\">Disney attaque le Pavillon marocain en justice<\/a><\/strong><\/p>\n<p>\u2013 Le minist\u00e8re de l\u2019\u00c9ducation nationale a annonc\u00e9 la diffusion des s\u00e9ances de consolidation des acquis et de r\u00e9vision \u00e0 distance \u00e0 partir du 10 septembre pour les trois cycles d\u2019enseignement. <strong>VRAI<\/strong> Ces s\u00e9ances, qui seront diffus\u00e9es sur les cha\u00eenes de t\u00e9l\u00e9vision \u00ab Ataqafiya \u00bb, \u00ab Al Amazighiya \u00bb et \u00ab La\u00e2youne \u00bb, visent une pr\u00e9paration optimale de tous les apprenants pour une r\u00e9ussite scolaire dispens\u00e9e dans de bonnes conditions tout en consolidant leurs acquis durant l\u2019ann\u00e9e scolaire pr\u00e9c\u00e9dente dans le cadre de l\u2019enseignement \u00ab pr\u00e9sentiel \u00bb et \u00ab \u00e0 distance \u00bb, souligne le d\u00e9partement de tutelle.<\/p>\n<p>\u2013 Le Maroc d\u00e9cr\u00e8te le confinement obligatoire de la population ce vendredi \u00e0 partir de 18h. <strong>FAKE<\/strong><\/p>\n<p>\u2013 Le Conseil du gouvernement a approuv\u00e9 le projet de d\u00e9cret-loi n\u00b0 2.20.605 portant promulgation de mesures exceptionnelles au profit de certains employeurs adh\u00e9rents \u00e0 la Caisse nationale de la s\u00e9curit\u00e9 sociale (CNSS) et de leurs employ\u00e9s d\u00e9clar\u00e9s assur\u00e9s aupr\u00e8s de la caisse, touch\u00e9s par les r\u00e9percussions de l\u2019\u00e9pid\u00e9mie du Covid-19. <strong>VRAI<\/strong><\/p>\n<p>\u2013 Le minist\u00e8re de l\u2019\u00c9ducation nationale a annonc\u00e9 que l\u2019enseignement pr\u00e9sentiel sera adopt\u00e9 \u00e0 partir du 14 septembre dans les \u00e9tablissements situ\u00e9s \u00e0 Casablanca. <strong>FAKE<\/strong><\/p>\n<p><strong>Lire aussi |\u00a0<\/strong><a rel=\"noreferrer noopener\" href=\"https:\/\/www.challenge.ma\/coronavirus-les-anticorps-ne-protegent-pas-contre-la-reinfection-etude-156017\/\" target=\"_blank\"><strong>Coronavirus : les anticorps ne prot\u00e8gent pas contre la r\u00e9infection [\u00c9tude]<\/strong><\/a><\/p>\n<p>Auteur: Hajar DARI<br \/>\n<a href=\"https:\/\/www.challenge.ma\/vrai-ou-fake-sur-la-covid-19-au-maroc-jeudi-10-septembre-156102\/\">Cliquez ici pour lire l&rsquo;article depuis sa source.<\/a><\/p>\n","protected":false},"excerpt":{"rendered":"<p>Le Coronavirus, qui a contamin\u00e9 plus de 27 millions de personnes dans le monde, est \u00e0 l\u2019origine d\u2019un flot de Fake news relay\u00e9es par des sites d\u2019information et sur les r\u00e9seaux sociaux. \u2013 Une photo relay\u00e9e sur les r\u00e9seaux sociaux montre des citoyens violant les mesures de l\u2019\u00e9tat d\u2019urgence au quartier Takaddoum \u00e0 Rabat. VRAI [&hellip;]<\/p>\n","protected":false},"author":1787,"featured_media":0,"comment_status":"closed","ping_status":"closed","sticky":false,"template":"","format":"standard","meta":{"fifu_image_url":"","fifu_image_alt":"","footnotes":""},"categories":[78,54],"tags":[],"class_list":["post-98474","post","type-post","status-publish","format-standard","hentry","category-economie","category-maroc"],"_links":{"self":[{"href":"https:\/\/linitiative.ca\/International\/wp-json\/wp\/v2\/posts\/98474","targetHints":{"allow":["GET"]}}],"collection":[{"href":"https:\/\/linitiative.ca\/International\/wp-json\/wp\/v2\/posts"}],"about":[{"href":"https:\/\/linitiative.ca\/International\/wp-json\/wp\/v2\/types\/post"}],"author":[{"embeddable":true,"href":"https:\/\/linitiative.ca\/International\/wp-json\/wp\/v2\/users\/1787"}],"replies":[{"embeddable":true,"href":"https:\/\/linitiative.ca\/International\/wp-json\/wp\/v2\/comments?post=98474"}],"version-history":[{"count":0,"href":"https:\/\/linitiative.ca\/International\/wp-json\/wp\/v2\/posts\/98474\/revisions"}],"wp:attachment":[{"href":"https:\/\/linitiative.ca\/International\/wp-json\/wp\/v2\/media?parent=98474"}],"wp:term":[{"taxonomy":"category","embeddable":true,"href":"https:\/\/linitiative.ca\/International\/wp-json\/wp\/v2\/categories?post=98474"},{"taxonomy":"post_tag","embeddable":true,"href":"https:\/\/linitiative.ca\/International\/wp-json\/wp\/v2\/tags?post=98474"}],"curies":[{"name":"wp","href":"https:\/\/api.w.org\/{rel}","templated":true}]}}