{"id":98475,"date":"2020-09-10T16:37:17","date_gmt":"2020-09-10T20:37:17","guid":{"rendered":"https:\/\/linitiative.ca\/International\/report-de-leco\/"},"modified":"2020-09-10T16:37:17","modified_gmt":"2020-09-10T20:37:17","slug":"report-de-leco","status":"publish","type":"post","link":"https:\/\/linitiative.ca\/International\/report-de-leco\/","title":{"rendered":"REPORT DE L\u2019ECO"},"content":{"rendered":"<div class=\"stream-item stream-item-above-post-content\">\n<p><noscript><\/p>\n<p><a href=\"\/\/www3.smartadserver.com\/ac?jump=1&amp;nwid=2136&amp;siteid=240610&amp;pgname=rg&amp;fmtid=49046&amp;visit=m&amp;tmstp=[timestamp]&amp;out=nonrich\" target=\"_blank\" rel=\"noopener noreferrer\"><img decoding=\"async\" src=\"http:\/\/www3.smartadserver.com\/ac?out=nonrich&amp;nwid=2136&amp;siteid=240610&amp;pgname=rg&amp;fmtid=49046&amp;visit=m&amp;tmstp=[timestamp]\" border=\"0\" alt=\"\"\/><\/a><\/p>\n<p><\/noscript><\/div>\n<p class=\"c3\"><em>La gestion de la crise politique malienne, n\u00e9e du coup de force du 18 ao\u00fbt, s\u2019est impos\u00e9e \u00e0 la 57<sup>e<\/sup> session ordinaire de la conf\u00e9rence des Chefs d\u2019Etat et de gouvernement de la CEDEAO qui s\u2019est tenue le 8 septembre dernier \u00e0 Niamey, au point qu\u2019elle a \u00e9clips\u00e9 les autres\u00a0 sujets inscrits \u00e0 l\u2019ordre du jour. L\u2019un d\u2019eux \u00e9tait la mise en \u0153uvre\u00a0 du fameux Eco, du nom de la monnaie ouest-africaine des Etats membres de la CEDEAO. Annonc\u00e9 en grande pompe pour \u00eatre une r\u00e9alit\u00e9 en 2020, c\u2019est-\u00e0-dire cette ann\u00e9e, en tout cas, en ce qui concerne les pays de l\u2019UEMOA (Union \u00e9conomique et mon\u00e9taire ouest-africaine), l\u2019Eco \u00ab\u00a0ne pourra pas voir le jour avant une p\u00e9riode de trois \u00e0 cinq ans\u00a0\u00bb. Cette annonce a \u00e9t\u00e9 faite par Alassane Ouattara, le pr\u00e9sident ivoirien, de retour de Niamey. Et d\u2019ajouter, visiblement la mine r\u00e9jouie, ceci\u00a0:\u00a0\u00ab Pendant cette p\u00e9riode, bien \u00e9videmment, nous continuerons d\u2019utiliser le Franc CFA\u00a0\u00bb. Les raisons invoqu\u00e9es pour justifier ce report sont de deux ordres. Il\u00a0 y a d\u2019abord les raisons d\u2019ordre technique. Il s\u2019agit essentiellement de l\u2019incapacit\u00e9, pour les Etats membres, \u00a0de respecter les crit\u00e8res de convergence dits de premier rang. Les indicateurs se d\u00e9clinent comme suit : un d\u00e9ficit budg\u00e9taire limit\u00e9 \u00e0 3% du PIB, une inflation \u00e0 10% maximum et une dette inf\u00e9rieure \u00e0 7% du PIB.<\/em> <em>L\u2019autre raison avanc\u00e9e pour justifier le report de l\u2019Eco, est li\u00e9e au Covid-19. Le coronavirus a mis toute l\u2019\u00e9conomie de la sous-r\u00e9gion en difficult\u00e9 au point qu\u2019aucun pays membre de l\u2019UEMOA\u00a0 ne peut participer \u00e0 la monnaie unique cette ann\u00e9e. On peut conc\u00e9der la r\u00e9alit\u00e9 de certaines raisons techniques. On peut \u00e9galement admettre que le Covid-19 a contrari\u00e9 le projet\u00a0 de l\u2019av\u00e8nement de l\u2019Eco en 2020. Mais en r\u00e9alit\u00e9, le Covid-19 a bon dos. En effet, les raisons v\u00e9ritables et profondes qui ont milit\u00e9 pour le report de l\u2019Eco, pourraient \u00eatre \u00e0 chercher ailleurs.\u00a0<\/em><\/p>\n<p class=\"c3\"><em>\u00a0<\/em><\/p>\n<p class=\"c4\"><strong><em>Tant qu\u2019Alassane Ouattara sera aux affaires de la riche C\u00f4te- d\u2019Ivoire, l\u2019on attendra l\u2019Eco comme si l\u2019on attendait Godot<\/em><\/strong><\/p>\n<p class=\"c3\"><em>\u00a0<\/em><\/p>\n<p class=\"c3\"><em>\u00a0<\/em><\/p>\n<p class=\"c3\"><em>Elles viennent d\u2019abord du fait que l\u2019Eco n\u2019emballe pas en particulier le premier responsable de la premi\u00e8re puissance \u00e9conomique de l\u2019UEMOA. En effet, Alassane Ouattara, puisque c\u2019est de lui qu\u2019il s\u2019agit, n\u2019a jamais \u00e9t\u00e9 vraiment s\u00e9duit par le projet. R\u00e9sultat, il s\u2019est d\u2019abord employ\u00e9 \u00e0 d\u00e9naturer l\u2019Eco tel qu\u2019il avait \u00e9t\u00e9 initialement pens\u00e9 par la CEDEAO. En lieu et place d\u2019une monnaie v\u00e9ritablement ind\u00e9pendante, ADO a jet\u00e9 son d\u00e9volu sur un Eco \u00e0 parit\u00e9 fixe avec l\u2019Euro et accroch\u00e9 aux basques de la France. Cette transfiguration de l\u2019Eco a \u00e9t\u00e9 act\u00e9e en pr\u00e9sence du Grand chef des Blancs, c\u2019est-\u00e0-dire Emmanuel Macron. C\u2019\u00e9tait le\u00a0 20 d\u00e9cembre 2019\u00a0 \u00e0 Abidjan. Cela avait particuli\u00e8rement irrit\u00e9 au plus haut point le pr\u00e9sident nig\u00e9rian, Mahammadu Buhari. Ce dernier avait, \u00e0 l\u2019\u00e9poque, on s\u2019en souvient, cri\u00e9 \u00e0 l\u2019imposture de la part de son homologue ivoirien. Le deuxi\u00e8me grand acte d\u2019ADO pour contrer l\u2019av\u00e8nement de l\u2019Eco, a \u00e9t\u00e9 de monter un plaidoyer pour\u00a0accr\u00e9diter l\u2019id\u00e9e selon laquelle le F CFA n\u2019a que des avantages pour les Etats de l\u2019UEMOA. Et il a conduit l\u2019op\u00e9ration dans la posture d\u2019un homme qui a un lien affectif fort avec le franc CFA. Sans doute son passage\u00a0 \u00e0 la t\u00eate de la Banque centrale\u00a0 y est-il pour quelque chose. En tout cas, son amour pour le F CFA est quasi passionnel au point qu\u2019il semble ferm\u00e9 \u00e0 toute id\u00e9e de le perdre. D\u2019ailleurs, il ne fait pas myst\u00e8re de cela. Pour lui, en effet, le Franc CFA est \u00ab\u00a0une bonne monnaie, appr\u00e9ci\u00e9e de tous et surtout des pays voisins\u00a0\u00bb. Une telle monnaie ne doit donc pas \u00eatre chang\u00e9e aux yeux d\u2019ADO. Les choses sont claires. Tant qu\u2019Alassane Ouattara sera aux affaires de la riche C\u00f4te- d\u2019Ivoire, l\u2019on attendra l\u2019Eco comme si l\u2019on attendait Godot\u00a0: il ne viendra jamais.<\/em><\/p>\n<p class=\"c3\"><em>\u00a0<\/em><\/p>\n<p class=\"c4\"><strong><em>\u00a0Pousdem Pickou<\/em><\/strong><\/p>\n<p class=\"c4\"><strong><em>\u00a0<\/em><\/strong><\/p>\n<p class=\"c3\"><em>\u00a0<\/em><\/p>\n<p class=\"c3\"><em>\u00a0<\/em><\/p>\n<p>Auteur: Le Pays<br \/>\n<a href=\"http:\/\/lepays.bf\/report-de-leco\/\">Cliquez ici pour lire l&rsquo;article depuis sa source.<\/a><\/p>\n","protected":false},"excerpt":{"rendered":"<p>La gestion de la crise politique malienne, n\u00e9e du coup de force du 18 ao\u00fbt, s\u2019est impos\u00e9e \u00e0 la 57e session ordinaire de la conf\u00e9rence des Chefs d\u2019Etat et de gouvernement de la CEDEAO qui s\u2019est tenue le 8 septembre dernier \u00e0 Niamey, au point qu\u2019elle a \u00e9clips\u00e9 les autres\u00a0 sujets inscrits \u00e0 l\u2019ordre du [&hellip;]<\/p>\n","protected":false},"author":1813,"featured_media":0,"comment_status":"closed","ping_status":"closed","sticky":false,"template":"","format":"standard","meta":{"fifu_image_url":"","fifu_image_alt":"","footnotes":""},"categories":[73,81],"tags":[],"class_list":["post-98475","post","type-post","status-publish","format-standard","hentry","category-actualite","category-burkina-faso"],"_links":{"self":[{"href":"https:\/\/linitiative.ca\/International\/wp-json\/wp\/v2\/posts\/98475","targetHints":{"allow":["GET"]}}],"collection":[{"href":"https:\/\/linitiative.ca\/International\/wp-json\/wp\/v2\/posts"}],"about":[{"href":"https:\/\/linitiative.ca\/International\/wp-json\/wp\/v2\/types\/post"}],"author":[{"embeddable":true,"href":"https:\/\/linitiative.ca\/International\/wp-json\/wp\/v2\/users\/1813"}],"replies":[{"embeddable":true,"href":"https:\/\/linitiative.ca\/International\/wp-json\/wp\/v2\/comments?post=98475"}],"version-history":[{"count":0,"href":"https:\/\/linitiative.ca\/International\/wp-json\/wp\/v2\/posts\/98475\/revisions"}],"wp:attachment":[{"href":"https:\/\/linitiative.ca\/International\/wp-json\/wp\/v2\/media?parent=98475"}],"wp:term":[{"taxonomy":"category","embeddable":true,"href":"https:\/\/linitiative.ca\/International\/wp-json\/wp\/v2\/categories?post=98475"},{"taxonomy":"post_tag","embeddable":true,"href":"https:\/\/linitiative.ca\/International\/wp-json\/wp\/v2\/tags?post=98475"}],"curies":[{"name":"wp","href":"https:\/\/api.w.org\/{rel}","templated":true}]}}