{"id":98478,"date":"2020-09-10T16:33:23","date_gmt":"2020-09-10T20:33:23","guid":{"rendered":"https:\/\/linitiative.ca\/International\/promotion-de-la-finance-inclusive-un-fonds-de-plus-de-44-milliards-f-cfa-operationnel\/"},"modified":"2020-09-10T16:33:23","modified_gmt":"2020-09-10T20:33:23","slug":"promotion-de-la-finance-inclusive-un-fonds-de-plus-de-44-milliards-f-cfa-operationnel","status":"publish","type":"post","link":"https:\/\/linitiative.ca\/International\/promotion-de-la-finance-inclusive-un-fonds-de-plus-de-44-milliards-f-cfa-operationnel\/","title":{"rendered":"Promotion de la finance inclusive : un fonds de plus de 44 milliards F CFA op\u00e9rationnel"},"content":{"rendered":"<div class=\"td-post-featured-image\"><a href=\"https:\/\/www.sidwaya.info\/wp-content\/uploads\/2020\/09\/1-23.jpg\" data-caption=\"\"><img loading=\"lazy\" decoding=\"async\" width=\"595\" height=\"397\" class=\"entry-thumb td-modal-image\" src=\"https:\/\/www.sidwaya.info\/wp-content\/uploads\/2020\/09\/1-23.jpg\" srcset=\"https:\/\/www.sidwaya.info\/wp-content\/uploads\/2020\/09\/1-23.jpg 595w, https:\/\/www.sidwaya.info\/wp-content\/uploads\/2020\/09\/1-23-300x200.jpg 300w\" sizes=\"auto, (max-width: 595px) 100vw, 595px\" alt=\"\" title=\"1\"\/><\/a><\/div>\n<p><strong>Le Fonds national de la finance inclusive dot\u00e9 de plus de 44 milliards F CFA a \u00e9t\u00e9 officiellement lanc\u00e9, le jeudi 10 septembre 2020 \u00e0 Ouagadougou, en pr\u00e9sence du chef de l\u2019Etat, Roch Marc Christian Kabor\u00e9.<\/strong><\/p>\n<p>Le Fonds national de la finance inclusive (FONAFI), n\u00e9 de la volont\u00e9 du gouvernement burkinab\u00e8 d\u2019accompagner l\u2019\u00e9conomie informelle en g\u00e9n\u00e9ral et les groupes vuln\u00e9rables en particulier, rentre dans sa phase op\u00e9rationnelle. Lanc\u00e9 le jeudi 10 septembre 2020 \u00e0 Ouagadougou, en pr\u00e9sence du Pr\u00e9sident du Faso, Roch Marc Christian Kabor\u00e9, le fonds favorisera l\u2019op\u00e9rationnalisation du Projet de promotion de la finance inclusive pour l\u2019acc\u00e8s des populations \u00e0 faibles revenus aux services financiers au Burkina Faso (PPFIB). Le Directeur g\u00e9n\u00e9ral (DG) du FONAFI, Wango Fid\u00e8le Yam\u00e9ogo, a laiss\u00e9 entendre que le projet a un co\u00fbt total de 44\u00a0372\u00a0000\u00a0000 francs CFA.<\/p>\n<p>\u00ab\u00a0En vue d\u2019apporter des solutions \u00e0 la probl\u00e9matique de l\u2019exclusion financi\u00e8re et sociale, le gouvernement a adopt\u00e9 en 2019, une Strat\u00e9gie nationale de la finance inclusive (SNFI) sur la p\u00e9riode 2019-2023 pour servir de r\u00e9f\u00e9rentiel f\u00e9d\u00e9rateur des interventions de l\u2019ensemble des acteurs du syst\u00e8me financier. L\u2019objectif du PPFIB qui s\u2019inscrit en droite ligne avec la SNFI est de contribuer \u00e0 l\u2019am\u00e9lioration des conditions socio\u00e9conomiques des populations \u00e0 la base dans les diff\u00e9rentes r\u00e9gions du Burkina\u00a0\u00bb, a fait savoir le DG du FONAFI. Pour lui, le fonds devra permettre de faire un bond qualitatif et quantitatif dans le processus d\u2019acc\u00e9l\u00e9ration d\u2019un d\u00e9veloppement plus inclusif et durable. Ainsi, a-t-il ajout\u00e9, il aura pour r\u00f4le de d\u00e9velopper des m\u00e9canismes de financement favorables \u00e0 l\u2019inclusion financi\u00e8re en collaboration avec les prestataires des services financiers que sont les banques, les institutions de microfinance, les fonds nationaux de financement. Le DG du FONAFI a expliqu\u00e9 que son \u00e9tablissement interviendra \u00e0 travers les lignes de cr\u00e9dit aux prestataires de services financiers, les fonds de facilitation pour l\u2019acc\u00e8s des syst\u00e8mes financiers d\u00e9centralis\u00e9s au refinancement bancaire et les fonds de garantie pour la s\u00e9curisation des op\u00e9rations de cr\u00e9dits.<\/p>\n<div class=\"td-a-rec td-a-rec-id-content_inline tdi_30_ddd td_block_template_1\"><img loading=\"lazy\" decoding=\"async\" class=\"aligncenter size-full wp-image-21314\" src=\"https:\/\/www.sidwaya.info\/wp-content\/uploads\/2020\/04\/Bandeau-Covid-19-Sidwaya-1.jpg\" alt=\"\" width=\"790\" height=\"98\"\/><\/div>\n<p><strong>Un catalyseur de croissance<\/strong><\/p>\n<p>Pour ce qui est des groupes-cibles, il a mentionn\u00e9 les femmes en milieu rural et semi-urbain, les groupements d\u2019agriculteurs, des \u00e9leveurs en embouche, des petits commer\u00e7ants et micros et tr\u00e8s petites entreprises ainsi que des fabricants et transformateurs des produits locaux.<\/p>\n<p>Sur les crit\u00e8res de s\u00e9lection de b\u00e9n\u00e9ficiaires, il a relev\u00e9 la couverture g\u00e9ographique et des besoins de la population-cible, la qualit\u00e9 du syst\u00e8me financier d\u00e9centralis\u00e9 postulant et sa viabilit\u00e9 ainsi que l\u2019exp\u00e9rience dans le domaine du financement des activit\u00e9s g\u00e9n\u00e9ratrices de revenus. Le pr\u00e9sident de l\u2019Association des professionnels des banques et \u00e9tablissements financiers du Burkina Faso, Martial Goeh-Akue, a fait remarquer que la plupart des populations n\u2019ont pas acc\u00e8s aux services financiers de base, or l\u2019inclusion financi\u00e8re est un catalyseur de croissance \u00e9conomique. C\u2019est pourquoi, il a salu\u00e9 le lancement du FONAFI qui va toucher plus d\u2019un million de b\u00e9n\u00e9ficiaires. \u00ab\u00a0Notre mission \u00e9tant de favoriser la croissance \u00e9conomique, nous sommes pr\u00eats \u00e0 accompagner le fonds pour l\u2019atteinte de ses objectifs\u00a0\u00bb, a rassur\u00e9 M. Goeh-Akue. Pour le ministre de l\u2019Economie, des Finances et du D\u00e9veloppement, Lassan\u00e9 Kabor\u00e9, le faible taux d\u2019acc\u00e8s des services financiers par les populations ne facilite pas la r\u00e9alisation de la vision du gouvernement.<\/p>\n<p>\u00ab\u00a0Il est inconcevable qu\u2019\u00e0 ce jour, 39% de nos populations n\u2019utilisent aucun des services financiers de base (un compte courant ou d\u2019\u00e9pargne, l\u2019acc\u00e8s \u00e0 un cr\u00e9dit productif et l\u2019assurance). Cette situation est encore plus remarqu\u00e9e en milieu rural chez les femmes et les jeunes. Pourtant, leur acc\u00e8s est une condition pour stimuler notre croissance \u00e9conomique \u00e0 travers la mobilisation de l\u2019\u00e9pargne pour l\u2019investissement, le financement des secteurs productifs, la cr\u00e9ation d\u2019emplois, \u2026\u00a0\u00bb, a soutenu le ministre Kabor\u00e9. C\u2019est pourquoi, a-t-il rench\u00e9ri, le PPFIB vise \u00e0 int\u00e9grer les populations \u00e0 faibles revenus dans le circuit \u00e9conomique \u00e0 travers la mise en place d\u2019un m\u00e9canisme sp\u00e9cifique de financement.<\/p>\n<p class=\"c1\"><strong>Joseph HARO<\/strong><\/p>\n<hr\/>\n<p class=\"c2\"><strong>\u00ab\u00a0Il ne faut pas laisser des Burkinab\u00e8 en dehors des services financiers \u00bb,<\/strong> <strong>le Pr\u00e9sident du Faso, Roch Kabor\u00e9<\/strong><\/p>\n<p class=\"c2\">\u00ab\u00a0La bancarisation du Burkina Faso est encore faible, car nombre de nos concitoyens n\u2019ont pas acc\u00e8s aux services bancaires. Il \u00e9tait important de r\u00e9fl\u00e9chir \u00e0 une nouvelle structure, le FONAFI, qui va permettre d\u2019apporter un appui aux jeunes, aux femmes, aux micro et petites entreprises qui n\u2019ont pas la perspective d\u2019aller \u00e0 une banque pour demander des financements et d\u00e9velopper leurs activit\u00e9s. Aussi, nous mettons un accent sur la transformation de nos produits locaux et dans ce domaine, les femmes sont actives mais n\u2019ont pas les moyens de renforcer leurs capacit\u00e9s. Il ne faut pas laisser une partie des Burkinab\u00e8 en dehors des services financiers. C\u2019est pourquoi, le FONAFI doit mutualiser l\u2019ensemble des moyens qui sont mis en \u0153uvre pour aider les petites entreprises pour leur permettre de grandir, se consolider et renforcer le d\u00e9veloppement du Burkina. Nous remercions l\u2019ensemble des partenaires qui ont contribu\u00e9 \u00e0 la mise en \u0153uvre de ce fonds, notamment la Banque ouest- africaine de d\u00e9veloppement (BOAD). Le FONAFI va concerner les 13 r\u00e9gions et permettre un acc\u00e8s plus facile aux services financiers. Il est aussi important que nous apprenions \u00e0 chaque Burkinab\u00e8, l\u2019int\u00e9r\u00eat d\u2019aller vers un syst\u00e8me adapt\u00e9, sachant que les pr\u00eats seront rembours\u00e9s pour permettre \u00e0 d\u2019autres de pouvoir en b\u00e9n\u00e9ficier\u00a0\u00bb.<\/p>\n<p class=\"c1\"><strong>Propos recueillis par J.H<\/strong><\/p>\n<div class=\"td-a-rec td-a-rec-id-content_bottom tdi_31_da5 td_block_template_1\"><img loading=\"lazy\" decoding=\"async\" class=\"aligncenter size-full wp-image-22415\" src=\"https:\/\/www.sidwaya.info\/wp-content\/uploads\/2020\/05\/Bandeau-paiement-mobile-site.png\" alt=\"\" width=\"728\" height=\"90\"\/><\/div>\n<p>Auteur: BM. Sidwaya<br \/>\n<a href=\"https:\/\/www.sidwaya.info\/blog\/2020\/09\/10\/promotion-de-la-finance-inclusive-un-fonds-de-plus-de-44-milliards-f-cfa-operationnel\/\">Cliquez ici pour lire l&rsquo;article depuis sa source.<\/a><\/p>\n","protected":false},"excerpt":{"rendered":"<p>Le Fonds national de la finance inclusive dot\u00e9 de plus de 44 milliards F CFA a \u00e9t\u00e9 officiellement lanc\u00e9, le jeudi 10 septembre 2020 \u00e0 Ouagadougou, en pr\u00e9sence du chef de l\u2019Etat, Roch Marc Christian Kabor\u00e9. Le Fonds national de la finance inclusive (FONAFI), n\u00e9 de la volont\u00e9 du gouvernement burkinab\u00e8 d\u2019accompagner l\u2019\u00e9conomie informelle en [&hellip;]<\/p>\n","protected":false},"author":1816,"featured_media":98479,"comment_status":"closed","ping_status":"closed","sticky":false,"template":"","format":"standard","meta":{"fifu_image_url":"","fifu_image_alt":"","footnotes":""},"categories":[73,81],"tags":[],"class_list":["post-98478","post","type-post","status-publish","format-standard","has-post-thumbnail","hentry","category-actualite","category-burkina-faso"],"_links":{"self":[{"href":"https:\/\/linitiative.ca\/International\/wp-json\/wp\/v2\/posts\/98478","targetHints":{"allow":["GET"]}}],"collection":[{"href":"https:\/\/linitiative.ca\/International\/wp-json\/wp\/v2\/posts"}],"about":[{"href":"https:\/\/linitiative.ca\/International\/wp-json\/wp\/v2\/types\/post"}],"author":[{"embeddable":true,"href":"https:\/\/linitiative.ca\/International\/wp-json\/wp\/v2\/users\/1816"}],"replies":[{"embeddable":true,"href":"https:\/\/linitiative.ca\/International\/wp-json\/wp\/v2\/comments?post=98478"}],"version-history":[{"count":0,"href":"https:\/\/linitiative.ca\/International\/wp-json\/wp\/v2\/posts\/98478\/revisions"}],"wp:featuredmedia":[{"embeddable":true,"href":"https:\/\/linitiative.ca\/International\/wp-json\/"}],"wp:attachment":[{"href":"https:\/\/linitiative.ca\/International\/wp-json\/wp\/v2\/media?parent=98478"}],"wp:term":[{"taxonomy":"category","embeddable":true,"href":"https:\/\/linitiative.ca\/International\/wp-json\/wp\/v2\/categories?post=98478"},{"taxonomy":"post_tag","embeddable":true,"href":"https:\/\/linitiative.ca\/International\/wp-json\/wp\/v2\/tags?post=98478"}],"curies":[{"name":"wp","href":"https:\/\/api.w.org\/{rel}","templated":true}]}}