{"id":98480,"date":"2020-09-10T16:39:21","date_gmt":"2020-09-10T20:39:21","guid":{"rendered":"https:\/\/linitiative.ca\/International\/mesures-contre-la-covid-19-la-reouverture-des-frontieres-terrestres-a-letude\/"},"modified":"2020-09-10T16:39:21","modified_gmt":"2020-09-10T20:39:21","slug":"mesures-contre-la-covid-19-la-reouverture-des-frontieres-terrestres-a-letude","status":"publish","type":"post","link":"https:\/\/linitiative.ca\/International\/mesures-contre-la-covid-19-la-reouverture-des-frontieres-terrestres-a-letude\/","title":{"rendered":"Mesures contre la COVID-19  : la r\u00e9ouverture des fronti\u00e8res terrestres  \u00e0 l\u2019\u00e9tude"},"content":{"rendered":"<div class=\"td-post-featured-image\"><a href=\"https:\/\/www.sidwaya.info\/wp-content\/uploads\/2020\/09\/1-24.jpg\" data-caption=\"\"><img loading=\"lazy\" decoding=\"async\" width=\"595\" height=\"409\" class=\"entry-thumb td-modal-image\" src=\"https:\/\/www.sidwaya.info\/wp-content\/uploads\/2020\/09\/1-24.jpg\" srcset=\"https:\/\/www.sidwaya.info\/wp-content\/uploads\/2020\/09\/1-24.jpg 595w, https:\/\/www.sidwaya.info\/wp-content\/uploads\/2020\/09\/1-24-300x206.jpg 300w, https:\/\/www.sidwaya.info\/wp-content\/uploads\/2020\/09\/1-24-218x150.jpg 218w, https:\/\/www.sidwaya.info\/wp-content\/uploads\/2020\/09\/1-24-100x70.jpg 100w\" sizes=\"auto, (max-width: 595px) 100vw, 595px\" alt=\"\" title=\"1\"\/><\/a><\/div>\n<p><strong>Le Premier ministre, Christophe Joseph Marie Dabir\u00e9, a pr\u00e9sid\u00e9, le jeudi 10 septembre 2020, au palais de Kosyam \u00e0 Ouagadougou, un s\u00e9minaire gouvernemental sur la gestion de la pand\u00e9mie de la COVID-19.<\/strong><\/p>\n<p>Le gouvernement est d\u00e9termin\u00e9 \u00e0 \u00ab ma\u00eetriser davantage \u00bb, la pand\u00e9mie de la COVID-19. M\u00eame si, le pays enregistre de moins en moins de cas, le Premier ministre, Christophe Joseph Marie Dabir\u00e9 a jug\u00e9 n\u00e9cessaire de r\u00e9unir son \u00e9quipe pour r\u00e9fl\u00e9chir \u00e0 la suite de la gestion de la pand\u00e9mie qui constitue selon ses dires, un des \u00e9l\u00e9ments strat\u00e9giques g\u00e9r\u00e9s depuis un certain temps par l\u2019ex\u00e9cutif. Le conclave qui a eu lieu, hier jeudi 10 septembre 2020, au palais de Kosyam, a \u00e9t\u00e9 l\u2019occasion pour le gouvernement de passer au peigne fin, la pr\u00e9paration du plan de riposte de l\u2019\u00e9pid\u00e9mie du coronavirus.<\/p>\n<p>\u00ab Le Burkina a \u00e9t\u00e9 \u00e9prouv\u00e9 comme les autres pays par la pand\u00e9mie qui a remis en cause beaucoup de fondamentaux au niveau du d\u00e9veloppement \u00e9conomique et social. D\u00e8s le d\u00e9but de la crise, en mars dernier, un plan de pr\u00e9paration et de riposte \u00e0 l\u2019\u00e9pid\u00e9mie du coronavirus a \u00e9t\u00e9 adopt\u00e9 par le gouvernement\u00bb, a rappel\u00e9, le Premier ministre, \u00e0 l\u2019issue de la r\u00e9union minist\u00e9rielle. Faisant le point de leurs \u00e9changes, il a confi\u00e9 que le gouvernement a d\u00e9cid\u00e9 de renforcer davantage la synergie d\u2019actions entre les diff\u00e9rents secteurs d\u2019activit\u00e9s au niveau national. M. Dabir\u00e9 a expliqu\u00e9 qu\u2019\u00e0 la suite de l\u2019adoption par l\u2019Assembl\u00e9e nationale de la loi de finances rectificatives, il est important que le minist\u00e8re en charge des finances travaille \u00e0 disponibiliser les ressources financi\u00e8res pour permettre \u00e0 chaque comit\u00e9 sectoriel de lutte contre la COVID-19 de pouvoir ex\u00e9cuter cons\u00e9quemment son plan d\u2019actions.<\/p>\n<div class=\"td-a-rec td-a-rec-id-content_inline tdi_30_a15 td_block_template_1\"><img loading=\"lazy\" decoding=\"async\" class=\"aligncenter size-full wp-image-21314\" src=\"https:\/\/www.sidwaya.info\/wp-content\/uploads\/2020\/04\/Bandeau-Covid-19-Sidwaya-1.jpg\" alt=\"\" width=\"790\" height=\"98\"\/><\/div>\n<p><strong>Situation sous contr\u00f4le<\/strong><\/p>\n<p>La question de la r\u00e9ouverture des fronti\u00e8res a \u00e9t\u00e9 aussi au centre des \u00e9changes. Sur ce point, le Premier ministre a indiqu\u00e9 que les r\u00e9flexions se poursuivent pour la gestion de l\u2019ouverture des fronti\u00e8res, car les cas import\u00e9s ont contribu\u00e9 \u00e0 une explosion de la maladie. \u00ab Nous sommes en train de r\u00e9fl\u00e9chir \u00e0 l\u2019ouverture des fronti\u00e8res terrestres et ferroviaires. Nous appartenons \u00e0 un espace communautaire et nous ne pouvons pas ouvrir les fronti\u00e8res si, de l\u2019autre c\u00f4t\u00e9, elles ne sont pas ouvertes.<\/p>\n<p>Nous sommes en discussion avec les autres pays pour voir comment nous allons les ouvrir de fa\u00e7on concert\u00e9e en nous assurant qu\u2019elles ne vont pas cr\u00e9er une explosion de la pand\u00e9mie dans notre pays \u00bb, a-t-il soutenu. Les participants au s\u00e9minaire gouvernemental ont \u00e9galement demand\u00e9 au secr\u00e9tariat ex\u00e9cutif d\u2019approfondir le plan national de riposte, en int\u00e9grant la composante \u00ab recherche scientifique et le protocole m\u00e9dical \u00bb qui permettront d\u2019avancer sereinement vers la ma\u00eetrise de la pand\u00e9mie. Cette ma\u00eetrise a explicit\u00e9, le Premier ministre, permettra de situer la COVID-19 sur la liste des maladies comme le paludisme, la diarrh\u00e9e\u2026qui sont consid\u00e9r\u00e9s aujourd\u2019hui comme des maladies ordinaires. \u00ab Nous sommes en train de travailler pour qu\u2019elle se fasse dans de meilleures conditions et dans un d\u00e9lai raisonnable pour permettre aux populations de vivre normalement et \u00e0 l\u2019\u00e9conomie de red\u00e9marrer avec le plan de relance pr\u00e9conis\u00e9 par le chef de l\u2019Etat et sa mise en \u0153uvre dans les d\u00e9partements minist\u00e9riels \u00bb, a ajout\u00e9 le Premier ministre.<\/p>\n<p>Il s\u2019est r\u00e9joui que la situation (pand\u00e9mie) soit sous contr\u00f4le, m\u00eame si, le pire avait \u00e9t\u00e9 pr\u00e9dit pour des pays dont le syst\u00e8me de sant\u00e9 est fragile. \u00ab Nous nous sommes bien tir\u00e9s de la situation. Nous pouvons \u00eatre satisfaits de la mani\u00e8re dont nous avons g\u00e9r\u00e9 l\u2019ensemble de la crise \u00bb, a-t-il affirm\u00e9. Maintenant, a-t-il souhait\u00e9, il faut garder la vigilance pour \u00e9viter que le nombre de cas positifs n\u2019augmente. Pour y parvenir, il a invit\u00e9 les populations \u00e0 continuer \u00e0 respecter les mesures-barri\u00e8res et les diff\u00e9rentes restrictions (port du masque\u2026.). Lors de la r\u00e9union minist\u00e9rielle, la question de la rentr\u00e9e scolaire a aussi aliment\u00e9e les \u00e9changes. Le chef du gouvernement s\u2019est voulu rassurant. A l\u2019entendre, si la r\u00e9ouverture des \u00e9coles a \u00e9t\u00e9 d\u00e9cid\u00e9e, le gouvernement mettra tous les moyens pour que les \u00e9tablissements ne soient pas des foyers de propagation de la maladie. De ce fait, il a rassur\u00e9 les parents d\u2019\u00e9l\u00e8ves, que toutes les dispositions seront prises pour respecter les mesures- barri\u00e8res.<\/p>\n<p class=\"c1\"><strong>Abdel Aziz NABALOUM<\/strong><br \/><strong>emirathe@yahoo.fr<\/strong><\/p>\n<div class=\"td-a-rec td-a-rec-id-content_bottom tdi_31_9aa td_block_template_1\"><img loading=\"lazy\" decoding=\"async\" class=\"aligncenter size-full wp-image-22415\" src=\"https:\/\/www.sidwaya.info\/wp-content\/uploads\/2020\/05\/Bandeau-paiement-mobile-site.png\" alt=\"\" width=\"728\" height=\"90\"\/><\/div>\n<p>Auteur: BM. Sidwaya<br \/>\n<a href=\"https:\/\/www.sidwaya.info\/blog\/2020\/09\/10\/mesures-contre-la-covid-19-la-reouverture-des-frontieres-terrestres-a-letude\/\">Cliquez ici pour lire l&rsquo;article depuis sa source.<\/a><\/p>\n","protected":false},"excerpt":{"rendered":"<p>Le Premier ministre, Christophe Joseph Marie Dabir\u00e9, a pr\u00e9sid\u00e9, le jeudi 10 septembre 2020, au palais de Kosyam \u00e0 Ouagadougou, un s\u00e9minaire gouvernemental sur la gestion de la pand\u00e9mie de la COVID-19. Le gouvernement est d\u00e9termin\u00e9 \u00e0 \u00ab ma\u00eetriser davantage \u00bb, la pand\u00e9mie de la COVID-19. M\u00eame si, le pays enregistre de moins en moins [&hellip;]<\/p>\n","protected":false},"author":1816,"featured_media":98481,"comment_status":"closed","ping_status":"closed","sticky":false,"template":"","format":"standard","meta":{"fifu_image_url":"","fifu_image_alt":"","footnotes":""},"categories":[73,81],"tags":[],"class_list":["post-98480","post","type-post","status-publish","format-standard","has-post-thumbnail","hentry","category-actualite","category-burkina-faso"],"_links":{"self":[{"href":"https:\/\/linitiative.ca\/International\/wp-json\/wp\/v2\/posts\/98480","targetHints":{"allow":["GET"]}}],"collection":[{"href":"https:\/\/linitiative.ca\/International\/wp-json\/wp\/v2\/posts"}],"about":[{"href":"https:\/\/linitiative.ca\/International\/wp-json\/wp\/v2\/types\/post"}],"author":[{"embeddable":true,"href":"https:\/\/linitiative.ca\/International\/wp-json\/wp\/v2\/users\/1816"}],"replies":[{"embeddable":true,"href":"https:\/\/linitiative.ca\/International\/wp-json\/wp\/v2\/comments?post=98480"}],"version-history":[{"count":0,"href":"https:\/\/linitiative.ca\/International\/wp-json\/wp\/v2\/posts\/98480\/revisions"}],"wp:featuredmedia":[{"embeddable":true,"href":"https:\/\/linitiative.ca\/International\/wp-json\/"}],"wp:attachment":[{"href":"https:\/\/linitiative.ca\/International\/wp-json\/wp\/v2\/media?parent=98480"}],"wp:term":[{"taxonomy":"category","embeddable":true,"href":"https:\/\/linitiative.ca\/International\/wp-json\/wp\/v2\/categories?post=98480"},{"taxonomy":"post_tag","embeddable":true,"href":"https:\/\/linitiative.ca\/International\/wp-json\/wp\/v2\/tags?post=98480"}],"curies":[{"name":"wp","href":"https:\/\/api.w.org\/{rel}","templated":true}]}}