{"id":98485,"date":"2020-09-10T12:02:01","date_gmt":"2020-09-10T16:02:01","guid":{"rendered":"https:\/\/linitiative.ca\/International\/cameroun-demissionnaire-de-ludc-sam-mbaka-est-courtise-par-le-rdpc\/"},"modified":"2020-09-10T12:02:01","modified_gmt":"2020-09-10T16:02:01","slug":"cameroun-demissionnaire-de-ludc-sam-mbaka-est-courtise-par-le-rdpc","status":"publish","type":"post","link":"https:\/\/linitiative.ca\/International\/cameroun-demissionnaire-de-ludc-sam-mbaka-est-courtise-par-le-rdpc\/","title":{"rendered":"Cameroun : d\u00e9missionnaire de l\u2019UDC, Sam Mbaka est courtis\u00e9 par le RDPC"},"content":{"rendered":"<div readability=\"32\">\n<p>Publi\u00e9 le 10.09.2020 \u00e0 17h02 par JournalduCameroun.com<\/p>\n<\/div>\n<div readability=\"61\">\n<h2 class=\"c6\">Le 1er vice pr\u00e9sident de l\u2019Union d\u00e9mocratique camerounaise a jet\u00e9 l\u2019\u00e9ponge apr\u00e8s de nombreuses frustrations subies apr\u00e8s la mort d\u2019Adamou Ndam Njoya, le d\u00e9funt pr\u00e9sident du parti.<\/h2>\n<p class=\"c7\"><strong>Cyrille Sam Mbaka<\/strong> n\u2019est plus le premier vice pr\u00e9sident de l\u2019Union d\u00e9mocratique du Cameroun (UDC). Il a annonc\u00e9 sa d\u00e9mission de cette formation de l\u2019opposition ce 10 septembre 2020 \u00e0 Douala au cours d\u2019une conf\u00e9rence de presse.<\/p>\n<p class=\"c7\">Dans les rangs des invit\u00e9s \u00e0 cette conf\u00e9rence de presse, Edouard Fochiv\u00e9, cadre du Rassemblement d\u00e9mocratique du peuple camerounais (RDPC), le parti au pouvoir. Ce dernier s\u2019est empress\u00e9 de tendre la main au d\u00e9sormais ancien premier vice-pr\u00e9sident de l\u2019<strong>UDC<\/strong>. \u00ab\u00a0La d\u00e9mocratie se b\u00e2tit autour du RDPC, a commenc\u00e9 Edouard Fochiv\u00e9, sortir d\u2019un parti \u00e0 ton niveau prouve qu\u2019il y a un \u00e9chec quelque part. Si tu venais, sois en rassur\u00e9, tu trouveras la chaise et nous b\u00e2tirons la d\u00e9centralisation \u00e0 la laquelle tu tiens tant\u00a0\u00bb.<\/p>\n<p class=\"c7\">Cyrille Sam Mbaka ne goutte pas de ne pas avoir \u00e9t\u00e9 choisi par le directoire du parti apr\u00e8s la mort, en mars dernier, de Adamou Ndam Njoya, pr\u00e9sident et fondateur de l\u2019UDC. Selon Sam Mbaka, les textes du parti ont \u00e9t\u00e9 viol\u00e9s apr\u00e8s le d\u00e9c\u00e8s du pr\u00e9sident national, remplac\u00e9 par son \u00e9pouse, alors que les textes du parti pr\u00e9voient que le vice-pr\u00e9sident succ\u00e8de au pr\u00e9sident national apr\u00e8s son d\u00e9part.<\/p>\n<p class=\"c7\">Sam Mbaka n\u2019a pas r\u00e9pondu \u00e0 la main tendue du RDPC, mais annonce la cr\u00e9ation d\u2019un mouvement politique pour affronter le parti au pouvoir.<\/p>\n<\/div>\n<p>Auteur: Ludovic Amara<br \/>\n<a href=\"https:\/\/www.journalducameroun.com\/cameroun-demissionnaire-de-ludc-sam-mbaka-est-courtise-par-le-rdpc-cameroun\/\">Cliquez ici pour lire l&rsquo;article depuis sa source.<\/a><\/p>\n","protected":false},"excerpt":{"rendered":"<p>Publi\u00e9 le 10.09.2020 \u00e0 17h02 par JournalduCameroun.com Le 1er vice pr\u00e9sident de l\u2019Union d\u00e9mocratique camerounaise a jet\u00e9 l\u2019\u00e9ponge apr\u00e8s de nombreuses frustrations subies apr\u00e8s la mort d\u2019Adamou Ndam Njoya, le d\u00e9funt pr\u00e9sident du parti. Cyrille Sam Mbaka n\u2019est plus le premier vice pr\u00e9sident de l\u2019Union d\u00e9mocratique du Cameroun (UDC). Il a annonc\u00e9 sa d\u00e9mission de [&hellip;]<\/p>\n","protected":false},"author":1965,"featured_media":0,"comment_status":"closed","ping_status":"closed","sticky":false,"template":"","format":"standard","meta":{"fifu_image_url":"","fifu_image_alt":"","footnotes":""},"categories":[73,82],"tags":[],"class_list":["post-98485","post","type-post","status-publish","format-standard","hentry","category-actualite","category-cameroun"],"_links":{"self":[{"href":"https:\/\/linitiative.ca\/International\/wp-json\/wp\/v2\/posts\/98485","targetHints":{"allow":["GET"]}}],"collection":[{"href":"https:\/\/linitiative.ca\/International\/wp-json\/wp\/v2\/posts"}],"about":[{"href":"https:\/\/linitiative.ca\/International\/wp-json\/wp\/v2\/types\/post"}],"author":[{"embeddable":true,"href":"https:\/\/linitiative.ca\/International\/wp-json\/wp\/v2\/users\/1965"}],"replies":[{"embeddable":true,"href":"https:\/\/linitiative.ca\/International\/wp-json\/wp\/v2\/comments?post=98485"}],"version-history":[{"count":0,"href":"https:\/\/linitiative.ca\/International\/wp-json\/wp\/v2\/posts\/98485\/revisions"}],"wp:attachment":[{"href":"https:\/\/linitiative.ca\/International\/wp-json\/wp\/v2\/media?parent=98485"}],"wp:term":[{"taxonomy":"category","embeddable":true,"href":"https:\/\/linitiative.ca\/International\/wp-json\/wp\/v2\/categories?post=98485"},{"taxonomy":"post_tag","embeddable":true,"href":"https:\/\/linitiative.ca\/International\/wp-json\/wp\/v2\/tags?post=98485"}],"curies":[{"name":"wp","href":"https:\/\/api.w.org\/{rel}","templated":true}]}}