{"id":98486,"date":"2020-09-10T13:18:02","date_gmt":"2020-09-10T17:18:02","guid":{"rendered":"https:\/\/linitiative.ca\/International\/maroc-demantelement-dune-cellule-terroriste\/"},"modified":"2020-09-10T13:18:02","modified_gmt":"2020-09-10T17:18:02","slug":"maroc-demantelement-dune-cellule-terroriste","status":"publish","type":"post","link":"https:\/\/linitiative.ca\/International\/maroc-demantelement-dune-cellule-terroriste\/","title":{"rendered":"Maroc : D\u00e9mant\u00e8lement d\u2019une cellule terroriste"},"content":{"rendered":"<div readability=\"32\">\n<p>Publi\u00e9 le 10.09.2020 \u00e0 18h18 par APA News<\/p>\n<\/div>\n<div readability=\"98\">\n<p>Le Bureau central d\u2019investigation judiciaires (BCIJ), relevant de la Direction g\u00e9n\u00e9rale de la surveillance du territoire (DGST) au Maroc a r\u00e9ussi le d\u00e9mant\u00e8lement d\u2019une cellule terroriste affili\u00e9e \u00e0 Daech , active dans les villes de T\u00e9mara, Skhirat (r\u00e9gion de Rabat), Tanger (nord) et Tiflet (centre),Ces op\u00e9rations de s\u00e9curit\u00e9, ex\u00e9cut\u00e9es simultan\u00e9ment dans ces quatre villes aux premi\u00e8res heures de jeudi, se sont sold\u00e9es par l\u2019arrestation de cinq mis en cause, indique un communiqu\u00e9 du BCIJ, ajoutant que l\u2019un des suspects interpell\u00e9s \u00e0 Tiflet a oppos\u00e9 une r\u00e9sistance farouche.<\/p>\n<p>Tentant d\u2019exposer des \u00e9l\u00e9ments de l\u2019Intervention rapide \u00e0 une agression terroriste, il a gri\u00e8vement bless\u00e9 l\u2019un d\u2019eux au niveau de l\u2019avant-bras \u00e0 l\u2019aide d\u2019un outil tranchant, avant d\u2019\u00eatre interpell\u00e9 apr\u00e8s des tirs de balles de sommation et des bombes sonores.<\/p>\n<p>Un autre suspect interpell\u00e9 dans la ville de T\u00e9mara, poursuit la m\u00eame source, a tent\u00e9 de se faire exploser \u00e0 l\u2019aide d\u2019une grande bonbonne \u00e0 gaz, affichant \u00e0 son tour une r\u00e9sistance farouche, ce qui a oblig\u00e9 les \u00e9l\u00e9ments d\u2019intervention rapide \u00e0 tirer quatre balles, des bombes sonores et des bombes fumig\u00e8nes afin de brouiller la vision du suspect, permettant ainsi de neutraliser le danger et de mettre en \u00e9chec ses menaces terroristes.<\/p>\n<p>La perquisition op\u00e9r\u00e9e a permis la saisie d\u2019un lot d\u2019armes blanches, de produits chimiques, des cagoules, des t\u00e9l\u00e9phones portables et d\u2019autres produits suspects.<\/p>\n<p>Les recherches et investigations men\u00e9es r\u00e9v\u00e8lent, poursuit-on, que le chef de cette cellule, aux ant\u00e9c\u00e9dents judiciaires dans les crimes violents et consid\u00e9r\u00e9 comme un suspect dangereux, avait planifi\u00e9, en compagnie de ses complices, de mener des op\u00e9rations terroristes visant plusieurs installations et sites sensibles, en utilisant des engins et des ceintures explosifs et ce, pour d\u00e9stabiliser la s\u00e9curit\u00e9 et la stabilit\u00e9 du Royaume.<\/p>\n<p>L\u2019enqu\u00eate a \u00e9galement r\u00e9v\u00e9l\u00e9 que tous les suspects, qui ont atteint des stades avanc\u00e9s de planification et de pr\u00e9paration de leurs projets terroristes, avaient effectu\u00e9 des missions de reconnaissance afin d\u2019identifier leurs cibles qu\u2019ils projetaient d\u2019attaquer par des attentats suicides en utilisant des gilets explosifs, leur objectif \u00e9tant de causer de lourds d\u00e9g\u00e2ts et donner de l\u2019impact \u00e0 ces op\u00e9rations criminelles, ajoute la m\u00eame source.<\/p>\n<p>Les suspects ont \u00e9t\u00e9 plac\u00e9s en garde \u00e0 vue \u00e0 la disposition de l\u2019enqu\u00eate judiciaire men\u00e9e sous la supervision du parquet comp\u00e9tent.<\/p>\n<p>Cette op\u00e9ration qualitative intervient dans un contexte marqu\u00e9 par la hausse des menaces terroristes visant le Royaume, notamment avec la recrudescence des activit\u00e9s terroristes dans la r\u00e9gion sah\u00e9lo-saharienne et dans des zones en Afrique du Nord, conclut le communiqu\u00e9.<\/p>\n<\/div>\n<p>Auteur: APA News<br \/>\n<a href=\"https:\/\/www.journalducameroun.com\/maroc-demantelement-dune-cellule-terroriste\/\">Cliquez ici pour lire l&rsquo;article depuis sa source.<\/a><\/p>\n","protected":false},"excerpt":{"rendered":"<p>Publi\u00e9 le 10.09.2020 \u00e0 18h18 par APA News Le Bureau central d\u2019investigation judiciaires (BCIJ), relevant de la Direction g\u00e9n\u00e9rale de la surveillance du territoire (DGST) au Maroc a r\u00e9ussi le d\u00e9mant\u00e8lement d\u2019une cellule terroriste affili\u00e9e \u00e0 Daech , active dans les villes de T\u00e9mara, Skhirat (r\u00e9gion de Rabat), Tanger (nord) et Tiflet (centre),Ces op\u00e9rations de [&hellip;]<\/p>\n","protected":false},"author":1965,"featured_media":0,"comment_status":"closed","ping_status":"closed","sticky":false,"template":"","format":"standard","meta":{"fifu_image_url":"","fifu_image_alt":"","footnotes":""},"categories":[73,82],"tags":[],"class_list":["post-98486","post","type-post","status-publish","format-standard","hentry","category-actualite","category-cameroun"],"_links":{"self":[{"href":"https:\/\/linitiative.ca\/International\/wp-json\/wp\/v2\/posts\/98486","targetHints":{"allow":["GET"]}}],"collection":[{"href":"https:\/\/linitiative.ca\/International\/wp-json\/wp\/v2\/posts"}],"about":[{"href":"https:\/\/linitiative.ca\/International\/wp-json\/wp\/v2\/types\/post"}],"author":[{"embeddable":true,"href":"https:\/\/linitiative.ca\/International\/wp-json\/wp\/v2\/users\/1965"}],"replies":[{"embeddable":true,"href":"https:\/\/linitiative.ca\/International\/wp-json\/wp\/v2\/comments?post=98486"}],"version-history":[{"count":0,"href":"https:\/\/linitiative.ca\/International\/wp-json\/wp\/v2\/posts\/98486\/revisions"}],"wp:attachment":[{"href":"https:\/\/linitiative.ca\/International\/wp-json\/wp\/v2\/media?parent=98486"}],"wp:term":[{"taxonomy":"category","embeddable":true,"href":"https:\/\/linitiative.ca\/International\/wp-json\/wp\/v2\/categories?post=98486"},{"taxonomy":"post_tag","embeddable":true,"href":"https:\/\/linitiative.ca\/International\/wp-json\/wp\/v2\/tags?post=98486"}],"curies":[{"name":"wp","href":"https:\/\/api.w.org\/{rel}","templated":true}]}}