{"id":98487,"date":"2020-09-10T13:18:04","date_gmt":"2020-09-10T17:18:04","guid":{"rendered":"https:\/\/linitiative.ca\/International\/biodiversite-68-des-animaux-vertebres-ont-disparu-en-moins-de-50-ans-rapport\/"},"modified":"2020-09-10T13:18:04","modified_gmt":"2020-09-10T17:18:04","slug":"biodiversite-68-des-animaux-vertebres-ont-disparu-en-moins-de-50-ans-rapport","status":"publish","type":"post","link":"https:\/\/linitiative.ca\/International\/biodiversite-68-des-animaux-vertebres-ont-disparu-en-moins-de-50-ans-rapport\/","title":{"rendered":"Biodiversit\u00e9 : 68% des animaux vert\u00e9br\u00e9s ont disparu en moins de 50 ans (rapport)"},"content":{"rendered":"<div readability=\"32\">\n<p>Publi\u00e9 le 10.09.2020 \u00e0 18h18 par APA News<\/p>\n<\/div>\n<div readability=\"111\">\n<p>Entre 1970 et 2016, soit moins d\u2019un demi-si\u00e8cle, la population mondiale de vert\u00e9br\u00e9s \u2013 poissons, oiseaux, mammif\u00e8res, amphibiens et reptiles \u2013 a chut\u00e9 de 68% \u00e0 cause principalement de l\u2019activit\u00e9 humaine, alerte le 13\u00e8me rapport \u00ab Plan\u00e8te vivante \u00bb du World Wildlife Fund (WWF) rendu public ce jeudi.Les activit\u00e9s humaines dont le changement d\u2019utilisation des terres pour l\u2019agriculture industrielle constituent les principales causes de cette destruction de la biodiversit\u00e9. En effet, soulignent les experts du WWF, la production agricole repr\u00e9sente, aujourd\u2019hui, 80% de la d\u00e9forestation mondiale, 70% de l\u2019utilisation d\u2019eau douce et 70% de la perte de biodiversit\u00e9 terrestre.<\/p>\n<p>Le d\u00e9r\u00e8glement climatique, une des cinq menaces majeures qui met en danger l\u2019avenir de la plan\u00e8te, pourrait devenir, dans les ann\u00e9es \u00e0 venir, la premi\u00e8re cause de disparition des esp\u00e8ces, entra\u00eenant l\u2019extinction d\u2019au moins 20% des esp\u00e8ces terrestres \u00e0 horizon 2100, constate le rapport, notant que les oc\u00e9ans ne sont \u00e9pargn\u00e9s par cette d\u00e9gradation de la biodiversit\u00e9.<\/p>\n<p>Par ailleurs, signale le document, les pressions que l\u2019homme exerce sur la nature \u00e0 travers ses modes de consommation et de production sont des menaces directes pour sa sant\u00e9. \u00ab Elles sont en grande partie \u00e0 l\u2019origine de la crise sanitaire li\u00e9e \u00e0 la pand\u00e9mie de COVID-19 \u00bb.\u00a0<\/p>\n<p>De m\u00eame, la destruction des \u00e9cosyst\u00e8mes et la perte de biodiversit\u00e9 font aussi porter un risque consid\u00e9rable sur la s\u00e9curit\u00e9 alimentaire mondiale qui repose sur un grand nombre d\u2019esp\u00e8ces sauvages \u00ab de plus en plus surexploit\u00e9es \u00bb et cultiv\u00e9es \u00ab de moins en moins diversifi\u00e9es \u00bb, fait remarquer le WWF.<\/p>\n<p>Ce dernier estime en outre que les impacts \u00e9conomiques du d\u00e9clin de la biodiversit\u00e9 pourraient s\u2019\u00e9lever \u00e0 plus de 479 milliards de dollars par an, soit environ 10 000 milliards de dollars d\u2019ici 2050.<\/p>\n<p>\u00ab Il est urgent et imp\u00e9ratif de se mobiliser pour pr\u00e9server et restaurer les \u00e9cosyst\u00e8mes et pour garantir un avenir soutenable pour toutes et tous. Un seul mot d\u2019ordre : agir maintenant et \u00e0 la hauteur des enjeux ! \u00bb, a ainsi d\u00e9clar\u00e9 V\u00e9ronique Andrieux, Directrice g\u00e9n\u00e9rale du WWF France, cit\u00e9 par le document.\u00a0<\/p>\n<p>Ainsi, pour stabiliser puis inverser le d\u00e9clin de la biodiversit\u00e9 d\u2019ici 2050, le WWF appelle les d\u00e9cideurs, les entreprises, les collectivit\u00e9s et les citoyens \u00e0 un sursaut collectif pour la biodiversit\u00e9.<\/p>\n<p>Ce sursaut devrait se concr\u00e9tiser \u00e0 travers un renforcement des efforts de conservation ; la transformation de notre mod\u00e8le agricole vers une production alimentaire plus durable et la lutte contre le gaspillage alimentaire et la r\u00e9duction de 50% de la consommation de prot\u00e9ines animales.\u00a0<\/p>\n<p>Au niveau international, le WWF plaide pour \u00ab un v\u00e9ritable New Deal pour l\u2019Homme et la Nature \u00bb \u00e0 la prochaine conf\u00e9rence des parties de la Convention pour la Diversit\u00e9 Biologique (CDB) des Nations Unies avec pour objectifs \u00e0 l\u2019horizon 2030.<\/p>\n<p>Celui-ci devrait s\u2019articuler autour d\u2019un renforcement et l\u2019extension du r\u00e9seau mondial d\u2019aires prot\u00e9g\u00e9es en mettant les communaut\u00e9s locales au c\u0153ur de la protection de la biodiversit\u00e9 et des \u00e9cosyst\u00e8mes ; un engagement sur l\u2019arr\u00eat des extinctions d\u2019esp\u00e8ces du fait de l\u2019Homme et la r\u00e9duction de moiti\u00e9 de l\u2019empreinte \u00e9cologique de l\u2019humanit\u00e9.\u00a0<\/p>\n<p>Enfin, le WWF sugg\u00e8re aussi de r\u00e9orienter massivement l\u2019aide au d\u00e9veloppement vers des projets b\u00e9n\u00e9fiques pour la biodiversit\u00e9 et la lutte contre le d\u00e9r\u00e8glement climatique et encadrer les acteurs de la finance priv\u00e9e pour supprimer les investissements n\u00e9fastes.<\/p>\n<\/div>\n<p>Auteur: APA News<br \/>\n<a href=\"https:\/\/www.journalducameroun.com\/biodiversite-68-des-animaux-vertebres-ont-disparu-en-moins-de-50-ans-rapport\/\">Cliquez ici pour lire l&rsquo;article depuis sa source.<\/a><\/p>\n","protected":false},"excerpt":{"rendered":"<p>Publi\u00e9 le 10.09.2020 \u00e0 18h18 par APA News Entre 1970 et 2016, soit moins d\u2019un demi-si\u00e8cle, la population mondiale de vert\u00e9br\u00e9s \u2013 poissons, oiseaux, mammif\u00e8res, amphibiens et reptiles \u2013 a chut\u00e9 de 68% \u00e0 cause principalement de l\u2019activit\u00e9 humaine, alerte le 13\u00e8me rapport \u00ab Plan\u00e8te vivante \u00bb du World Wildlife Fund (WWF) rendu public ce [&hellip;]<\/p>\n","protected":false},"author":1965,"featured_media":0,"comment_status":"closed","ping_status":"closed","sticky":false,"template":"","format":"standard","meta":{"fifu_image_url":"","fifu_image_alt":"","footnotes":""},"categories":[73,82],"tags":[],"class_list":["post-98487","post","type-post","status-publish","format-standard","hentry","category-actualite","category-cameroun"],"_links":{"self":[{"href":"https:\/\/linitiative.ca\/International\/wp-json\/wp\/v2\/posts\/98487","targetHints":{"allow":["GET"]}}],"collection":[{"href":"https:\/\/linitiative.ca\/International\/wp-json\/wp\/v2\/posts"}],"about":[{"href":"https:\/\/linitiative.ca\/International\/wp-json\/wp\/v2\/types\/post"}],"author":[{"embeddable":true,"href":"https:\/\/linitiative.ca\/International\/wp-json\/wp\/v2\/users\/1965"}],"replies":[{"embeddable":true,"href":"https:\/\/linitiative.ca\/International\/wp-json\/wp\/v2\/comments?post=98487"}],"version-history":[{"count":0,"href":"https:\/\/linitiative.ca\/International\/wp-json\/wp\/v2\/posts\/98487\/revisions"}],"wp:attachment":[{"href":"https:\/\/linitiative.ca\/International\/wp-json\/wp\/v2\/media?parent=98487"}],"wp:term":[{"taxonomy":"category","embeddable":true,"href":"https:\/\/linitiative.ca\/International\/wp-json\/wp\/v2\/categories?post=98487"},{"taxonomy":"post_tag","embeddable":true,"href":"https:\/\/linitiative.ca\/International\/wp-json\/wp\/v2\/tags?post=98487"}],"curies":[{"name":"wp","href":"https:\/\/api.w.org\/{rel}","templated":true}]}}