{"id":98488,"date":"2020-09-10T14:12:51","date_gmt":"2020-09-10T18:12:51","guid":{"rendered":"https:\/\/linitiative.ca\/International\/cameroun-le-dga-de-camair-co-se-plaint-de-maltraitance\/"},"modified":"2020-09-10T14:12:51","modified_gmt":"2020-09-10T18:12:51","slug":"cameroun-le-dga-de-camair-co-se-plaint-de-maltraitance","status":"publish","type":"post","link":"https:\/\/linitiative.ca\/International\/cameroun-le-dga-de-camair-co-se-plaint-de-maltraitance\/","title":{"rendered":"Cameroun : le DGA de Camair-co se plaint de maltraitance"},"content":{"rendered":"<div readability=\"32\">\n<p>Publi\u00e9 le 10.09.2020 \u00e0 19h12 par Christian Djimadeu<\/p>\n<\/div>\n<div readability=\"80\">\n<h2 class=\"c6\">Constant Mve Minsi d\u00e9plore la d\u00e9t\u00e9rioration de ses \u00a0rapports avec le Directeur g\u00e9n\u00e9ral (DG). Alors que le DG lui reproche une certaine \u00ab\u00a0d\u00e9sinvolture\u00a0\u00bb dans la gestion de certains dossiers.<\/h2>\n<p class=\"c7\">Une correspondance du Directeur g\u00e9n\u00e9ral adjoint (DGA) de Camir-co, <strong>Constant Mve Minsi<\/strong>, adress\u00e9e au Directeur g\u00e9n\u00e9ral, <strong>Louis Georges Njipendi Kouotou<\/strong>, confirme la d\u00e9t\u00e9rioration des rapports entre \u00a0les deux hommes. Le DGA relate ses multiples d\u00e9boires \u00e0 \u00eatre re\u00e7u en audience par le DG alors m\u00eame qu\u2019il devait le repr\u00e9senter le 21 ao\u00fbt dernier \u00e0 une r\u00e9union interminist\u00e9rielle d\u2019\u00e9valuation du plan de relance de la compagnie.<\/p>\n<p class=\"c7\">\u00ab\u00a0<em>N\u2019ayant aucune information, ni document \u00e0 ce sujet, la rencontre a \u00e9t\u00e9 annul\u00e9e. Revenu \u00e0 Douala, J\u2019ai demand\u00e9 une audience le lundi 24 ao\u00fbt 2020 vers 14h afin de vous rendre compte verbalement du d\u00e9roulement des travaux \u00e0 Yaound\u00e9 avant la r\u00e9ception des comptes rendus en cours de r\u00e9daction au MINT. Je n\u2019ai malheureusement re\u00e7u aucune r\u00e9action jusqu\u2019au moment o\u00f9 je quittais mon bureau vers 18h30<\/em>\u00a0\u00bb, regrette Constant Mve Minsi.<\/p>\n<p class=\"c7\">Ce dernier se plaint \u00e9galement de ne pas jouir des pr\u00e9rogatives li\u00e9es \u00e0 sa fonction de DGA de <strong>Camair-co<\/strong> et de n\u2019avoir pas acc\u00e8s \u00e0 des dossiers importants. \u00ab\u00a0<em>L\u2019occasion m\u2019est donn\u00e9e de rappeler mes demandes verbales de la compensation li\u00e9e \u00e0 l\u2019indisponibilit\u00e9 du v\u00e9hicule h\u00f4tel particulier, du chauffeur et du gardiennage \u00e0 mon domicile, telle qu\u2019exprim\u00e9e dans mon m\u00e9morandum N 10\/0GA-2020 du 10 Juin 2020. je constate, Monsieur le Directeur G\u00e9n\u00e9ral, la d\u00e9t\u00e9rioration, entre nous, de la communication et de la collaboration, ainsi que de importance que vous accordez \u00e0 certains dossiers que vous me confiez, d\u2019une part, et a certaines de mes pr\u00e9occupations, d\u2019autre part.\u00a0<\/em>\u00bb<\/p>\n<p class=\"c7\">Pourtant dans une correspondance que le DG lui a adress\u00e9e, il lui est reproch\u00e9 de porter ses observations et des affaires internes \u00e0 la compagnie \u00e0 des personnes externes. Notamment au ministre des Transports, qui est par ailleurs le pr\u00e9sident du conseil d\u2019administration de Camair-Co.<\/p>\n<p class=\"c7\">Le DG <strong>Louis Georges Njipendi Kuotu<\/strong>\u00a0a qualifi\u00e9 cela de \u00a0la\u00a0<em>\u00abd\u00e9sinvolture\u00bb<\/em>\u00a0dans \u00a0la gestion du dossier de relance de Camair-co. Rappelant \u00e0 son principal collaborateur qu\u2019il a \u00e9t\u00e9 nomm\u00e9 pour l\u2019assister dans le management de l\u2019entreprise.\u00a0<em>\u00ab Vous ne saurez agir au nom et pour le compte de la Direction g\u00e9n\u00e9rale, sans avis pr\u00e9alable du Directeur g\u00e9n\u00e9ral, \u00e0 l\u2019exception des cas exceptionnellement pr\u00e9vus par la r\u00e9glementation en vigueur\u00bb<\/em>, sermonne le directeur g\u00e9n\u00e9ral.<\/p>\n<p class=\"c7\">La crise entre les deux hommes intervient au moment la compagnie s\u2019appr\u00eate \u00e0 relancer ses activit\u00e9s apr\u00e8s un arr\u00eat impos\u00e9 par la pand\u00e9mie du Covid-19.<\/p>\n<\/div>\n<p>Auteur: Christian DJIMADEU<br \/>\n<a href=\"https:\/\/www.journalducameroun.com\/cameroun-le-dga-de-camair-co-se-plaint-de-maltraitance-camair-co\/\">Cliquez ici pour lire l&rsquo;article depuis sa source.<\/a><\/p>\n","protected":false},"excerpt":{"rendered":"<p>Publi\u00e9 le 10.09.2020 \u00e0 19h12 par Christian Djimadeu Constant Mve Minsi d\u00e9plore la d\u00e9t\u00e9rioration de ses \u00a0rapports avec le Directeur g\u00e9n\u00e9ral (DG). Alors que le DG lui reproche une certaine \u00ab\u00a0d\u00e9sinvolture\u00a0\u00bb dans la gestion de certains dossiers. Une correspondance du Directeur g\u00e9n\u00e9ral adjoint (DGA) de Camir-co, Constant Mve Minsi, adress\u00e9e au Directeur g\u00e9n\u00e9ral, Louis Georges [&hellip;]<\/p>\n","protected":false},"author":1965,"featured_media":0,"comment_status":"closed","ping_status":"closed","sticky":false,"template":"","format":"standard","meta":{"fifu_image_url":"","fifu_image_alt":"","footnotes":""},"categories":[73,82],"tags":[],"class_list":["post-98488","post","type-post","status-publish","format-standard","hentry","category-actualite","category-cameroun"],"_links":{"self":[{"href":"https:\/\/linitiative.ca\/International\/wp-json\/wp\/v2\/posts\/98488","targetHints":{"allow":["GET"]}}],"collection":[{"href":"https:\/\/linitiative.ca\/International\/wp-json\/wp\/v2\/posts"}],"about":[{"href":"https:\/\/linitiative.ca\/International\/wp-json\/wp\/v2\/types\/post"}],"author":[{"embeddable":true,"href":"https:\/\/linitiative.ca\/International\/wp-json\/wp\/v2\/users\/1965"}],"replies":[{"embeddable":true,"href":"https:\/\/linitiative.ca\/International\/wp-json\/wp\/v2\/comments?post=98488"}],"version-history":[{"count":0,"href":"https:\/\/linitiative.ca\/International\/wp-json\/wp\/v2\/posts\/98488\/revisions"}],"wp:attachment":[{"href":"https:\/\/linitiative.ca\/International\/wp-json\/wp\/v2\/media?parent=98488"}],"wp:term":[{"taxonomy":"category","embeddable":true,"href":"https:\/\/linitiative.ca\/International\/wp-json\/wp\/v2\/categories?post=98488"},{"taxonomy":"post_tag","embeddable":true,"href":"https:\/\/linitiative.ca\/International\/wp-json\/wp\/v2\/tags?post=98488"}],"curies":[{"name":"wp","href":"https:\/\/api.w.org\/{rel}","templated":true}]}}