{"id":98489,"date":"2020-09-10T18:03:32","date_gmt":"2020-09-10T22:03:32","guid":{"rendered":"https:\/\/linitiative.ca\/International\/crise-sociopolitique-le-mali-joue-son-avenir\/"},"modified":"2020-09-10T18:03:32","modified_gmt":"2020-09-10T22:03:32","slug":"crise-sociopolitique-le-mali-joue-son-avenir","status":"publish","type":"post","link":"https:\/\/linitiative.ca\/International\/crise-sociopolitique-le-mali-joue-son-avenir\/","title":{"rendered":"Crise sociopolitique : le Mali joue son avenir"},"content":{"rendered":"<div readability=\"32\">\n<p>Publi\u00e9 le 10.09.2020 \u00e0 23h18 par APA News<\/p>\n<\/div>\n<div readability=\"113\">\n<p>La junte militaire au pouvoir recueille les points de vue des diff\u00e9rentes composantes de la nation malienne pour asseoir la transition politique.O\u00f9 va le Mali ? Trois semaines apr\u00e8s la chute du pr\u00e9sident Ibrahim Boubacar Ke\u00efta (IBK), les Maliens cherchent encore une issue pour retrouver la voie cens\u00e9e les ramener vers un ordre constitutionnel normal. Les militaires, qui tiennent les r\u00eanes du pays depuis le 18 ao\u00fbt, subissent la pression de forces int\u00e9rieures comme le Mouvement du 5 juin \u2013 Rassemblement des Forces Patriotiques (M5-RFP), et de communaut\u00e9 internationale pour garantir les conditions d\u2019une transition politique conduite par un civil.<\/p>\n<p>Ce jeudi 10 septembre, le Centre International de Conf\u00e9rence de Bamako (CICB) a abrit\u00e9 les travaux sur la pr\u00e9paration de la transition dans le cadre des \u00ab\u00a0journ\u00e9es de concertation nationale\u00a0\u00bb. Une rencontre ouverte personnellement par le colonel Assimi Go\u00efta, pr\u00e9sident du Conseil National pour le Salut du Peuple (CNSP).<\/p>\n<p>D\u2019embl\u00e9e, le chef de la junte de Bamako a rappel\u00e9 \u00e0 ses compatriotes qu\u2019ils sont \u00ab condamn\u00e9s \u00e0 r\u00e9ussir pour les futures g\u00e9n\u00e9rations \u00bb. Selon le colonel Go\u00efta, le Mali se trouve \u00e0 \u00ab un tournant important de (son) histoire \u00bb. C\u2019est pourquoi, dit-il, toutes les forces vives de ce pays ind\u00e9pendant en 1960 doivent \u00ab laisser (leurs) diff\u00e9rends de c\u00f4t\u00e9 et saisir cette opportunit\u00e9 pour b\u00e2tir les jalons d\u2019un Mali refond\u00e9 sur le travail, l\u2019efficience et la justice sociale, un Mali paisible, cr\u00e9atif et solidaire o\u00f9 il fait bon vivre \u00bb.<\/p>\n<p>Lundi dernier, la Communaut\u00e9 \u00e9conomique des \u00c9tats de l\u2019Afrique de l\u2019ouest (Cedeao) a tenu, \u00e0 Niamey (Niger), son 57e Sommet ordinaire des chefs d\u2019\u00c9tat et de gouvernement. L\u2019organisation r\u00e9gionale a fix\u00e9 un ultimatum \u00e0 la junte militaire pour la nomination de deux civils, au plus tard ce 15 septembre, aux postes de pr\u00e9sident et de Premier ministre de la transition.<\/p>\n<p>\u00c0 cinq jours de la date butoir, Assimi Go\u00efta a renouvel\u00e9 la volont\u00e9 de la junte \u00ab \u00e0 participer \u00e0 la mise en place d\u2019une architecture de la transition. Et cela dans le strict respect de la volont\u00e9 du peuple malien \u00bb.<\/p>\n<p>Il a fait appel, pour atteindre cet objectif, \u00e0 \u00ab l\u2019esprit patriotique de tout un chacun \u00bb afin que soient adopt\u00e9es \u00ab les bases des r\u00e9formes politiques et institutionnelles n\u00e9cessaires \u00e0 la refondation \u00bb de la nation.<\/p>\n<p>Pour le pr\u00e9sident du CNSP, \u00ab cette n\u00e9cessit\u00e9 de refondation se justifie par la recherche d\u2019une bonne gouvernance \u00bb. Et celle-ci placera les citoyens \u00ab au centre des politiques publiques \u00bb.<\/p>\n<p>Au terme de trois jours d\u2019\u00e9changes, une Charte de la Transition, dans laquelle seront consign\u00e9es la nature (civile ou militaire) et la dur\u00e9e de la transition, doit \u00eatre adopt\u00e9e.<\/p>\n<p>Le renversement d\u2019Ibrahim Boubacar Ke\u00efta a plut\u00f4t bien \u00e9t\u00e9 accueilli par de nombreux Maliens qui lui reprochaient sa gestion de la guerre contre le jihadisme, l\u2019extension de la violence intercommunautaire, et son incapacit\u00e9 \u00e0 apporter des r\u00e9ponses structurelles aux difficult\u00e9s \u00e9conomiques de ce pays d\u00e9pourvu de fa\u00e7ade maritime et class\u00e9 par l\u2019Organisation des nations unies (Onu) parmi les plus pauvres du monde.<\/p>\n<p>En ce qui concerne la dur\u00e9e de la transition, les putschistes auraient souhait\u00e9 trois ann\u00e9es correspondant au reste du mandat du pr\u00e9sident d\u00e9chu. Une \u00e9ventualit\u00e9 balay\u00e9e d\u2019un revers de main par la Cedeao qui r\u00e9clame un retour \u00e0 l\u2019ordre constitutionnel au bout de douze mois au maximum.<\/p>\n<p>En interne, le Mali semble divis\u00e9 sur la dur\u00e9e et nature de la transition. Il y a d\u2019un c\u00f4t\u00e9, les d\u00e9fenseurs d\u2019une transition courte men\u00e9e par un civil, et de l\u2019autre les partisans d\u2019une transition longue confi\u00e9e aux militaires. Les uns craignent que la junte ne veuille se maintenir au pouvoir, les autres pensent qu\u2019il faut du temps et de l\u2019autorit\u00e9 pour redresser un pays malade.<\/p>\n<p>Le temps est compt\u00e9 pour le Mali qui fait l\u2019objet d\u2019un embargo de la Cedeao sur les flux commerciaux et financiers.<\/p>\n<\/div>\n<p>Auteur: APA News<br \/>\n<a href=\"https:\/\/www.journalducameroun.com\/crise-sociopolitique-le-mali-joue-son-avenir\/\">Cliquez ici pour lire l&rsquo;article depuis sa source.<\/a><\/p>\n","protected":false},"excerpt":{"rendered":"<p>Publi\u00e9 le 10.09.2020 \u00e0 23h18 par APA News La junte militaire au pouvoir recueille les points de vue des diff\u00e9rentes composantes de la nation malienne pour asseoir la transition politique.O\u00f9 va le Mali ? Trois semaines apr\u00e8s la chute du pr\u00e9sident Ibrahim Boubacar Ke\u00efta (IBK), les Maliens cherchent encore une issue pour retrouver la voie [&hellip;]<\/p>\n","protected":false},"author":1965,"featured_media":0,"comment_status":"closed","ping_status":"closed","sticky":false,"template":"","format":"standard","meta":{"fifu_image_url":"","fifu_image_alt":"","footnotes":""},"categories":[73,82],"tags":[],"class_list":["post-98489","post","type-post","status-publish","format-standard","hentry","category-actualite","category-cameroun"],"_links":{"self":[{"href":"https:\/\/linitiative.ca\/International\/wp-json\/wp\/v2\/posts\/98489","targetHints":{"allow":["GET"]}}],"collection":[{"href":"https:\/\/linitiative.ca\/International\/wp-json\/wp\/v2\/posts"}],"about":[{"href":"https:\/\/linitiative.ca\/International\/wp-json\/wp\/v2\/types\/post"}],"author":[{"embeddable":true,"href":"https:\/\/linitiative.ca\/International\/wp-json\/wp\/v2\/users\/1965"}],"replies":[{"embeddable":true,"href":"https:\/\/linitiative.ca\/International\/wp-json\/wp\/v2\/comments?post=98489"}],"version-history":[{"count":0,"href":"https:\/\/linitiative.ca\/International\/wp-json\/wp\/v2\/posts\/98489\/revisions"}],"wp:attachment":[{"href":"https:\/\/linitiative.ca\/International\/wp-json\/wp\/v2\/media?parent=98489"}],"wp:term":[{"taxonomy":"category","embeddable":true,"href":"https:\/\/linitiative.ca\/International\/wp-json\/wp\/v2\/categories?post=98489"},{"taxonomy":"post_tag","embeddable":true,"href":"https:\/\/linitiative.ca\/International\/wp-json\/wp\/v2\/tags?post=98489"}],"curies":[{"name":"wp","href":"https:\/\/api.w.org\/{rel}","templated":true}]}}