{"id":98490,"date":"2020-09-11T11:00:57","date_gmt":"2020-09-11T15:00:57","guid":{"rendered":"https:\/\/linitiative.ca\/International\/indemnites-cnss-le-conseil-de-gouvernement-approuve-un-decret-loi\/"},"modified":"2020-09-11T11:00:57","modified_gmt":"2020-09-11T15:00:57","slug":"indemnites-cnss-le-conseil-de-gouvernement-approuve-un-decret-loi","status":"publish","type":"post","link":"https:\/\/linitiative.ca\/International\/indemnites-cnss-le-conseil-de-gouvernement-approuve-un-decret-loi\/","title":{"rendered":"Indemnit\u00e9s CNSS : Le Conseil de gouvernement approuve un d\u00e9cret-loi"},"content":{"rendered":"<p><img decoding=\"async\" class=\"post_layout_5_img\" src=\"http:\/\/aujourdhui.ma\/wp-content\/uploads\/2020\/09\/Wafacash-Indemnit\u00e9s-CNSS-Covid-19.jpg\" alt=\"Indemnit&#xE9;s CNSS : Le Conseil de gouvernement approuve un d&#xE9;cret-loi\"\/><\/p>\n<p><span class=\"c5\"><strong>Des mesures exceptionnelles au profit d\u2019employeurs adh\u00e9rents \u00e0 la CNSS et de leurs employ\u00e9s d\u00e9clar\u00e9s<\/strong><\/span> <span id=\"more-355165\"\/><\/p>\n<p>Le Conseil de gouvernement, r\u00e9uni mercredi \u00e0 Rabat, a approuv\u00e9 le projet de d\u00e9cret-loi n\u00b0 2.20.605 portant promulgation de mesures exceptionnelles au profit de certains employeurs adh\u00e9rents \u00e0 la Caisse nationale de la s\u00e9curit\u00e9 sociale (CNSS) et de leurs employ\u00e9s d\u00e9clar\u00e9s assur\u00e9s aupr\u00e8s de la caisse, touch\u00e9s par les r\u00e9percussions de l\u2019\u00e9pid\u00e9mie de Covid-19. Il devra par la suite \u00eatre approuv\u00e9 par les deux Chambres au Parlement avant d\u2019\u00eatre publi\u00e9 au Bulletin officiel (BO). Ce projet de d\u00e9cret-loi a \u00e9t\u00e9 \u00e9labor\u00e9 dans le cadre de la poursuite des efforts du gouvernement pour l\u2019accompagnement de certains secteurs ou entreprises affect\u00e9s par les cons\u00e9quences de la pand\u00e9mie de Covid-19 et la pr\u00e9servation des emplois.<\/p>\n<p>Ce projet, pr\u00e9sent\u00e9 par le ministre du travail et de l\u2019insertion professionnelle, Mohammed Amekraz, vise \u00e0 verser des indemnit\u00e9s, pendant une p\u00e9riode pr\u00e9cis\u00e9e par un texte r\u00e9glementaire, au profit des salari\u00e9s et stagiaires en formation \u00e0 l\u2019insertion, d\u00e9clar\u00e9s en f\u00e9vrier 2020 aupr\u00e8s de la CNSS par les employeurs qui exercent leurs activit\u00e9s dans l\u2019un des secteurs ou sous-secteurs sp\u00e9cifi\u00e9s par un texte r\u00e9glementaire et qui se trouvent dans une situation difficile en raison de l\u2019impact de la pand\u00e9mie sur leurs activit\u00e9s. Ainsi, les secteurs et la dur\u00e9e d\u2019indemnisation seront fix\u00e9s par des d\u00e9crets d\u2019application. Il s\u2019agit \u00e9galement des travailleurs ind\u00e9pendants et non salari\u00e9s assur\u00e9s aupr\u00e8s de cette caisse, conform\u00e9ment \u00e0 la loi n\u00b0 98.15 relative au r\u00e9gime de l\u2019assurance maladie obligatoire (AMO) et de la loi n\u00b0 99.15 portant cr\u00e9ation d\u2019un r\u00e9gime de pensions pour les cat\u00e9gories des professionnels, des travailleurs ind\u00e9pendants et des personnes non salari\u00e9es exer\u00e7ant une activit\u00e9 lib\u00e9rale, dont l\u2019activit\u00e9 a \u00e9t\u00e9 affect\u00e9e par les mesures prises dans le cadre de la lutte contre la pand\u00e9mie.<\/p>\n<p>Ce projet de d\u00e9cret inclut \u00e9galement des mesures exceptionnelles qui pr\u00e9voient notamment de reporter les \u00e9ch\u00e9ances de cotisation dues \u00e0 la Caisse nationale de s\u00e9curit\u00e9 sociale par les op\u00e9rateurs concern\u00e9s par la redevance durant la p\u00e9riode fix\u00e9e. Il est pr\u00e9vu le non-calcul des indemnit\u00e9s et aides familiales pr\u00e9vues par l\u2019article 57 (alin\u00e9a 2) du Code g\u00e9n\u00e9ral des imp\u00f4ts, qui sont accord\u00e9es aux salari\u00e9s et stagiaires en formation pour insertion, dans l\u2019assiette des charges des cotisations de la CNSS, si le total de ces indemnit\u00e9s et aides ainsi que la compensation qui seront vers\u00e9es lors de la p\u00e9riode susmentionn\u00e9e exc\u00e8dent 50% du salaire net moyen, apr\u00e8s d\u00e9duction des imp\u00f4ts, per\u00e7u pour les mois de janvier et f\u00e9vrier 2020, a fait savoir le ministre. Par ailleurs, le projet de loi pr\u00e9voit d\u2019obliger l\u2019employeur ainsi que le travailleur ind\u00e9pendant et le non salari\u00e9 \u00e0 restituer \u00e0 la CNSS toute indemnit\u00e9 ou montant d\u00e9bours\u00e9 sur la base d\u2019une fausse d\u00e9claration de leur part, sous peine d\u2019application des sanctions pr\u00e9vues par la l\u00e9gislation en vigueur. Ledit projet renvoie de m\u00eame \u00e0 un texte r\u00e9glementaire d\u00e9finissant les cat\u00e9gories d\u2019employeurs, de travailleurs ind\u00e9pendants et de non salari\u00e9s concern\u00e9s, ainsi que les crit\u00e8res, conditions et modalit\u00e9s pour b\u00e9n\u00e9ficier de l\u2019indemnit\u00e9 susmentionn\u00e9e.<\/p>\n<div class=\"base-box mom_box_sc_custom mom_box_sc clear c8\" readability=\"26\">\n<p><strong><span class=\"c6\">Indemnit\u00e9 du secteur touristique<\/span><\/strong><\/p>\n<p><span class=\"c7\"><strong>Le portail de la CNSS op\u00e9rationnel<\/strong><\/span><\/p>\n<p><a href=\"https:http:\/\/aujourdhui.ma\/wp-content\/uploads\/2020\/09\/CNSS-Site-Indemnit\u00e9-du-secteur-touristique.jpg\"><img loading=\"lazy\" decoding=\"async\" class=\"size-full wp-image-355170 aligncenter\" src=\"http:\/\/aujourdhui.ma\/wp-content\/uploads\/2020\/09\/CNSS-Site-Indemnit\u00e9-du-secteur-touristique.jpg\" alt=\"\" width=\"746\" height=\"380\" srcset=\"\/\/aujourdhui.ma\/wp-content\/uploads\/2020\/09\/CNSS-Site-Indemnit&#xE9;-du-secteur-touristique.jpg 746w, \/\/aujourdhui.ma\/wp-content\/uploads\/2020\/09\/CNSS-Site-Indemnit&#xE9;-du-secteur-touristique-300x153.jpg 300w, \/\/aujourdhui.ma\/wp-content\/uploads\/2020\/09\/CNSS-Site-Indemnit&#xE9;-du-secteur-touristique-274x140.jpg 274w, \/\/aujourdhui.ma\/wp-content\/uploads\/2020\/09\/CNSS-Site-Indemnit&#xE9;-du-secteur-touristique-165x84.jpg 165w, \/\/aujourdhui.ma\/wp-content\/uploads\/2020\/09\/CNSS-Site-Indemnit&#xE9;-du-secteur-touristique-702x358.jpg 702w\" sizes=\"auto, (max-width: 746px) 100vw, 746px\"\/><\/a><\/p>\n<p>Depuis le mardi 8 septembre, le portail de la CNSS est en ligne pour la d\u00e9claration des salari\u00e9s en arr\u00eat temporaire de travail dans le secteur de l\u2019industrie touristique. L\u2019indemnit\u00e9 forfaitaire de 2.000 DH cible les entreprises touristiques ayant enregistr\u00e9 une baisse de chiffre d\u2019affaires d\u2019au moins 25% et qui s\u2019engagent \u00e0 maintenir au moins 80% des emplois. Elle sera vers\u00e9e au titre de la p\u00e9riode allant du 1er juillet jusqu\u2019au 31 d\u00e9cembre prochain. Elle est assortie du remboursement frais de soins AMO et du versement des allocations familiales. Cette mesure concerne les employ\u00e9s et les stagiaires des \u00e9tablissements d\u2019h\u00e9bergement class\u00e9, des agences de voyages, des propri\u00e9taires de transports touristiques, ainsi que les guides touristiques inscrits \u00e0 la s\u00e9curit\u00e9 sociale en vertu des lois n \u00b0 98.15 et 99.15 relatives \u00e0 la couverture sanitaire et sociale des travailleurs non-salari\u00e9s.<\/p>\n<p>Les employeurs touristiques d\u00e9sirant faire b\u00e9n\u00e9ficier leurs salari\u00e9s de cette indemnit\u00e9 doivent d\u00e9clarer leurs salari\u00e9s en arr\u00eat temporaire de travail entre le 16 de chaque mois et le 3 du mois suivant. Et exceptionnellement, entre le 8 et le 15 septembre pour le versement de l\u2019indemnit\u00e9 des mois de juillet et ao\u00fbt. Une vid\u00e9o explicative peut \u00eatre consult\u00e9e sur le site www.cnss.ma. Rappelons que c\u2019est pour accompagner les \u00e9tablissements impact\u00e9s par la pand\u00e9mie qu\u2019une convention tripartite relative \u00e0 cette indemnit\u00e9 financ\u00e9e par le Fonds sp\u00e9cial, avait \u00e9t\u00e9 sign\u00e9e par des repr\u00e9sentants du gouvernement, de la Conf\u00e9d\u00e9ration nationale du tourisme (CNT) et de la CNSS.<\/p>\n<\/div>\n<p>Auteur: ALM<br \/>\n<a href=\"https:\/\/aujourdhui.ma\/societe\/indemnites-cnss-le-conseil-de-gouvernement-approuve-un-decret-loi\">Cliquez ici pour lire l&rsquo;article depuis sa source.<\/a><\/p>\n","protected":false},"excerpt":{"rendered":"<p>Des mesures exceptionnelles au profit d\u2019employeurs adh\u00e9rents \u00e0 la CNSS et de leurs employ\u00e9s d\u00e9clar\u00e9s Le Conseil de gouvernement, r\u00e9uni mercredi \u00e0 Rabat, a approuv\u00e9 le projet de d\u00e9cret-loi n\u00b0 2.20.605 portant promulgation de mesures exceptionnelles au profit de certains employeurs adh\u00e9rents \u00e0 la Caisse nationale de la s\u00e9curit\u00e9 sociale (CNSS) et de leurs employ\u00e9s [&hellip;]<\/p>\n","protected":false},"author":1759,"featured_media":98491,"comment_status":"closed","ping_status":"closed","sticky":false,"template":"","format":"standard","meta":{"fifu_image_url":"","fifu_image_alt":"","footnotes":""},"categories":[73,54],"tags":[],"class_list":["post-98490","post","type-post","status-publish","format-standard","has-post-thumbnail","hentry","category-actualite","category-maroc"],"_links":{"self":[{"href":"https:\/\/linitiative.ca\/International\/wp-json\/wp\/v2\/posts\/98490","targetHints":{"allow":["GET"]}}],"collection":[{"href":"https:\/\/linitiative.ca\/International\/wp-json\/wp\/v2\/posts"}],"about":[{"href":"https:\/\/linitiative.ca\/International\/wp-json\/wp\/v2\/types\/post"}],"author":[{"embeddable":true,"href":"https:\/\/linitiative.ca\/International\/wp-json\/wp\/v2\/users\/1759"}],"replies":[{"embeddable":true,"href":"https:\/\/linitiative.ca\/International\/wp-json\/wp\/v2\/comments?post=98490"}],"version-history":[{"count":0,"href":"https:\/\/linitiative.ca\/International\/wp-json\/wp\/v2\/posts\/98490\/revisions"}],"wp:featuredmedia":[{"embeddable":true,"href":"https:\/\/linitiative.ca\/International\/wp-json\/"}],"wp:attachment":[{"href":"https:\/\/linitiative.ca\/International\/wp-json\/wp\/v2\/media?parent=98490"}],"wp:term":[{"taxonomy":"category","embeddable":true,"href":"https:\/\/linitiative.ca\/International\/wp-json\/wp\/v2\/categories?post=98490"},{"taxonomy":"post_tag","embeddable":true,"href":"https:\/\/linitiative.ca\/International\/wp-json\/wp\/v2\/tags?post=98490"}],"curies":[{"name":"wp","href":"https:\/\/api.w.org\/{rel}","templated":true}]}}