{"id":98492,"date":"2020-09-11T11:16:26","date_gmt":"2020-09-11T15:16:26","guid":{"rendered":"https:\/\/linitiative.ca\/International\/agadir-les-mesures-anti-covid-se-durcissent\/"},"modified":"2020-09-11T11:16:26","modified_gmt":"2020-09-11T15:16:26","slug":"agadir-les-mesures-anti-covid-se-durcissent","status":"publish","type":"post","link":"https:\/\/linitiative.ca\/International\/agadir-les-mesures-anti-covid-se-durcissent\/","title":{"rendered":"Agadir : Les mesures anti-Covid se durcissent"},"content":{"rendered":"<header readability=\"1.2890625\">\n<\/header>\n<div class=\"entry-content clearfix\" readability=\"51\"><img decoding=\"async\" class=\"post_layout_5_img\" src=\"http:\/\/aujourdhui.ma\/wp-content\/uploads\/2020\/06\/agadir-tourisme.jpg\" alt=\"Agadir : Les mesures anti-Covid se durcissent\"\/><\/p>\n<p><span class=\"c5\"><strong>Agadir passe sous la haute surveillance en raison de la flamb\u00e9e de l\u2019\u00e9pid\u00e9mie du Coronavirus.<\/strong><\/span><\/p>\n<p>A cet effet et apr\u00e8s l\u2019\u00e9tude et l\u2019analyse du dernier bilan hebdomadaire et l\u2019\u00e9valuation de la situation \u00e9pid\u00e9mique sur le territoire urbain, les autorit\u00e9s locales ont d\u00e9cid\u00e9, vendredi 11 septembre, de d\u00e9cr\u00e9ter un dispositif de restrictions pour pouvoir \u00e9viter la propagation du virus parmi la population. Ainsi, elles ont annonc\u00e9 avoir d\u00e9cid\u00e9 la fermeture du Souk hebdomadaire \u00e0 partir de mardi prochain \u00e0 la suite de la d\u00e9couverte des foyers de contamination sur les lieux et o\u00f9 les efforts sont d\u00e9ploy\u00e9s pour ma\u00eetriser la situation. Il en r\u00e9sulte de m\u00eame la fermeture des plages \u00e0 partir de demain samedi 12 septembre.<\/p>\n<p>Elles ont d\u00e9cid\u00e9, dans ce contexte, l\u2019interdiction d\u2019acc\u00e8s aux jardins publics dans les quatre coins de la ville. La fermeture des commerces de proximit\u00e9, des grands complexes commerciaux et des caf\u00e9s sera fix\u00e9e \u00e0 22 heures et celle des restaurants \u00e0 23 heures. Les autorit\u00e9s locales ont \u00e9galement fait part que les commissions sp\u00e9cialis\u00e9es locales seront charg\u00e9es de mettre en place toutes les dispositions pour le respect des mesures de pr\u00e9vention contre la pand\u00e9mie (le port de masque de protection, distanciation physique,\u2026).<\/p>\n<\/div>\n<p>Auteur: ALM<br \/>\n<a href=\"https:\/\/aujourdhui.ma\/societe\/agadir-les-mesures-anti-covid-se-durcissent-1\">Cliquez ici pour lire l&rsquo;article depuis sa source.<\/a><\/p>\n","protected":false},"excerpt":{"rendered":"<p>Agadir passe sous la haute surveillance en raison de la flamb\u00e9e de l\u2019\u00e9pid\u00e9mie du Coronavirus. A cet effet et apr\u00e8s l\u2019\u00e9tude et l\u2019analyse du dernier bilan hebdomadaire et l\u2019\u00e9valuation de la situation \u00e9pid\u00e9mique sur le territoire urbain, les autorit\u00e9s locales ont d\u00e9cid\u00e9, vendredi 11 septembre, de d\u00e9cr\u00e9ter un dispositif de restrictions pour pouvoir \u00e9viter la [&hellip;]<\/p>\n","protected":false},"author":1759,"featured_media":98493,"comment_status":"closed","ping_status":"closed","sticky":false,"template":"","format":"standard","meta":{"fifu_image_url":"","fifu_image_alt":"","footnotes":""},"categories":[73,54],"tags":[],"class_list":["post-98492","post","type-post","status-publish","format-standard","has-post-thumbnail","hentry","category-actualite","category-maroc"],"_links":{"self":[{"href":"https:\/\/linitiative.ca\/International\/wp-json\/wp\/v2\/posts\/98492","targetHints":{"allow":["GET"]}}],"collection":[{"href":"https:\/\/linitiative.ca\/International\/wp-json\/wp\/v2\/posts"}],"about":[{"href":"https:\/\/linitiative.ca\/International\/wp-json\/wp\/v2\/types\/post"}],"author":[{"embeddable":true,"href":"https:\/\/linitiative.ca\/International\/wp-json\/wp\/v2\/users\/1759"}],"replies":[{"embeddable":true,"href":"https:\/\/linitiative.ca\/International\/wp-json\/wp\/v2\/comments?post=98492"}],"version-history":[{"count":0,"href":"https:\/\/linitiative.ca\/International\/wp-json\/wp\/v2\/posts\/98492\/revisions"}],"wp:featuredmedia":[{"embeddable":true,"href":"https:\/\/linitiative.ca\/International\/wp-json\/"}],"wp:attachment":[{"href":"https:\/\/linitiative.ca\/International\/wp-json\/wp\/v2\/media?parent=98492"}],"wp:term":[{"taxonomy":"category","embeddable":true,"href":"https:\/\/linitiative.ca\/International\/wp-json\/wp\/v2\/categories?post=98492"},{"taxonomy":"post_tag","embeddable":true,"href":"https:\/\/linitiative.ca\/International\/wp-json\/wp\/v2\/tags?post=98492"}],"curies":[{"name":"wp","href":"https:\/\/api.w.org\/{rel}","templated":true}]}}