{"id":98494,"date":"2020-09-11T11:29:01","date_gmt":"2020-09-11T15:29:01","guid":{"rendered":"https:\/\/linitiative.ca\/International\/octroyees-par-le-comite-dedie-les-3-508-cartes-professionnelles-dartiste-a-retirer-des-le-21-septembre\/"},"modified":"2020-09-11T11:29:01","modified_gmt":"2020-09-11T15:29:01","slug":"octroyees-par-le-comite-dedie-les-3-508-cartes-professionnelles-dartiste-a-retirer-des-le-21-septembre","status":"publish","type":"post","link":"https:\/\/linitiative.ca\/International\/octroyees-par-le-comite-dedie-les-3-508-cartes-professionnelles-dartiste-a-retirer-des-le-21-septembre\/","title":{"rendered":"Octroy\u00e9es par le comit\u00e9 d\u00e9di\u00e9 : Les 3.508 cartes professionnelles d\u2019artiste \u00e0 retirer d\u00e8s le 21 septembre"},"content":{"rendered":"<header readability=\"1.3756476683938\">\n<div class=\"entry-post-meta\" readability=\"6.4\">\n<div class=\"author-link\">Publi\u00e9 par <a itemprop=\"author\" itemscope=\"\" itemtype=\"https:\/\/schema.org\/Person\" href=\"https:\/\/aujourdhui.ma\/author\/kaid\" rel=\"author\"><span itemprop=\"name\">ALM<\/span><\/a><\/div>\n<p>Date\u00a0:<time content=\"2020-09-11T16:29:01+01:00\" class=\"entry-date updated\" datetime=\"2020-09-11T16:29:01+01:00\">septembre 11, 2020<\/time><\/p>\n<div class=\"entry-cat\">dans:<a href=\"https:\/\/aujourdhui.ma\/category\/culture\" rel=\"category tag\">Culture<\/a>, <a href=\"https:\/\/aujourdhui.ma\/category\/une\" rel=\"category tag\">Une<\/a><\/div>\n<p>3Vues<\/p>\n<\/div>\n<\/header>\n<div class=\"entry-content clearfix\" readability=\"60\"><img decoding=\"async\" class=\"post_layout_5_img\" src=\"http:\/\/aujourdhui.ma\/wp-content\/uploads\/2018\/10\/Ministe\u0300re-de-la-culture-et-de-la-communication-de\u0301partement-de-la-communication-1.jpg\" alt=\"Octroy&#xE9;es par le comit&#xE9; d&#xE9;di&#xE9; : Les 3.508 cartes professionnelles d&#x2019;artiste &#xE0; retirer d&#xE8;s le 21 septembre\"\/><\/p>\n<p><span class=\"c5\"><strong>Ce sont 3.508 cartes professionnelles d\u2019artiste et cartes des techniciens et administrateurs des \u0153uvres artistiques qui viennent d\u2019\u00eatre octroy\u00e9es par le comit\u00e9 de la carte d\u2019artiste.<\/strong><\/span><span id=\"more-355215\"\/><\/p>\n<p>Un chiffre pr\u00e9cis\u00e9, vendredi, par le minist\u00e8re de la Culture, de la Jeunesse et des Sports \u2013 D\u00e9partement de la Culture qui indique que : \u00ab Le comit\u00e9 de la carte d\u2019artiste a poursuivi ses travaux de mani\u00e8re continue depuis le d\u00e9but du confinement jusqu\u2019\u00e0 fin ao\u00fbt 2020, a termin\u00e9 l\u2019\u00e9tude des dossiers parvenus \u00e0 son secr\u00e9tariat et d\u00e9cid\u00e9 d\u2019octroyer la carte professionnelle d\u2019artiste ainsi que la carte professionnelle des techniciens et administrateurs des \u0153uvres artistiques au profit de 3.508 b\u00e9n\u00e9ficiaires \u00bb. Ainsi, les artistes b\u00e9n\u00e9ficiaires de la carte, dont les noms figurent sur une liste publi\u00e9e dans le site \u00e9lectronique du minist\u00e8re, peuvent, selon la m\u00eame source, retirer leurs cartes des directions r\u00e9gionales du minist\u00e8re \u00e0 partir du 21 septembre.<\/p>\n<p>A cette occasion, le minist\u00e8re ne manque pas de remercier les membres du comit\u00e9 de la carte professionnelle d\u2019artiste et la carte professionnelle des techniciens et administrateurs des \u0153uvres artistiques professionnels pour les efforts qu\u2019ils ont d\u00e9ploy\u00e9s.<\/p>\n<p>Cela \u00e9tant, le droit de recours contre les d\u00e9cisions du comit\u00e9 est garanti en vertu du d\u00e9cret organique n\u00b0 2.17.567 du 25 octobre 2017 fixant les conditions, les modalit\u00e9s et les crit\u00e8res d\u2019octroi de retrait de la carte professionnelle d\u2019artiste et de la carte professionnelle des techniciens et administrateurs des \u0153uvres artistiques. Pour information, le m\u00eame d\u00e9partement ajoute qu\u2019il annoncera \u00ab l\u2019ouverture d\u2019une autre session pour recevoir de nouvelles demandes \u00bb.<\/p>\n<\/div>\n<p>Auteur: ALM<br \/>\n<a href=\"https:\/\/aujourdhui.ma\/culture\/octroyees-par-le-comite-dedie-les-3-508-cartes-professionnelles-dartiste-a-retirer-des-le-21-septembre\">Cliquez ici pour lire l&rsquo;article depuis sa source.<\/a><\/p>\n","protected":false},"excerpt":{"rendered":"<p>Publi\u00e9 par ALM Date\u00a0:septembre 11, 2020 dans:Culture, Une 3Vues Ce sont 3.508 cartes professionnelles d\u2019artiste et cartes des techniciens et administrateurs des \u0153uvres artistiques qui viennent d\u2019\u00eatre octroy\u00e9es par le comit\u00e9 de la carte d\u2019artiste. Un chiffre pr\u00e9cis\u00e9, vendredi, par le minist\u00e8re de la Culture, de la Jeunesse et des Sports \u2013 D\u00e9partement de la [&hellip;]<\/p>\n","protected":false},"author":1759,"featured_media":98495,"comment_status":"closed","ping_status":"closed","sticky":false,"template":"","format":"standard","meta":{"fifu_image_url":"","fifu_image_alt":"","footnotes":""},"categories":[73,54],"tags":[],"class_list":["post-98494","post","type-post","status-publish","format-standard","has-post-thumbnail","hentry","category-actualite","category-maroc"],"_links":{"self":[{"href":"https:\/\/linitiative.ca\/International\/wp-json\/wp\/v2\/posts\/98494","targetHints":{"allow":["GET"]}}],"collection":[{"href":"https:\/\/linitiative.ca\/International\/wp-json\/wp\/v2\/posts"}],"about":[{"href":"https:\/\/linitiative.ca\/International\/wp-json\/wp\/v2\/types\/post"}],"author":[{"embeddable":true,"href":"https:\/\/linitiative.ca\/International\/wp-json\/wp\/v2\/users\/1759"}],"replies":[{"embeddable":true,"href":"https:\/\/linitiative.ca\/International\/wp-json\/wp\/v2\/comments?post=98494"}],"version-history":[{"count":0,"href":"https:\/\/linitiative.ca\/International\/wp-json\/wp\/v2\/posts\/98494\/revisions"}],"wp:featuredmedia":[{"embeddable":true,"href":"https:\/\/linitiative.ca\/International\/wp-json\/"}],"wp:attachment":[{"href":"https:\/\/linitiative.ca\/International\/wp-json\/wp\/v2\/media?parent=98494"}],"wp:term":[{"taxonomy":"category","embeddable":true,"href":"https:\/\/linitiative.ca\/International\/wp-json\/wp\/v2\/categories?post=98494"},{"taxonomy":"post_tag","embeddable":true,"href":"https:\/\/linitiative.ca\/International\/wp-json\/wp\/v2\/tags?post=98494"}],"curies":[{"name":"wp","href":"https:\/\/api.w.org\/{rel}","templated":true}]}}