{"id":98496,"date":"2020-09-11T11:33:55","date_gmt":"2020-09-11T15:33:55","guid":{"rendered":"https:\/\/linitiative.ca\/International\/air-arabia-maroc-maintient-ses-vols-speciaux-au-depart-et-vers-le-royaume\/"},"modified":"2020-09-11T11:33:55","modified_gmt":"2020-09-11T15:33:55","slug":"air-arabia-maroc-maintient-ses-vols-speciaux-au-depart-et-vers-le-royaume","status":"publish","type":"post","link":"https:\/\/linitiative.ca\/International\/air-arabia-maroc-maintient-ses-vols-speciaux-au-depart-et-vers-le-royaume\/","title":{"rendered":"Air Arabia Maroc maintient ses vols sp\u00e9ciaux au d\u00e9part et vers le Royaume"},"content":{"rendered":"<header readability=\"1.3207547169811\">\n<\/header>\n<div class=\"entry-content clearfix\" readability=\"47\"><img decoding=\"async\" class=\"post_layout_5_img\" src=\"http:\/\/aujourdhui.ma\/wp-content\/uploads\/2018\/11\/Air-Arabia_A320.jpg\" alt=\"Air Arabia Maroc maintient ses vols sp&#xE9;ciaux au d&#xE9;part et vers le Royaume\"\/><\/p>\n<p><span class=\"c5\"><strong>Air Arabia vient d\u2019annoncer que ses vols sp\u00e9ciaux au d\u00e9part et vers le Maroc sont maintenus. \u00abLes clients qui souhaitent r\u00e9server peuvent s\u2019adresser \u00e0 tous les canaux de vente de la compagnie : site internet, centre d\u2019appels, agences et a\u00e9roports \u00bb, fait savoir Air Arabia Maroc.<\/strong><\/span><span id=\"more-355218\"\/><\/p>\n<p>La Compagnie a\u00e9rienne tient \u00e0 pr\u00e9ciser que trois cat\u00e9gories de personnes sont concern\u00e9es par ces vols sp\u00e9ciaux : les citoyens marocains r\u00e9sidant \u00e0 l\u2019\u00e9tranger quelle que soit leur condition ; les citoyens \u00e9trangers ayant une carte de s\u00e9jour marocaine ; les ressortissants \u00e9trangers non soumis \u00e0 la formalit\u00e9 du visa au Maroc et disposant d\u2019une r\u00e9servation confirm\u00e9e d\u2019un h\u00f4tel ou d\u2019une invitation de la part d\u2019une entreprise.<\/p>\n<p>\u00ab Il est n\u00e9cessaire de pr\u00e9senter au moment de l\u2019enregistrement un test PCR n\u00e9gatif (dont le r\u00e9sultat date de moins de 48h) et un test s\u00e9rologique. Les enfants de moins de 11 ans ne sont pas soumis \u00e0 cette obligation \u00bb, rappelle Air Arabia Maroc.<\/p>\n<\/div>\n<p>Auteur: ALM<br \/>\n<a href=\"https:\/\/aujourdhui.ma\/actualite\/air-arabia-maroc-maintient-ses-vols-speciaux-au-depart-et-vers-le-royaume\">Cliquez ici pour lire l&rsquo;article depuis sa source.<\/a><\/p>\n","protected":false},"excerpt":{"rendered":"<p>Air Arabia vient d\u2019annoncer que ses vols sp\u00e9ciaux au d\u00e9part et vers le Maroc sont maintenus. \u00abLes clients qui souhaitent r\u00e9server peuvent s\u2019adresser \u00e0 tous les canaux de vente de la compagnie : site internet, centre d\u2019appels, agences et a\u00e9roports \u00bb, fait savoir Air Arabia Maroc. La Compagnie a\u00e9rienne tient \u00e0 pr\u00e9ciser que trois cat\u00e9gories [&hellip;]<\/p>\n","protected":false},"author":1759,"featured_media":98497,"comment_status":"closed","ping_status":"closed","sticky":false,"template":"","format":"standard","meta":{"fifu_image_url":"","fifu_image_alt":"","footnotes":""},"categories":[73,54],"tags":[],"class_list":["post-98496","post","type-post","status-publish","format-standard","has-post-thumbnail","hentry","category-actualite","category-maroc"],"_links":{"self":[{"href":"https:\/\/linitiative.ca\/International\/wp-json\/wp\/v2\/posts\/98496","targetHints":{"allow":["GET"]}}],"collection":[{"href":"https:\/\/linitiative.ca\/International\/wp-json\/wp\/v2\/posts"}],"about":[{"href":"https:\/\/linitiative.ca\/International\/wp-json\/wp\/v2\/types\/post"}],"author":[{"embeddable":true,"href":"https:\/\/linitiative.ca\/International\/wp-json\/wp\/v2\/users\/1759"}],"replies":[{"embeddable":true,"href":"https:\/\/linitiative.ca\/International\/wp-json\/wp\/v2\/comments?post=98496"}],"version-history":[{"count":0,"href":"https:\/\/linitiative.ca\/International\/wp-json\/wp\/v2\/posts\/98496\/revisions"}],"wp:featuredmedia":[{"embeddable":true,"href":"https:\/\/linitiative.ca\/International\/wp-json\/"}],"wp:attachment":[{"href":"https:\/\/linitiative.ca\/International\/wp-json\/wp\/v2\/media?parent=98496"}],"wp:term":[{"taxonomy":"category","embeddable":true,"href":"https:\/\/linitiative.ca\/International\/wp-json\/wp\/v2\/categories?post=98496"},{"taxonomy":"post_tag","embeddable":true,"href":"https:\/\/linitiative.ca\/International\/wp-json\/wp\/v2\/tags?post=98496"}],"curies":[{"name":"wp","href":"https:\/\/api.w.org\/{rel}","templated":true}]}}