{"id":98498,"date":"2020-09-11T11:41:58","date_gmt":"2020-09-11T15:41:58","guid":{"rendered":"https:\/\/linitiative.ca\/International\/coquillages-doued-negro-mdiq-et-cabo-negro-martil-interdit-den-recolter-et-commercialiser\/"},"modified":"2020-09-11T11:41:58","modified_gmt":"2020-09-11T15:41:58","slug":"coquillages-doued-negro-mdiq-et-cabo-negro-martil-interdit-den-recolter-et-commercialiser","status":"publish","type":"post","link":"https:\/\/linitiative.ca\/International\/coquillages-doued-negro-mdiq-et-cabo-negro-martil-interdit-den-recolter-et-commercialiser\/","title":{"rendered":"Coquillages d\u2019Oued Negro-M\u2019diq et Cabo Negro-Martil : Interdit d\u2019en r\u00e9colter et commercialiser"},"content":{"rendered":"<header readability=\"1.3606557377049\">\n<\/header>\n<div class=\"entry-content clearfix\" readability=\"54\"><img decoding=\"async\" class=\"post_layout_5_img\" src=\"http:\/\/aujourdhui.ma\/wp-content\/uploads\/2017\/12\/moules-coquillages.jpg\" alt=\"Coquillages d&#x2019;Oued Negro-M&#x2019;diq et Cabo Negro-Martil : Interdit d&#x2019;en r&#xE9;colter et commercialiser\"\/><\/p>\n<p><span class=\"c5\"><strong>A partir de ce vendredi, il est interdit de r\u00e9colter et commercialiser des coquillages issus des zones conchylicoles class\u00e9es Oued Negro-M\u2019diq et Cabo Negro-Martil relevant de la r\u00e9gion T\u00e9touan\/Chefchaouen.<\/strong><\/span> <span id=\"more-355220\"\/><\/p>\n<p>L\u2019annonce vient d\u2019\u00eatre faite par le d\u00e9partement de la P\u00eache maritime qui pr\u00e9cise que cette mesure prend effet \u201cjusqu\u2019\u00e0 \u00e9puration totale du milieu\u201d. Pour justifier cette interdiction, le minist\u00e8re de l\u2019Agriculture, de la p\u00eache maritime, du d\u00e9veloppement rural, des eaux et for\u00eats indique que les r\u00e9sultats d\u2019analyses effectu\u00e9es par l\u2019Institut national de recherche halieutique (INRH) au niveau de ces zones d\u00e9notent la pr\u00e9sence de biotoxines marines dans les coquillages \u00ab\u00a0\u00e0 des teneurs anormales\u00a0\u00bb.<\/p>\n<p>En cons\u00e9quence, le minist\u00e8re recommande aux consommateurs de ne s\u2019approvisionner qu\u2019en produits conditionn\u00e9s, portant les \u00e9tiquettes sanitaires d\u2019identification et commercialis\u00e9s dans les points de vente autoris\u00e9s (march\u00e9s officiels).<\/p>\n<p>\u201cLes coquillages colport\u00e9s ou vendus en vrac ne pr\u00e9sentent aucune garantie de salubrit\u00e9 et constituent un danger pour la sant\u00e9 publique\u201d, a averti la m\u00eame source.<\/p>\n<\/div>\n<p>Auteur: ALM<br \/>\n<a href=\"https:\/\/aujourdhui.ma\/economie\/coquillages-doued-negro-mdiq-et-cabo-negro-martil-interdit-den-recolter-et-commercialiser\">Cliquez ici pour lire l&rsquo;article depuis sa source.<\/a><\/p>\n","protected":false},"excerpt":{"rendered":"<p>A partir de ce vendredi, il est interdit de r\u00e9colter et commercialiser des coquillages issus des zones conchylicoles class\u00e9es Oued Negro-M\u2019diq et Cabo Negro-Martil relevant de la r\u00e9gion T\u00e9touan\/Chefchaouen. L\u2019annonce vient d\u2019\u00eatre faite par le d\u00e9partement de la P\u00eache maritime qui pr\u00e9cise que cette mesure prend effet \u201cjusqu\u2019\u00e0 \u00e9puration totale du milieu\u201d. Pour justifier cette [&hellip;]<\/p>\n","protected":false},"author":1759,"featured_media":98499,"comment_status":"closed","ping_status":"closed","sticky":false,"template":"","format":"standard","meta":{"fifu_image_url":"","fifu_image_alt":"","footnotes":""},"categories":[73,54],"tags":[],"class_list":["post-98498","post","type-post","status-publish","format-standard","has-post-thumbnail","hentry","category-actualite","category-maroc"],"_links":{"self":[{"href":"https:\/\/linitiative.ca\/International\/wp-json\/wp\/v2\/posts\/98498","targetHints":{"allow":["GET"]}}],"collection":[{"href":"https:\/\/linitiative.ca\/International\/wp-json\/wp\/v2\/posts"}],"about":[{"href":"https:\/\/linitiative.ca\/International\/wp-json\/wp\/v2\/types\/post"}],"author":[{"embeddable":true,"href":"https:\/\/linitiative.ca\/International\/wp-json\/wp\/v2\/users\/1759"}],"replies":[{"embeddable":true,"href":"https:\/\/linitiative.ca\/International\/wp-json\/wp\/v2\/comments?post=98498"}],"version-history":[{"count":0,"href":"https:\/\/linitiative.ca\/International\/wp-json\/wp\/v2\/posts\/98498\/revisions"}],"wp:featuredmedia":[{"embeddable":true,"href":"https:\/\/linitiative.ca\/International\/wp-json\/"}],"wp:attachment":[{"href":"https:\/\/linitiative.ca\/International\/wp-json\/wp\/v2\/media?parent=98498"}],"wp:term":[{"taxonomy":"category","embeddable":true,"href":"https:\/\/linitiative.ca\/International\/wp-json\/wp\/v2\/categories?post=98498"},{"taxonomy":"post_tag","embeddable":true,"href":"https:\/\/linitiative.ca\/International\/wp-json\/wp\/v2\/tags?post=98498"}],"curies":[{"name":"wp","href":"https:\/\/api.w.org\/{rel}","templated":true}]}}