{"id":98502,"date":"2020-09-11T07:46:04","date_gmt":"2020-09-11T11:46:04","guid":{"rendered":"https:\/\/linitiative.ca\/International\/le-comite-panafricain-du-commerce-et-de-linvestissement-du-secteur-prive-paftrac-met-lomc-au-defi-dentendre-la-voix-de-lafrique\/"},"modified":"2020-09-11T07:46:04","modified_gmt":"2020-09-11T11:46:04","slug":"le-comite-panafricain-du-commerce-et-de-linvestissement-du-secteur-prive-paftrac-met-lomc-au-defi-dentendre-la-voix-de-lafrique","status":"publish","type":"post","link":"https:\/\/linitiative.ca\/International\/le-comite-panafricain-du-commerce-et-de-linvestissement-du-secteur-prive-paftrac-met-lomc-au-defi-dentendre-la-voix-de-lafrique\/","title":{"rendered":"Le Comit\u00e9 panafricain du commerce et de l\u2019investissement du secteur priv\u00e9 (PAFTRAC) met l\u2019OMC au d\u00e9fi d\u2019entendre la voix de l\u2019Afrique"},"content":{"rendered":"<table class=\"c1\">\n<tbody>\n<tr>\n<td\/>\n<td><strong><em>Les subventions agricoles et les barri\u00e8res non tarifaires mises en \u00e9vidence comme un obstacle sp\u00e9cifique au d\u00e9veloppement<\/em><\/strong><\/td>\n<td>CAIRO, \u00c9gypte, 11 septembre 2020\/ \u2014 Le communiqu\u00e9 \u00e9tablit une feuille de route pour la r\u00e9forme de l\u2019OMC ; Un communiqu\u00e9 appelle \u00e0 ce que le d\u00e9veloppement soit au centre de la r\u00e9forme de l\u2019OMC ; Les subventions agricoles et les barri\u00e8res non tarifaires mises en \u00e9vidence comme un obstacle sp\u00e9cifique au d\u00e9veloppement.<\/p>\n<p>\u00c0 la suite de la r\u00e9union organis\u00e9e ce jour par le Comit\u00e9 panafricain du commerce et de l\u2019investissement du secteur priv\u00e9 (PAFTRAC) sous l\u2019\u00e9gide de l\u2019Afreximbank, un communiqu\u00e9 appelant \u00e0 un large \u00e9ventail de r\u00e9formes a \u00e9t\u00e9 adress\u00e9 aux \u00e9tats membres de l\u2019OMC et aux huit candidats pr\u00e9s\u00e9lectionn\u00e9s au poste de directeur g\u00e9n\u00e9ral de l\u2019OMC.<\/p>\n<p>Ce communiqu\u00e9 fait suite \u00e0 de nombreuses consultations entre les membres du PAFTRAC et ses partenaires institutionnels ainsi qu\u2019\u00e0 une enqu\u00eate aupr\u00e8s de 200 dirigeants africains du secteur priv\u00e9 . Un certain nombre de recommandations ont \u00e9t\u00e9 faites pour assurer une croissance du commerce mondial plus \u00e9quitable pour tous.<\/p>\n<p>Ignorer la voix de l\u2019Afrique et des \u00e9conomies \u00e9mergentes aura des cons\u00e9quences dramatiques pour l\u2019OMC \u00e0 un moment o\u00f9 le multilat\u00e9ralisme s\u2019estompe.<\/p>\n<p>Le pr\u00e9sident d\u2019Afreximbank a soulign\u00e9 que \u00ab l\u2019Afrique joue un r\u00f4le important mais largement sous-estim\u00e9 dans l\u2019\u00e9conomie mondiale. La part mondiale du commerce de l\u2019Afrique \u00e9tait tomb\u00e9e de 4,4% en 1970 \u00e0 2,5% aujourd\u2019hui, tandis que la part de l\u2019Asie \u00e9tait pass\u00e9e de 7,7% \u00e0 20% au cours de la m\u00eame p\u00e9riode. Des march\u00e9s fragment\u00e9s et des contraintes persistantes du c\u00f4t\u00e9 de l\u2019offre, des barri\u00e8res tarifaires douani\u00e8res et des normes tr\u00e8s strictes sur les produits finis africains, concourent \u00e0 limiter le potential du continent \u00e0 progresser dans le commerce mondial. \u00bb<\/p>\n<p>Les questions de d\u00e9veloppement doivent \u00eatre au centre du programme de r\u00e9formes de l\u2019OMC. Les pays africains exigent un traitement sp\u00e9cial et diff\u00e9renci\u00e9 qui leur permette plus de flexibilit\u00e9s et des marges de man\u0153uvre suffisantes pour soutenir leurs industries locales et faire progresser ainsi le d\u00e9veloppement du continent.<\/p>\n<p>L\u2019Accord de libre-\u00e9change continental africain (ZLECAf) entrera en vigueur\u00a0en 2021, L\u2019int\u00e9gration africaine dans le cadre de la ZLECAf et l\u2019\u00e9tablissement d\u2019un march\u00e9 commun africain ne doivent pas \u00eatre compromis par des n\u00e9gociations multilat\u00e9rales.<\/p>\n<p>Un secteur priv\u00e9 comp\u00e9titif puissant peut aider par une croissance rapide de l\u2019\u00e9conomie et du commerce \u00e0 offrir des emplois aux 17 millions de jeunes Africains qui entrent sur le march\u00e9 du travail chaque ann\u00e9e.<\/p>\n<p>Vous pouvez lire l\u2019int\u00e9gralit\u00e9 du communiqu\u00e9 ici (<a href=\"https:\/\/bit.ly\/3bSVzSk\" data-saferedirecturl=\"https:\/\/www.google.com\/url?q=https:\/\/bit.ly\/3bSVzSk&amp;source=gmail&amp;ust=1599908712811000&amp;usg=AFQjCNElivemr4ESSaGXv4R6XuI9QG9d9w\">https:\/\/bit.ly\/3bSVzSk<\/a>).<\/p>\n<p><em>Distribu\u00e9 par APO Group pour Pan-African Private Sector Trade and Investment Committee (PAFTRAC).<\/em><\/p>\n<p><em>\u00a0<\/em><\/p>\n<p><strong>Contact M\u00e9dias :<\/strong><br \/>Hassna Ben Seddik<br \/>E:\u00a0<a href=\"mailto:h.benseddik@icpublications.com\">h.benseddik@icpublications.com<\/a><\/p>\n<p><strong>\u00c0 propos de PAFTRAC :<\/strong><br \/>LE COMIT\u00c9 PANAFRICAIN DU COMMERCE ET DE L\u2019INVESTISSEMENT DU SECTEUR PRIV\u00c9 (PAFTRAC)<\/p>\n<p>PAFTRAC r\u00e9unit les dirigeants africains du secteur priv\u00e9 et fournit une plateforme de plaidoyer unique r\u00e9unissant le secteur priv\u00e9 africain et les d\u00e9cideurs africains pour soutenir le commerce, l\u2019investissement et les entreprises panafricaines extra et intra-africains.<\/p>\n<p>La plateforme produit des r\u00e9sultats panafricains en fournissant un cadre pour l\u2019engagement du secteur priv\u00e9 dans les questions de commerce et d\u2019investissement en Afrique, y compris la formulation de politiques et les n\u00e9gociations commerciales pour soutenir les \u00e9conomies africaines conform\u00e9ment aux ambitions de l\u2019Agenda 2063 : \u00ab L\u2019Afrique que nous voulons \u00bb.<\/p>\n<p>PAFTRAC renforce le plaidoyer et soutient les actions politiques et les recommandations du secteur priv\u00e9 sur le commerce et les probl\u00e8mes d\u2019investissement aux niveaux national, les corridors commerciaux, r\u00e9gionaux et multilat\u00e9raux.<\/p>\n<p><strong>SOURCE<\/strong><br \/>Pan-African Private Sector Trade and Investment Committee (PAFTRAC)<\/p>\n<\/td>\n<\/tr>\n<\/tbody>\n<\/table>\n<div class=\"wp-post-author-wrap wp-post-author-shortcode left\">\n<h3 class=\"awpa-title\"\/>\n<div class=\"wp-post-author\">\n<div class=\"awpa-img awpa-author-block square\"><a href=\"http:\/\/lexpertjournal.net\/fr\/?author=5\"><img loading=\"lazy\" decoding=\"async\" alt=\"\" src=\"http:\/\/0.gravatar.com\/avatar\/97f8e10a1c1125ba104a76514ee07b16?s=150&amp;d=mm&amp;r=g\" srcset=\"http:\/\/0.gravatar.com\/avatar\/97f8e10a1c1125ba104a76514ee07b16?s=300&amp;d=mm&amp;r=g 2x\" class=\"avatar avatar-150 photo\" height=\"150\" width=\"150\"\/><\/a><\/div>\n<\/div>\n<\/div>\n<aside class=\"mashsb-container mashsb-main mashsb-stretched\">\n<\/aside>\n<p>Auteur: L&rsquo;expert<br \/>\n<a href=\"http:\/\/lexpertjournal.net\/fr\/?p=16561\">Cliquez ici pour lire l&rsquo;article depuis sa source.<\/a><\/p>\n","protected":false},"excerpt":{"rendered":"<p>Les subventions agricoles et les barri\u00e8res non tarifaires mises en \u00e9vidence comme un obstacle sp\u00e9cifique au d\u00e9veloppement CAIRO, \u00c9gypte, 11 septembre 2020\/ \u2014 Le communiqu\u00e9 \u00e9tablit une feuille de route pour la r\u00e9forme de l\u2019OMC ; Un communiqu\u00e9 appelle \u00e0 ce que le d\u00e9veloppement soit au centre de la r\u00e9forme de l\u2019OMC ; Les subventions [&hellip;]<\/p>\n","protected":false},"author":1775,"featured_media":0,"comment_status":"closed","ping_status":"closed","sticky":false,"template":"","format":"standard","meta":{"fifu_image_url":"","fifu_image_alt":"","footnotes":""},"categories":[78,55],"tags":[],"class_list":["post-98502","post","type-post","status-publish","format-standard","hentry","category-economie","category-tunisie"],"_links":{"self":[{"href":"https:\/\/linitiative.ca\/International\/wp-json\/wp\/v2\/posts\/98502","targetHints":{"allow":["GET"]}}],"collection":[{"href":"https:\/\/linitiative.ca\/International\/wp-json\/wp\/v2\/posts"}],"about":[{"href":"https:\/\/linitiative.ca\/International\/wp-json\/wp\/v2\/types\/post"}],"author":[{"embeddable":true,"href":"https:\/\/linitiative.ca\/International\/wp-json\/wp\/v2\/users\/1775"}],"replies":[{"embeddable":true,"href":"https:\/\/linitiative.ca\/International\/wp-json\/wp\/v2\/comments?post=98502"}],"version-history":[{"count":0,"href":"https:\/\/linitiative.ca\/International\/wp-json\/wp\/v2\/posts\/98502\/revisions"}],"wp:attachment":[{"href":"https:\/\/linitiative.ca\/International\/wp-json\/wp\/v2\/media?parent=98502"}],"wp:term":[{"taxonomy":"category","embeddable":true,"href":"https:\/\/linitiative.ca\/International\/wp-json\/wp\/v2\/categories?post=98502"},{"taxonomy":"post_tag","embeddable":true,"href":"https:\/\/linitiative.ca\/International\/wp-json\/wp\/v2\/tags?post=98502"}],"curies":[{"name":"wp","href":"https:\/\/api.w.org\/{rel}","templated":true}]}}