{"id":98504,"date":"2020-09-11T13:03:32","date_gmt":"2020-09-11T17:03:32","guid":{"rendered":"https:\/\/linitiative.ca\/International\/la-version-amazigh-de-lopium-et-le-baton-projetee-en-decembre\/"},"modified":"2020-09-11T13:03:32","modified_gmt":"2020-09-11T17:03:32","slug":"la-version-amazigh-de-lopium-et-le-baton-projetee-en-decembre","status":"publish","type":"post","link":"https:\/\/linitiative.ca\/International\/la-version-amazigh-de-lopium-et-le-baton-projetee-en-decembre\/","title":{"rendered":"La version amazigh de \u00ab\u00a0L&rsquo;opium et le b\u00e2ton\u00a0\u00bb projet\u00e9e en d\u00e9cembre"},"content":{"rendered":"<div readability=\"40\">\n<p><strong>TIZI-OUZOU &#8211; L\u2019avant premi\u00e8re de la version en tamazight du film \u00ab\u00a0L\u2019opium et le b\u00e2ton\u00a0\u00bb, adapt\u00e9 du roman \u00e9ponyme de Mouloud Mammeri, sera diffus\u00e9e en d\u00e9cembre prochain \u00e0 Tizi-Ouzou, a indiqu\u00e9 jeudi le secr\u00e9taire-g\u00e9n\u00e9ral du Haut commissariat \u00e0 l\u2019amazighit\u00e9 (HCA), Si El Hachemi Assad, au forum de la radio locale.<\/strong><\/p>\n<\/div>\n<div readability=\"84.5\">\n<p>Il sera diffus\u00e9, le 28 d\u00e9cembre, dans le cadre des activit\u00e9s comm\u00e9moratives de l\u2019anniversaire de naissance de l\u2019\u00e9crivain, anthropologue et linguiste, a-t-il indiqu\u00e9, soulignant que \u00ab\u00a0c\u2019est un travail qui a demand\u00e9 beaucoup d\u2019efforts, de temps et de moyens pour \u00eatre plus pr\u00e8s du texte de l\u2019auteur\u00a0\u00bb.<\/p>\n<p>M.Assad a salu\u00e9, \u00e0 l\u2019occasion le travail accompli par le producteur-r\u00e9alisateur Samir A\u00eft Belkacem qui a pris \u00ab\u00a0le temps n\u00e9cessaire pour fournir un travail propre et bien ficel\u00e9\u00a0\u00bb, soulignant que le HCA a accompagn\u00e9 le projet en \u00ab\u00a0prenant en charge les consid\u00e9rations l\u00e9gales et financi\u00e8res li\u00e9es \u00e0 ce travail, notamment, les autorisations du r\u00e9alisateur du film, Ahmed Rachedi, ainsi que ses droits\u00a0\u00bb.<\/p>\n<blockquote readability=\"12\">\n<p><strong><em>Le HCA, qui a \u00e9t\u00e9 un partenaire dans ce travail de doublage lanc\u00e9 en 2017, se chargera, \u00e9galement, \u00ab\u00a0de faire la promotion de ce film \u00e0 travers l\u2019ensemble du territoire national\u00a0\u00bb, a-t-il ajout\u00e9.<\/em><\/strong><\/p>\n<\/blockquote>\n<p>Dans le cadre toujours de la promotion de la langue et de la culture amazighs, M. Assad a, \u00e9galement, soulign\u00e9 lors de son intervention, que le prix du pr\u00e9sident de la R\u00e9publique pour la langue et la litt\u00e9rature amazighes institu\u00e9 derni\u00e8rement \u00ab\u00a0contribuera \u00e0 cette promotion en encourageant les travaux d\u2019\u00e9criture et d\u2019\u00e9dition\u00a0\u00bb.<\/p>\n<blockquote readability=\"11\">\n<p><em><strong>\u00ab\u00a0C\u2019est un nouveau dispositif qui va contribuer \u00e0 propulser la production et la prise en charge de l\u2019activit\u00e9 intellectuelle en Tamazight\u00a0\u00bb, dira-t-il tout en estimant que le travail accompli \u00e0 ce jour est plut\u00f4t \u00ab\u00a0positif et visible\u00a0\u00bb, notamment, dans le cadre de la co-\u00e9dition lanc\u00e9e depuis 2016 avec certains organismes et institutions.<\/strong><\/em><\/p>\n<\/blockquote>\n<p>\u00ab\u00a0Nous avons r\u00e9alis\u00e9 plusieurs travaux, notamment, historiques, en co-\u00e9dition avec divers organismes et institutions et nous sommes en phase de mettre en place d\u2019autres travaux avec de nouveau partenaires\u00a0\u00bb, a-t-il soutenu.<\/p>\n<p>S\u2019agissant des m\u00e9dias, notamment lourds, M. Assad a indiqu\u00e9 que le HCA a \u00ab\u00a0une vision pragmatique pour g\u00e9n\u00e9raliser graduellement la pr\u00e9sence de tamazight dans les m\u00e9dias lourds\u00a0\u00bb \u00e0 travers un programme de formation au profit des journalistes de divers supports m\u00e9diatiques en collaboration avec le minist\u00e8re de la communication.<\/p>\n<\/div>\n<p>Auteur:<br \/>\n<a href=\"http:\/\/www.aps.dz\/culture\/109591-tizi-ouzou-projection-en-decembre-de-la-version-amazigh-du-film-l-opium-et-le-baton\">Cliquez ici pour lire l&rsquo;article depuis sa source.<\/a><\/p>\n","protected":false},"excerpt":{"rendered":"<p>TIZI-OUZOU &#8211; L\u2019avant premi\u00e8re de la version en tamazight du film \u00ab\u00a0L\u2019opium et le b\u00e2ton\u00a0\u00bb, adapt\u00e9 du roman \u00e9ponyme de Mouloud Mammeri, sera diffus\u00e9e en d\u00e9cembre prochain \u00e0 Tizi-Ouzou, a indiqu\u00e9 jeudi le secr\u00e9taire-g\u00e9n\u00e9ral du Haut commissariat \u00e0 l\u2019amazighit\u00e9 (HCA), Si El Hachemi Assad, au forum de la radio locale. Il sera diffus\u00e9, le 28 [&hellip;]<\/p>\n","protected":false},"author":1790,"featured_media":0,"comment_status":"closed","ping_status":"closed","sticky":false,"template":"","format":"standard","meta":{"fifu_image_url":"","fifu_image_alt":"","footnotes":""},"categories":[53,79],"tags":[],"class_list":["post-98504","post","type-post","status-publish","format-standard","hentry","category-algerie","category-culture"],"_links":{"self":[{"href":"https:\/\/linitiative.ca\/International\/wp-json\/wp\/v2\/posts\/98504","targetHints":{"allow":["GET"]}}],"collection":[{"href":"https:\/\/linitiative.ca\/International\/wp-json\/wp\/v2\/posts"}],"about":[{"href":"https:\/\/linitiative.ca\/International\/wp-json\/wp\/v2\/types\/post"}],"author":[{"embeddable":true,"href":"https:\/\/linitiative.ca\/International\/wp-json\/wp\/v2\/users\/1790"}],"replies":[{"embeddable":true,"href":"https:\/\/linitiative.ca\/International\/wp-json\/wp\/v2\/comments?post=98504"}],"version-history":[{"count":0,"href":"https:\/\/linitiative.ca\/International\/wp-json\/wp\/v2\/posts\/98504\/revisions"}],"wp:attachment":[{"href":"https:\/\/linitiative.ca\/International\/wp-json\/wp\/v2\/media?parent=98504"}],"wp:term":[{"taxonomy":"category","embeddable":true,"href":"https:\/\/linitiative.ca\/International\/wp-json\/wp\/v2\/categories?post=98504"},{"taxonomy":"post_tag","embeddable":true,"href":"https:\/\/linitiative.ca\/International\/wp-json\/wp\/v2\/tags?post=98504"}],"curies":[{"name":"wp","href":"https:\/\/api.w.org\/{rel}","templated":true}]}}