{"id":98507,"date":"2020-09-10T16:15:21","date_gmt":"2020-09-10T20:15:21","guid":{"rendered":"https:\/\/linitiative.ca\/International\/rentree-scolaire-3-questions-au-directeur-de-laref-marrakech-safi\/"},"modified":"2020-09-10T16:15:21","modified_gmt":"2020-09-10T20:15:21","slug":"rentree-scolaire-3-questions-au-directeur-de-laref-marrakech-safi","status":"publish","type":"post","link":"https:\/\/linitiative.ca\/International\/rentree-scolaire-3-questions-au-directeur-de-laref-marrakech-safi\/","title":{"rendered":"Rentr\u00e9e scolaire: 3 questions au directeur de l\u2019AREF Marrakech-Safi"},"content":{"rendered":"<p><iframe loading=\"lazy\" width=\"1170\" height=\"658\" src=\"https:\/\/www.youtube.com\/embed\/ujqvrEl1C_8?feature=oembed\" frameborder=\"0\" allow=\"accelerometer; autoplay; encrypted-media; gyroscope; picture-in-picture\" allowfullscreen=\"\">[embedded content]<\/iframe><\/p>\n<div class=\"single-post-excerpt post-excerpt-bc\" readability=\"39\">\n<p>Dans cet entretien accord\u00e9 \u00e0 la MAP, le directeur de l\u2019Acad\u00e9mie R\u00e9gionale d\u2019Education et de Formation (AREF) Marrakech-Safi, Moulay Ahmed Karimi revient sur les caract\u00e9ristiques de la rentr\u00e9e scolaire 2020-2021, les mesures prises par l\u2019AREF en vue de mettre en \u0153uvre le protocole sanitaire adopt\u00e9 par le minist\u00e8re de tutelle dans ce contexte marqu\u00e9 par la propagation de la Covid-19, ainsi que sur les formules p\u00e9dagogiques adopt\u00e9es au niveau de la r\u00e9gion Marrakech-Safi :<\/p>\n<\/div>\n<p>Auteur: Meriem IGASS<br \/>\n<a href=\"http:\/\/www.mapmarrakech.ma\/fr\/rentree-scolaire-3-questions-au-directeur-de-laref-marrakech-safi\/\">Cliquez ici pour lire l&rsquo;article depuis sa source.<\/a><\/p>\n","protected":false},"excerpt":{"rendered":"<p>[embedded content] Dans cet entretien accord\u00e9 \u00e0 la MAP, le directeur de l\u2019Acad\u00e9mie R\u00e9gionale d\u2019Education et de Formation (AREF) Marrakech-Safi, Moulay Ahmed Karimi revient sur les caract\u00e9ristiques de la rentr\u00e9e scolaire 2020-2021, les mesures prises par l\u2019AREF en vue de mettre en \u0153uvre le protocole sanitaire adopt\u00e9 par le minist\u00e8re de tutelle dans ce contexte [&hellip;]<\/p>\n","protected":false},"author":1788,"featured_media":0,"comment_status":"closed","ping_status":"closed","sticky":false,"template":"","format":"standard","meta":{"fifu_image_url":"","fifu_image_alt":"","footnotes":""},"categories":[54,76],"tags":[],"class_list":["post-98507","post","type-post","status-publish","format-standard","hentry","category-maroc","category-regions"],"_links":{"self":[{"href":"https:\/\/linitiative.ca\/International\/wp-json\/wp\/v2\/posts\/98507","targetHints":{"allow":["GET"]}}],"collection":[{"href":"https:\/\/linitiative.ca\/International\/wp-json\/wp\/v2\/posts"}],"about":[{"href":"https:\/\/linitiative.ca\/International\/wp-json\/wp\/v2\/types\/post"}],"author":[{"embeddable":true,"href":"https:\/\/linitiative.ca\/International\/wp-json\/wp\/v2\/users\/1788"}],"replies":[{"embeddable":true,"href":"https:\/\/linitiative.ca\/International\/wp-json\/wp\/v2\/comments?post=98507"}],"version-history":[{"count":0,"href":"https:\/\/linitiative.ca\/International\/wp-json\/wp\/v2\/posts\/98507\/revisions"}],"wp:attachment":[{"href":"https:\/\/linitiative.ca\/International\/wp-json\/wp\/v2\/media?parent=98507"}],"wp:term":[{"taxonomy":"category","embeddable":true,"href":"https:\/\/linitiative.ca\/International\/wp-json\/wp\/v2\/categories?post=98507"},{"taxonomy":"post_tag","embeddable":true,"href":"https:\/\/linitiative.ca\/International\/wp-json\/wp\/v2\/tags?post=98507"}],"curies":[{"name":"wp","href":"https:\/\/api.w.org\/{rel}","templated":true}]}}