{"id":98514,"date":"2020-09-11T01:00:02","date_gmt":"2020-09-11T05:00:02","guid":{"rendered":"https:\/\/linitiative.ca\/International\/un-reconfinement-serait-dramatique-pour-leconomie\/"},"modified":"2020-09-11T01:00:02","modified_gmt":"2020-09-11T05:00:02","slug":"un-reconfinement-serait-dramatique-pour-leconomie","status":"publish","type":"post","link":"https:\/\/linitiative.ca\/International\/un-reconfinement-serait-dramatique-pour-leconomie\/","title":{"rendered":"\u00abUn reconfinement serait dramatique pour l\u2019\u00e9conomie\u00bb"},"content":{"rendered":"<p class=\"rtejustify\">Alors que les contaminations au Coronavirus repartent \u00e0 la hausse, un reconfinement serait catastrophique pour l\u2019\u00e9conomie. C\u2019est le message de la CGEM au gouvernement. \u00abCe serait inconcevable et dramatique pour notre \u00e9conomie\u00bb, souligne\u00a0 Chakib Alj, pr\u00e9sident de la CGEM qui insiste sur la pr\u00e9vention: \u00ables mesures barri\u00e8res restent le moyen le plus efficace pour limiter la propagation du virus et pour nous \u00e9viter un reconfinement \u00bb.<\/p>\n<p class=\"rtejustify\">Le patronat, qui a tenu une conf\u00e9rence de presse mercredi 9 septembre sur la rentr\u00e9e \u00e9conomique, a dress\u00e9 un tableau peu reluisant. En tout cas, la relance n\u2019est pas encore au rendez-vous. Les premiers mois de la crise ont \u00e9t\u00e9\u00a0 marqu\u00e9s par la rapidit\u00e9 et la pertinence des d\u00e9cisions donnant ainsi confiance aux Marocains. Malheureusement, \u00abcette perception s\u2019est effrit\u00e9e lorsque nous avons perdu en coh\u00e9rence des actions et en rapidit\u00e9 d\u2019ex\u00e9cution \u00e0 partir de juin\u00bb, souligne Mehdi Tazi, vice pr\u00e9sident de la CGEM.<\/p>\n<p class=\"rtejustify\">Et d\u2019ajouter: \u00abnous avons v\u00e9cu avec deux espoirs: que le confinement \u00e9radique le virus\u00a0 et que le virus soit saisonnier. Aujourd\u2019hui que ces hypoth\u00e8ses s\u2019av\u00e8rent fausses, nos d\u00e9cisions doivent s\u2019adapter pour une reprise en U et non en V et la prise en compte de la perte d\u2019emplois qui est in\u00e9vitable\u00bb.<\/p>\n<p class=\"rtejustify\">Le besoin n\u2019est autre que de trouver une solution aux entreprises pour qu\u2019elles puissent survivre\u00a0 et aux personnes perdant leur emploi pour qu\u2019elles puissent tenir. Quand elles ne sont pas \u00e0 l\u2019arr\u00eat, plusieurs entreprises font face \u00e0 une baisse de la demande. Certaines se retrouvent dans des situations d\u00e9licates en raison des probl\u00e8mes de tr\u00e9sorerie et de financement. Ce qui peut mener \u00e0 des pertes d\u2019emplois.<\/p>\n<p class=\"rtejustify\">La conf\u00e9d\u00e9ration appelle \u00e0 \u00ablib\u00e9rer\u00bb l\u2019\u00e9conomie pour qu\u2019elle reparte au mieux tout en assurant un revenu minimum \u00e0 ceux ayant perdu leur emploi. Elle propose notamment l\u2019acc\u00e9l\u00e9ration des mesures sectorielles et d\u2019appui pour tous les secteurs en souffrance. La demande, principal moteur de la croissance, devrait \u00e9galement reprendre.<\/p>\n<p class=\"rtejustify\">Mehdi Tazi, parle de \u00abchoc de la\u00a0 demande nationale \u00e0 travers la commande publique et la r\u00e9duction de la TVA. C\u2019est \u00e0 consid\u00e9rer s\u00e9rieusement devant une d\u00e9flation qui semble se confirmer\u00bb. La CGEM sugg\u00e8re aussi la mise en place d\u2019une indemnit\u00e9 perte d\u2019emploi pendant 6 mois pour les ch\u00f4meurs issus de la crise.<\/p>\n<p class=\"rtejustify\">Autre recommandation, la clarification et la communication des normes sanitaires \u00e0 respecter ainsi que l\u2019audit fr\u00e9quent et norm\u00e9 par les pouvoirs publics. Le patronat signale d\u2019ailleurs que \u00abdes foyers dans les industries et entreprises existent et continueront d\u2019exister mais, les d\u00e9cisions de fermeture sans pr\u00e9avis portent pr\u00e9judice aux industriels, notamment aux exportateurs\u00bb.<\/p>\n<p class=\"rtejustify\">A titre d\u2019exemple, dans le textile et l\u2019automobile, o\u00f9 devant le manque de visibilit\u00e9, les donneurs d\u2019ordre r\u00e9orientent leurs commandes vers nos concurrents: Turquie, Roumanie, Egypte, Tunisie, etc.<\/p>\n<p class=\"rtecenter\"><strong><u>\u00a0\u00a0\u00a0\u00a0\u00a0\u00a0\u00a0\u00a0\u00a0\u00a0\u00a0\u00a0\u00a0\u00a0\u00a0\u00a0\u00a0\u00a0\u00a0\u00a0\u00a0\u00a0\u00a0\u00a0\u00a0\u00a0\u00a0\u00a0\u00a0\u00a0\u00a0\u00a0\u00a0\u00a0\u00a0\u00a0\u00a0\u00a0\u00a0\u00a0\u00a0\u00a0\u00a0\u00a0\u00a0\u00a0\u00a0\u00a0\u00a0\u00a0\u00a0\u00a0\u00a0\u00a0\u00a0\u00a0\u00a0\u00a0\u00a0\u00a0\u00a0\u00a0\u00a0\u00a0\u00a0\u00a0\u00a0\u00a0\u00a0\u00a0\u00a0\u00a0\u00a0\u00a0 <\/u><\/strong><\/p>\n<p class=\"rtejustify\"><strong>\u25a0 Rompons avec l\u2019orthodoxie budg\u00e9taire!<\/strong><br \/>\u00abNous devons instaurer les bases d\u2019une \u00e9conomie plus r\u00e9siliente et comp\u00e9titive et redonner confiance aux chefs d\u2019entreprises\u00bb,\u00a0 souligne Chakib Alj. En attendant, les d\u00e9tails des propositions de la CGEM pour la loi de finances 2021, le patronat insiste sur la pr\u00e9servation du tissu productif tout en maintenant l\u2019emploi. \u00abIl faut que l\u2019Etat rompe avec l\u2019orthodoxie budg\u00e9taire classique puisque l\u2019ann\u00e9e est exceptionnelle. Donnons les indemnit\u00e9s qu\u2019il faut pour pr\u00e9server les entreprises\u00bb, souligne Abdelmajid Faiz, vice-pr\u00e9sident de la Commission fiscalit\u00e9 et douane.<br \/>Les propositions fiscales de la CGEM portent notamment sur des exon\u00e9rations au profit des salari\u00e9s \u00e0 hauteur d\u2019un plafond \u00e0 n\u00e9gocier. Contrairement aux projections effectu\u00e9es au d\u00e9but de la crise, celle-ci perdure et le probl\u00e8me de tr\u00e9sorerie restera un souci majeur pour l\u2019entreprise. \u00abIl faudra acc\u00e9l\u00e9rer le remboursement TVA et r\u00e9gler le probl\u00e8me du butoir qui se pose pour un ensemble de secteur\u00bb, poursuit Faiz. Des m\u00e9canismes fiscaux et douaniers devraient \u00eatre mis en place pour lever les obstacles \u00e0 la comp\u00e9titivit\u00e9 de l\u2019entreprise notamment par rapport aux importations. \u00abLa production nationale est p\u00e9nalis\u00e9e par rapport \u00e0 l\u2019import en particulier avec les pays avec lesquels des accords de libre-\u00e9change sont sign\u00e9s. Nous demandons\u00a0 de revoir la taxation \u00e0 l\u2019imp\u00f4t de certains intrants en vue de favoriser la production nationale\u00bb.<\/p>\n<p class=\"rtejustify\"><strong>\u25a0 Crise sanitaire: Mobilisons les cliniques priv\u00e9es<\/strong><br \/>Toutes les capacit\u00e9s disponibles pour r\u00e9duire la vitesse de propagation du virus et traiter rapidement les cas symptomatiques doivent \u00eatre utilis\u00e9es. Pour la CGEM,\u00a0 le port du masque doit \u00eatre obligatoire en public y compris dans les entreprises, les contr\u00f4les efficaces et les contraventions effectives lorsque ce n\u2019est pas respect\u00e9. Elle est \u00e9galement favorable \u00e0 l\u2019isolement en r\u00e9sidence pour les cas asymptomatiques et la sanction en cas de non-respect. Une adaptation de la politique de test est \u00e9galement conseill\u00e9e ainsi que l\u2019augmentation de la capacit\u00e9 de traitement des malades. Et ce, via la mobilisation des cliniques et personnels priv\u00e9s sous la supervision de l\u2019h\u00f4pital public. La mise \u00e0 disposition des traitements dans les officines priv\u00e9es et leur distribution \u00e9largie sur base de pr\u00e9sentation des r\u00e9sultats de tests est \u00e9galement recommand\u00e9e.<\/p>\n<p class=\"rtejustify\"><strong>\u25a0 Contr\u00f4les fiscaux: \u00abIl faut prot\u00e9ger les entreprises des abus\u00bb<\/strong><br \/>\u00abNous voulons prot\u00e9ger les entreprises des abus des contr\u00f4les fiscaux. Il faut un amendement de la loi\u00bb. L\u2019id\u00e9e est d\u2019instaurer un climat de confiance \u00e0 travers l\u2019am\u00e9lioration du cadre juridique. Il faut dire que les entreprises se sont toujours plaintes des notifications qu\u2019elles re\u00e7oivent pour des montants importants avant qu\u2019ils ne soient revus \u00e0 la baisse au terme des n\u00e9gociations.<\/p>\n<p class=\"rtejustify\"><strong>\u25a0 Financement des TPE et PME<\/strong><br \/>\u00abNous avons eu des retours d\u2019entreprises qui n\u2019ont pas pu d\u00e9crocher de cr\u00e9dit. Nous avons analys\u00e9 les dossiers\u00bb. Pour pr\u00e9tendre au cr\u00e9dit relance, deux \u00e9l\u00e9ments doivent \u00eatre respect\u00e9s. Le premier se rapporte \u00e0 la capacit\u00e9 de remboursement de l\u2019entreprise sinon c\u2019est la faillite ou le d\u00e9faut de paiement certain. Dans ce cas, la dette n\u2019est pas le m\u00e9canisme appropri\u00e9. D\u2019o\u00f9 la proposition d\u2019aller vers les fonds sectoriels pour des financements \u00e0 travers l\u2019injection de fonds propres. La deuxi\u00e8me exigence se rapporte \u00e0 la non-distribution de dividendes.<\/p>\n<p class=\"rtejustify\"><strong>\u25a0 Pr\u00e9f\u00e9rence nationale: Adaptation et innovation<\/strong><br \/>\u00abLes entreprises marocaines doivent \u00e9galement adapter leurs produits et innover surtout dans un contexte de relocalisation\u00bb. Le patronat attend de nouvelles mesures sur les importations pour permettre aux entreprises de commercialiser leurs produits sur le march\u00e9 local et d\u2019\u00eatre beaucoup plus comp\u00e9titives. Ces mesures devraient s\u2019accompagner de changements au niveau de la TVA car la croissance passera par la relance de la consommation des m\u00e9nages.<\/p>\n<p><em>Khadija MASMOUDI<\/em><\/p>\n<p>Auteur: hlafriqi<br \/>\n<a href=\"https:\/\/www.leconomiste.com\/article\/1066969-un-reconfinement-serait-dramatique-pour-l-economie\">Cliquez ici pour lire l&rsquo;article depuis sa source.<\/a><\/p>\n","protected":false},"excerpt":{"rendered":"<p>Alors que les contaminations au Coronavirus repartent \u00e0 la hausse, un reconfinement serait catastrophique pour l\u2019\u00e9conomie. C\u2019est le message de la CGEM au gouvernement. \u00abCe serait inconcevable et dramatique pour notre \u00e9conomie\u00bb, souligne\u00a0 Chakib Alj, pr\u00e9sident de la CGEM qui insiste sur la pr\u00e9vention: \u00ables mesures barri\u00e8res restent le moyen le plus efficace pour limiter [&hellip;]<\/p>\n","protected":false},"author":1763,"featured_media":0,"comment_status":"closed","ping_status":"closed","sticky":false,"template":"","format":"standard","meta":{"fifu_image_url":"","fifu_image_alt":"","footnotes":""},"categories":[78,54],"tags":[],"class_list":["post-98514","post","type-post","status-publish","format-standard","hentry","category-economie","category-maroc"],"_links":{"self":[{"href":"https:\/\/linitiative.ca\/International\/wp-json\/wp\/v2\/posts\/98514","targetHints":{"allow":["GET"]}}],"collection":[{"href":"https:\/\/linitiative.ca\/International\/wp-json\/wp\/v2\/posts"}],"about":[{"href":"https:\/\/linitiative.ca\/International\/wp-json\/wp\/v2\/types\/post"}],"author":[{"embeddable":true,"href":"https:\/\/linitiative.ca\/International\/wp-json\/wp\/v2\/users\/1763"}],"replies":[{"embeddable":true,"href":"https:\/\/linitiative.ca\/International\/wp-json\/wp\/v2\/comments?post=98514"}],"version-history":[{"count":0,"href":"https:\/\/linitiative.ca\/International\/wp-json\/wp\/v2\/posts\/98514\/revisions"}],"wp:attachment":[{"href":"https:\/\/linitiative.ca\/International\/wp-json\/wp\/v2\/media?parent=98514"}],"wp:term":[{"taxonomy":"category","embeddable":true,"href":"https:\/\/linitiative.ca\/International\/wp-json\/wp\/v2\/categories?post=98514"},{"taxonomy":"post_tag","embeddable":true,"href":"https:\/\/linitiative.ca\/International\/wp-json\/wp\/v2\/tags?post=98514"}],"curies":[{"name":"wp","href":"https:\/\/api.w.org\/{rel}","templated":true}]}}