{"id":98534,"date":"2020-09-11T15:18:54","date_gmt":"2020-09-11T19:18:54","guid":{"rendered":"https:\/\/linitiative.ca\/International\/m-%e2%80%88ammar-belhimer-un-large-debat-sur-la-constitution-dans-les-medias\/"},"modified":"2020-09-11T15:18:54","modified_gmt":"2020-09-11T19:18:54","slug":"m-%e2%80%88ammar-belhimer-un-large-debat-sur-la-constitution-dans-les-medias","status":"publish","type":"post","link":"https:\/\/linitiative.ca\/International\/m-%e2%80%88ammar-belhimer-un-large-debat-sur-la-constitution-dans-les-medias\/","title":{"rendered":"M.\u2008Ammar Belhimer  : \u00ab Un large d\u00e9bat  sur la Constitution  dans les m\u00e9dias \u00bb"},"content":{"rendered":"<p>Le ministre de la Communication, porte-parole du gouvernement, Ammar Belhimer a annonc\u00e9 jeudi dernier \u00e0 Alger l&rsquo;ouverture d&rsquo;un large d\u00e9bat sur le projet de r\u00e9vision de la Constitution. \u00abUn large d\u00e9bat sera ouvert avec la soci\u00e9t\u00e9 civile, les associations, les personnalit\u00e9s, les experts, les partis agr\u00e9\u00e9s et toutes les franges de la soci\u00e9t\u00e9 alg\u00e9rienne pour les associer au processus r\u00e9f\u00e9rendaire\u00bb, a affirm\u00e9 M. Belhimer, dans une d\u00e9claration en marge de la pl\u00e9ni\u00e8re de l&rsquo;APN consacr\u00e9 au vote sur le projet de r\u00e9vision de la Constitution. M. Belhimer a pr\u00e9cis\u00e9 que tous les m\u00e9dias \u00e9crits et audiovisuels seront mobilis\u00e9s pour participer \u00e0 ce d\u00e9bat \u00e0 partir du 16 septembre.<br \/>T. K.<\/p>\n<p>Auteur: elmoudjahid<br \/>\n<a href=\"http:\/\/www.elmoudjahid.com\/fr\/actualites\/159385\">Cliquez ici pour lire l&rsquo;article depuis sa source.<\/a><\/p>\n","protected":false},"excerpt":{"rendered":"<p>Le ministre de la Communication, porte-parole du gouvernement, Ammar Belhimer a annonc\u00e9 jeudi dernier \u00e0 Alger l&rsquo;ouverture d&rsquo;un large d\u00e9bat sur le projet de r\u00e9vision de la Constitution. \u00abUn large d\u00e9bat sera ouvert avec la soci\u00e9t\u00e9 civile, les associations, les personnalit\u00e9s, les experts, les partis agr\u00e9\u00e9s et toutes les franges de la soci\u00e9t\u00e9 alg\u00e9rienne pour [&hellip;]<\/p>\n","protected":false},"author":1744,"featured_media":0,"comment_status":"closed","ping_status":"closed","sticky":false,"template":"","format":"standard","meta":{"fifu_image_url":"","fifu_image_alt":"","footnotes":""},"categories":[73,53],"tags":[],"class_list":["post-98534","post","type-post","status-publish","format-standard","hentry","category-actualite","category-algerie"],"_links":{"self":[{"href":"https:\/\/linitiative.ca\/International\/wp-json\/wp\/v2\/posts\/98534","targetHints":{"allow":["GET"]}}],"collection":[{"href":"https:\/\/linitiative.ca\/International\/wp-json\/wp\/v2\/posts"}],"about":[{"href":"https:\/\/linitiative.ca\/International\/wp-json\/wp\/v2\/types\/post"}],"author":[{"embeddable":true,"href":"https:\/\/linitiative.ca\/International\/wp-json\/wp\/v2\/users\/1744"}],"replies":[{"embeddable":true,"href":"https:\/\/linitiative.ca\/International\/wp-json\/wp\/v2\/comments?post=98534"}],"version-history":[{"count":0,"href":"https:\/\/linitiative.ca\/International\/wp-json\/wp\/v2\/posts\/98534\/revisions"}],"wp:attachment":[{"href":"https:\/\/linitiative.ca\/International\/wp-json\/wp\/v2\/media?parent=98534"}],"wp:term":[{"taxonomy":"category","embeddable":true,"href":"https:\/\/linitiative.ca\/International\/wp-json\/wp\/v2\/categories?post=98534"},{"taxonomy":"post_tag","embeddable":true,"href":"https:\/\/linitiative.ca\/International\/wp-json\/wp\/v2\/tags?post=98534"}],"curies":[{"name":"wp","href":"https:\/\/api.w.org\/{rel}","templated":true}]}}