{"id":98545,"date":"2020-09-11T05:00:00","date_gmt":"2020-09-11T09:00:00","guid":{"rendered":"https:\/\/linitiative.ca\/International\/une-premiere-sur-la-voie-des-villes-intelligentes-en-tunisie-un-reseau-innovant-de-cameras-de-telesurveillance-bientot-operationnel-a-la-perle-du-lac-photos-et-videos\/"},"modified":"2020-09-11T05:00:00","modified_gmt":"2020-09-11T09:00:00","slug":"une-premiere-sur-la-voie-des-villes-intelligentes-en-tunisie-un-reseau-innovant-de-cameras-de-telesurveillance-bientot-operationnel-a-la-perle-du-lac-photos-et-videos","status":"publish","type":"post","link":"https:\/\/linitiative.ca\/International\/une-premiere-sur-la-voie-des-villes-intelligentes-en-tunisie-un-reseau-innovant-de-cameras-de-telesurveillance-bientot-operationnel-a-la-perle-du-lac-photos-et-videos\/","title":{"rendered":"Une premi\u00e8re sur la voie des villes intelligentes en Tunisie: Un r\u00e9seau innovant de cam\u00e9ras de t\u00e9l\u00e9surveillance bient\u00f4t op\u00e9rationnel \u00e0 La Perle du Lac  (Photos et Vid\u00e9os)"},"content":{"rendered":"<p><span class=\"c2\"><strong>\u2022<\/strong><\/span> <strong>Accord tripartite sign\u00e9 entre le minist\u00e8re de l\u2019Int\u00e9rieur, la municipalit\u00e9 de Tunis et Albuhaira<\/strong><\/p>\n<p><span class=\"c2\"><strong>\u2022<\/strong><\/span> <strong>Premier lot de 625.000 D, sur un total de 2,5 millions de dinars<\/strong><\/p>\n<p>Assurer une t\u00e9l\u00e9surveillance \u00e9lectronique par cam\u00e9ras de surveillance pour d\u00e9tecter en direct tout acte malveillant, agression, vol, accident, jet d\u2019ordures, atteinte \u00e0 l\u2019environnement et autres, dans la nouvelle cit\u00e9 La Perle du Lac, au Lac Nord de Tunis entrera bient\u00f4t en fonction. A la faveur d\u2019un accord sign\u00e9 entre le minist\u00e8re de l\u2019Int\u00e9rieur, la Ville de Tunis et la soci\u00e9t\u00e9 Albuhaira Invest, promotrice du projet et d\u00e9veloppeur urbain du projet du Lac Nord de Tunis, un r\u00e9seau int\u00e9gr\u00e9 de 14 cam\u00e9ras de haute r\u00e9solution, reli\u00e9 en fibrage optique internet de tr\u00e8s haut d\u00e9bit et servi par l\u2019\u00e9clairage public, sera connect\u00e9 au r\u00e9seau de t\u00e9l\u00e9surveillance, g\u00e9r\u00e9 par le Minist\u00e8re de l\u2019Int\u00e9rieur.<\/p>\n<p>Ces 14 cam\u00e9ras seront implant\u00e9es \u00e0 raison de 9 unit\u00e9s pour couvrir les principales art\u00e8res et places publiques de la Cit\u00e9 la Perle du Lac, s\u2019\u00e9tendant depuis la zone du Lac Nord de Tunis en allant vers le centre-ville, notamment au niveau de l\u2019avenue Abdelaziz Kamel qui constitue le boulevard principal de la nouvelle cit\u00e9. Cinq autres cam\u00e9ras couvriront les carrefours et ronds-points. Le co\u00fbt du projet s\u2019\u00e9l\u00e8ve \u00e0 625.000 DT consenti par Albuhaira Invest et les d\u00e9lais d\u2019ex\u00e9cution sont fix\u00e9s \u00e0 4 mois.<\/p>\n<p class=\"c3\"><iframe loading=\"lazy\" src=\"https:\/\/www.youtube.com\/embed\/je9wHRdGePM\" allow=\"accelerometer; autoplay; encrypted-media; gyroscope; picture-in-picture\" allowfullscreen=\"\" width=\"560\" height=\"315\" frameborder=\"0\">[embedded content]<\/iframe><\/p>\n<p><span class=\"c5\"><span class=\"c4\"><strong>Souad Abderrahim : Un mod\u00e8le de d\u00e9veloppeur citoyen et responsable qui inspire<\/strong><\/span><\/span><\/p>\n<p>Le coup d\u2019envoi de ce projet pilote, pionnier en son genre, a \u00e9t\u00e9 donn\u00e9 mardi en d\u00e9but d\u2019apr\u00e8s-midi \u00e0 l\u2019H\u00f4tel-de-Ville de Tunis, \u00e0 l\u2019occasion de la signature de l\u2019accord tripartite entre le Minist\u00e8re de l\u2019Int\u00e9rieur, la Municipalit\u00e9 de Tunis et la soci\u00e9t\u00e9 Albuhaira Invest.<\/p>\n<p class=\"c3\"><iframe loading=\"lazy\" src=\"https:\/\/www.youtube.com\/embed\/JBkrwvJn4io\" allow=\"accelerometer; autoplay; encrypted-media; gyroscope; picture-in-picture\" allowfullscreen=\"\" width=\"560\" height=\"315\" frameborder=\"0\">[embedded content]<\/iframe><\/p>\n<p>\u00ab C\u2019est un acquis majeur qui augure de grande envergure et contribuera substantiellement \u00e0 la s\u00e9curit\u00e9 et la pr\u00e9servation de l\u2019environnement dans cette nouvelle zone phare de la capitale. \u00bb C\u2019est ce qu\u2019a d\u00e9clar\u00e9 \u00e0 cette occasion, Souad Abderrahim, maire de Tunis. Avant d\u2019ajouter : \u00abLa Ville de Tunis qui ambitionne d\u2019int\u00e9grer le r\u00e9seau mondial des villes intelligente est fi\u00e8re de voir se r\u00e9aliser ce projet. L\u2019initiative d\u2019Albuhaira Invest, d\u00e9veloppeur urbain citoyen et responsable d\u2019ancrer le concept de ville intelligente, \u00e0 commencer la Cit\u00e9 La Perle du Lac, est pour nous un vrai motif de satisfaction \u00e0 plus d\u2019un titre. D\u2019abord, la s\u00e9curit\u00e9 des habitants et des visiteurs, surtout avec la multiplication des espaces verts, des grandes places, des pistes cyclables et autres \u00e9quipements de loisirs pour tous. D\u00e9tecter vols, agressions, incivilit\u00e9s, accidents routiers ou de sant\u00e9, infraction, d\u00e9lits et crimes et permettre aux forces de s\u00e9curit\u00e9 et aux secouristes d\u2019intervenir imm\u00e9diatement est essentiel, face \u00e0 la recrudescence des risques et dangers. \u00bb<\/p>\n<p>\u00ab L\u2019agression de l\u2019environnement et des \u00e9quipements publics, n\u2019en est pas moins dangereuse, a affirm\u00e9 Mme Abderrahim. Jet d\u2019ordures m\u00e9nag\u00e8res et de d\u00e9p\u00f4ts de chantiers, destruction d\u2019\u00e9quipements publics, abattage d\u2019arbres et saccages de jardins fleuris et toute autre forme de vandalisme et d\u2019incivilit\u00e9 r\u00e9pr\u00e9hensibles par la loi sont \u00e0 pr\u00e9venir en toute vigilance, tant pour verbaliser les contrevenants et surtout arr\u00eater leurs forfaits. C\u2019est dire tous les moyens nouveaux d\u2019intervention efficace et \u00e0 temps que ce r\u00e9seau de t\u00e9l\u00e9surveillance apportera aux services municipaux et in fini aux habitants. Tout en saluant vivement cette excellente initiative, la Ville de Tunis entend inciter tous les autres promoteurs immobiliers et d\u00e9veloppeurs urbains \u00e0 s\u2019en inspirer et en prendre l\u2019exemple. \u00bb<\/p>\n<p><span class=\"c4\"><span class=\"c5\"><strong>Ridha Trabelsi : Plus de 2,5 millions de dinars pour \u00e9tendre la couverture de t\u00e9l\u00e9surveillance<\/strong><\/span><\/span><\/p>\n<p>Pour Ridha Trabelsi, directeur g\u00e9n\u00e9ral d\u2019Albuhaira Invest, la mise en \u0153uvre concr\u00e8te du concept de ville intelligente, \u00e0 travers ce r\u00e9seau de t\u00e9l\u00e9surveillance n\u2019est qu\u2019une premi\u00e8re \u00e9tape de tout un projet int\u00e9gr\u00e9 devant s\u2019\u00e9tendre \u00e0 l\u2019ensemble des autres zones. Un investissement de 2.5 millions de dinars, enti\u00e8rement \u00e0 la charge de la soci\u00e9t\u00e9 y est d\u2019ores et d\u00e9j\u00e0 allou\u00e9. Le projet pilote de La Perle du Lac a b\u00e9n\u00e9fici\u00e9 d\u2019\u00e9tudes approfondies entreprises par le Centre d\u2019\u00c9tudes et de Recherches en T\u00e9l\u00e9communication, permettant de pr\u00e9coniser des technologies avanc\u00e9es et de recommander des \u00e9quipements perfectionn\u00e9s, de haute performance tant en r\u00e9solution que r\u00e9sistance aux intemp\u00e9ries. Albuhaira Invest proc\u00e8dera \u00e0 la remise de l\u2019ensemble du r\u00e9seau d\u00e8s la fin des travaux, en respect de la protection des donn\u00e9es telles que promulgu\u00e9es par la loi et conform\u00e9ment \u00e0 l\u2019accord \u00e9tabli avec l\u2019instance nationale de protection des donn\u00e9es personnelles (INPDP), au Minist\u00e8re de l\u2019Int\u00e9rieur qui en assurera en exclusivit\u00e9 la gestion enti\u00e8re et proc\u00e8dera sous sa responsabilit\u00e9 \u00e0 la collaboration avec la municipalit\u00e9 de Tunis.<\/p>\n<p class=\"c3\"><iframe loading=\"lazy\" src=\"https:\/\/www.youtube.com\/embed\/pYo-VAP8C4Q\" allow=\"accelerometer; autoplay; encrypted-media; gyroscope; picture-in-picture\" allowfullscreen=\"\" width=\"560\" height=\"315\" frameborder=\"0\">[embedded content]<\/iframe><\/p>\n<p>\u00ab C\u2019est l\u00e0 un grand pas accompli dans la concr\u00e9tisation du concept de ville intelligente, a soulign\u00e9 M. Trabelsi. Qu\u2019il s\u2019agisse de fibrage optique, pour un investissement de 1.5 million de dinars, de l\u2019arrosage automatique, de la t\u00e9l\u00e9gestion de l\u2019\u00e9clairage public qui est en Led, de la marchabilit\u00e9 ou encore de l\u2019am\u00e9nagement de parcours de sant\u00e9, tous ces crit\u00e8res fondamentaux sont effectifs pour Abuhaira Invest. \u00bb<\/p>\n<p>Aussi, il n\u2019a pas manqu\u00e9 de rendre hommage \u00e0 l\u2019\u00e9troite collaboration tripartite fructueuse engag\u00e9 avec le minist\u00e8re et la municipalit\u00e9 qui a permis de faire aboutir avec succ\u00e8s ce projet aux multiples b\u00e9n\u00e9fices. \u00ab Gr\u00e2ce \u00e0 ce r\u00e9seau de t\u00e9l\u00e9surveillance performant, la capitale tunisienne se dote, \u00e0 commencer par cette Cit\u00e9 La Perle d\u2019Albuhaira, d\u2019un dispositif qui renforce la s\u00e9curit\u00e9, prot\u00e8ge l\u2019environnement, am\u00e9liore la qualit\u00e9 de la vie et r\u00e9alise l\u2019ambition des Tunisiens de b\u00e9n\u00e9ficier de tous les avantages de la transition num\u00e9rique. C\u2019est l\u00e0 notre vocation de d\u00e9veloppeur urbain orient\u00e9 bien \u00eatre et qualit\u00e9 de vie meilleure. \u00bb<\/p>\n<p><a href=\"https:\/\/ar.leaders.com.tn\/article\/5877-%D8%AA%D9%81%D8%B9%D9%8A%D9%84%D8%A7-%D9%84%D8%A3%D9%88%D9%84%D9%89-%D8%AE%D8%B7%D9%89-%D8%A7%D9%84%D9%85%D8%AF%D9%8A%D9%86%D8%A9-%D8%A7%D9%84%D8%B0%D9%83%D9%8A-%D8%A9-%D9%85%D9%86%D8%B8%D9%88%D9%85%D8%A9-%D9%85%D8%B1%D8%A7%D9%82%D8%A8%D8%A9-%D8%A8%D8%A7%D9%84%D9%83%D8%A7%D9%85%D9%8A%D8%B1%D8%A7-%D8%AA%D8%A4%D9%85-%D9%86-%D8%B3%D9%84%D8%A7%D9%85%D8%A9-%D8%AF%D8%B1-%D8%A9-%D8%A7%D9%84%D8%A8%D8%AD%D9%8A%D8%B1%D8%A9-%D9%81%D9%8A%D8%AF%D9%88-%D9%88%D8%B5%D9%88%D8%B1\" target=\"_blank\" rel=\"noopener noreferrer\"><span class=\"c2\"><strong>Lire l&rsquo;article en arabe<\/strong><\/span><\/a><\/p>\n<p>Auteur:<br \/>\n<a href=\"https:\/\/www.leaders.com.tn\/article\/30553-une-premiere-sur-la-voie-des-villes-intelligentes-en-tunisie-un-reseau-innovant-de-cameras-de-telesurveillance-bientot-operationnel-a-la-perle-du-lac\">Cliquez ici pour lire l&rsquo;article depuis sa source.<\/a><\/p>\n","protected":false},"excerpt":{"rendered":"<p>\u2022 Accord tripartite sign\u00e9 entre le minist\u00e8re de l\u2019Int\u00e9rieur, la municipalit\u00e9 de Tunis et Albuhaira \u2022 Premier lot de 625.000 D, sur un total de 2,5 millions de dinars Assurer une t\u00e9l\u00e9surveillance \u00e9lectronique par cam\u00e9ras de surveillance pour d\u00e9tecter en direct tout acte malveillant, agression, vol, accident, jet d\u2019ordures, atteinte \u00e0 l\u2019environnement et autres, dans [&hellip;]<\/p>\n","protected":false},"author":1772,"featured_media":0,"comment_status":"closed","ping_status":"closed","sticky":false,"template":"","format":"standard","meta":{"fifu_image_url":"","fifu_image_alt":"","footnotes":""},"categories":[73,55],"tags":[],"class_list":["post-98545","post","type-post","status-publish","format-standard","hentry","category-actualite","category-tunisie"],"_links":{"self":[{"href":"https:\/\/linitiative.ca\/International\/wp-json\/wp\/v2\/posts\/98545","targetHints":{"allow":["GET"]}}],"collection":[{"href":"https:\/\/linitiative.ca\/International\/wp-json\/wp\/v2\/posts"}],"about":[{"href":"https:\/\/linitiative.ca\/International\/wp-json\/wp\/v2\/types\/post"}],"author":[{"embeddable":true,"href":"https:\/\/linitiative.ca\/International\/wp-json\/wp\/v2\/users\/1772"}],"replies":[{"embeddable":true,"href":"https:\/\/linitiative.ca\/International\/wp-json\/wp\/v2\/comments?post=98545"}],"version-history":[{"count":0,"href":"https:\/\/linitiative.ca\/International\/wp-json\/wp\/v2\/posts\/98545\/revisions"}],"wp:attachment":[{"href":"https:\/\/linitiative.ca\/International\/wp-json\/wp\/v2\/media?parent=98545"}],"wp:term":[{"taxonomy":"category","embeddable":true,"href":"https:\/\/linitiative.ca\/International\/wp-json\/wp\/v2\/categories?post=98545"},{"taxonomy":"post_tag","embeddable":true,"href":"https:\/\/linitiative.ca\/International\/wp-json\/wp\/v2\/tags?post=98545"}],"curies":[{"name":"wp","href":"https:\/\/api.w.org\/{rel}","templated":true}]}}