{"id":98546,"date":"2020-09-11T06:00:00","date_gmt":"2020-09-11T10:00:00","guid":{"rendered":"https:\/\/linitiative.ca\/International\/radhi-jazi-le-recours-incontournable\/"},"modified":"2020-09-11T06:00:00","modified_gmt":"2020-09-11T10:00:00","slug":"radhi-jazi-le-recours-incontournable","status":"publish","type":"post","link":"https:\/\/linitiative.ca\/International\/radhi-jazi-le-recours-incontournable\/","title":{"rendered":"Radhi Jazi: Le recours incontournable"},"content":{"rendered":"<p class=\"c4\"><span class=\"c3\"><span class=\"c2\"><em><strong><img decoding=\"async\" src=\"\/uploads\/FCK_files\/Moncef-Zmerli(1).jpg\" width=\"20%\" vspace=\"5\" hspace=\"5\" align=\"right\" alt=\"\"\/>Par Moncef Zmerli &#8211;<\/strong><\/em><\/span><\/span> <strong>N\u00e9 \u00e0 Nabeul en 1927, Radhi Jazi a rejoint le Coll\u00e8ge Sadiki o\u00f9 il effectua ses \u00e9tudes secondaires sanctionn\u00e9es par le Dipl\u00f4me de Sadiki (1946), puis par le baccalaur\u00e9at (1947). Cette formation de haute facture, assur\u00e9e par le Coll\u00e8ge Sadiki, a permis de former des cadres parfaitement bilingues qui constitueront l\u2019ossature de la Tunisie ind\u00e9pendante. Radhi Jazi a alors opt\u00e9 pour la pharmacie et obtiendra son dipl\u00f4me d\u2019Etat \u00e0 Paris en 1954. Il cr\u00e9era l\u2019ann\u00e9e suivante une pharmacie d\u2019officine \u00e0 Houmet-Souk (Djerba) qu\u2019il quittera en 1961 pour s\u2019installer \u00e0 Tunis, avenue de la Libert\u00e9.<\/strong><\/p>\n<p><span class=\"c3\"><strong>En 1966,<\/strong><\/span> il soutiendra une th\u00e8se de doctorat en pharmacie \u00e0 la facult\u00e9 de Pharmacie de Strasbourg ayant pour titre : \u00ab Contribution \u00e0 l\u2019\u00e9tude de l\u2019histoire de la pharmacie arabe : falsification et contr\u00f4le des m\u00e9dicaments pendant la p\u00e9riode arabe \u00bb. A partir de cette date commence son engouement pour la pharmacie et la m\u00e9decine arabes et particuli\u00e8rement pour la p\u00e9riode kairouanaise. Il se passionne pour la lecture et la recherche de manuscrits, particuli\u00e8rement des IXe et Xe si\u00e8cles. Il devient ainsi l\u2019un des meilleurs sp\u00e9cialistes de l\u2019histoire de la pharmacie et de la m\u00e9decine arabes et surtout de notre pays.<\/p>\n<p><strong><span class=\"c6\"><span class=\"c5\">L\u2019\u00e9minent pharmacien et le sage confr\u00e8re<\/span><\/span><\/strong><\/p>\n<p>Durant sa p\u00e9riode d\u2019exercice officinal, soit 52 ann\u00e9es, il a accueilli dans son officine en tant que ma\u00eetre de stage plus de 70 \u00e9tudiants en pharmacie et aura largement contribu\u00e9 \u00e0 transmettre le savoir et les bonnes pratiques officinales.<\/p>\n<p><span class=\"c3\"><strong>En 1972,<\/strong><\/span> devant les difficult\u00e9s rencontr\u00e9es par les pharmaciens tunisiens, presque exclusivement officinaux \u00e0 cette \u00e9poque, dans leur exercice et leurs rapports avec l\u2019administration et la Pharmacie centrale de Tunisie avec entre autres la cr\u00e9ation des \u00ab pharmacies de soci\u00e9t\u00e9s \u00bb, une assembl\u00e9e g\u00e9n\u00e9rale extraordinaire s\u2019est tenue et a abouti \u00e0 une motion de d\u00e9fiance envers le Conseil de l\u2019Ordre et a proc\u00e9d\u00e9 \u00e0 l\u2019\u00e9lection d\u2019un comit\u00e9 provisoire de 5 membres avec Radhi Jazi comme pr\u00e9sident. Ce fut le d\u00e9part d\u2019une carri\u00e8re d\u2019activit\u00e9s professionnelles tant en Tunisie que sur le plan arabe et international.<\/p>\n<p>Le comit\u00e9 provisoire s\u2019attela \u00e0 la t\u00e2che et est parvenu, dans le cadre d\u2019une nouvelle collaboration avec le minist\u00e8re de la Sant\u00e9 publique, \u00e0 faire promulguer la loi de 1973 organisant les professions pharmaceutiques.<br \/>\u00c9lu pr\u00e9sident du Conseil de l\u2019Ordre en octobre 1973, il s\u2019attachera avec la nouvelle \u00e9quipe ordinale, compos\u00e9e entre autres de Aziza Ouahchi, Moncef Zmerli, N\u00e9fissa Miled, Radhi Dargouth, \u00e0 restructurer la profession et \u00e0 \u00e9toffer la l\u00e9gislation pharmaceutique. De nombreux textes juridiques sont alors adopt\u00e9s et mis en application parmi lesquels nous citerons le Code de d\u00e9ontologie pharmaceutique, la loi fixant les conditions d\u2019exploitation d\u2019un laboratoire d\u2019analyses m\u00e9dicales, le d\u00e9cret cr\u00e9ant les pharmacies de cat\u00e9gorie B de nuit, l\u2019arr\u00eat\u00e9 autorisant les pharmacies d\u2019officine \u00e0 pratiquer des injections. Ce conseil a mis en place avec le minist\u00e8re des Affaires sociales l\u2019Ecole des aides-pr\u00e9parateurs et avec la Soci\u00e9t\u00e9 des sciences pharmaceutiques l\u2019Ecole des pr\u00e9parateurs. De m\u00eame, il a organis\u00e9 un service de garde en \u00e9t\u00e9 avec fermeture annuelle et mi-temps \u00e0 Tunis, qui sera suivie par de nombreuses autres communes. Toutes ces r\u00e9alisations ont \u00e9t\u00e9 effectu\u00e9es gr\u00e2ce \u00e0 l\u2019esprit d\u2019\u00e9quipe et de confraternit\u00e9 qui a pr\u00e9valu entre les membres du Conseil de l\u2019ordre ainsi qu\u2019avec le soutien de l\u2019ensemble du corps pharmaceutique. Ce mandat \u00e0 la t\u00eate de l\u2019Ordre aura marqu\u00e9 son \u00e9poque. Radhi Jazi ne se repr\u00e9sentera pas aux \u00e9lections de 1976 et c\u00e9dera ainsi sa place \u00e0 Mme Aziza Ouahchi.<\/p>\n<p><span class=\"c3\"><strong>En 1980,<\/strong><\/span> Si Radhi est \u00e9lu pr\u00e9sident de la Soci\u00e9t\u00e9 des sciences pharmaceutiques et pendant les 8 ann\u00e9es de sa pr\u00e9sidence, de nombreuses r\u00e9alisations vont marquer la profession :<\/p>\n<p><span class=\"c6\"><span class=\"c5\"><strong>Programme annuel de formation continue<\/strong><\/span><\/span><\/p>\n<p>Cofondateur de l\u2019unique revue pharmaceutique tunisienne, Essaydali de Tunisie, avec Moncef Zmerli (juin 1981)<\/p>\n<p>Edition d\u2019affiches pour l\u2019information du public\u2026<\/p>\n<p>Organisation des Journ\u00e9es pharmaceutiques tunisiennes : les premi\u00e8res en 1984 avec une participation arabe et maghr\u00e9bine importante. A la fin de son dernier mandat \u00e0 la t\u00eate de la SSPT, en 1988, il est nomm\u00e9 pr\u00e9sident d\u2019honneur.<\/p>\n<p>Dr Radhi Jazi a particip\u00e9 \u00e0 la formation de plusieurs g\u00e9n\u00e9rations de pharmaciens puisqu\u2019il \u00e9tait charg\u00e9 de cours \u00e0 la facult\u00e9 de Pharmacie de Monastir en droit et l\u00e9gislation pharmaceutiques (1978-1988) et de cours sur l\u2019histoire de la pharmacie (1998-2001). De m\u00eame il a \u00e9t\u00e9 charg\u00e9 de cours (l\u00e9gislation des toxiques) \u00e0 l\u2019Institut sup\u00e9rieur de la magistrature de 1993 \u00e0 2000.<\/p>\n<p>Radhi Jazi a exerc\u00e9 en officine jusqu\u2019en 2007, date \u00e0 laquelle il c\u00e9da sa pharmacie \u00e0 son fils Khaled.<\/p>\n<p><span class=\"c6\"><span class=\"c5\"><strong>Un rayonnement arabe et international<\/strong><\/span><\/span><\/p>\n<p><span class=\"c3\"><strong>En 1978,<\/strong><\/span> apr\u00e8s l\u2019adoption de nouveaux statuts de l\u2019Union des pharmaciens arabes, Radhi Jazi en est \u00e9lu pr\u00e9sident, poste qu\u2019il occupera pendant 5 ann\u00e9es, de 1978 \u00e0 1983. L\u00e0 aussi, et dans des conditions difficiles dans les relations interarabes suite aux accords de Camp David, Radhi Jazi fera l\u2019unanimit\u00e9 autour de lui en menant sa t\u00e2che avec beaucoup de doigt\u00e9. Il donnera un nouvel \u00e9lan \u00e0 l\u2019UPA et permettra la cr\u00e9ation d\u2019\u00e9changes et de liens entre les diverses organisations pharmaceutiques arabes. Il r\u00e9ussira entre autres \u00e0 imposer la pr\u00e9sence de son organisation aux r\u00e9unions p\u00e9riodiques du Conseil sup\u00e9rieur des ministres arabes de la Sant\u00e9.<\/p>\n<p>Radhi Jazi a eu de tr\u00e8s nombreuses activit\u00e9s sur le plan international puisqu\u2019il a \u00e9t\u00e9 \u00e9lu membre correspondant de l\u2019Acad\u00e9mie nationale de France depuis 1982, membre de l\u2019Acad\u00e9mie internationale de l\u2019histoire de la pharmacie (1987), vice-pr\u00e9sident de la Soci\u00e9t\u00e9 internationale d\u2019histoire de la m\u00e9decine (2000-2002), vice-pr\u00e9sident de l\u2019Acad\u00e9mie arabe de pharmacie\u2026<\/p>\n<p><span class=\"c5\"><span class=\"c6\"><strong>L\u2019\u00e9rudit<\/strong><\/span><\/span><\/p>\n<p>F\u00e9ru d\u2019histoire de la pharmacie et de la m\u00e9decine arabes, Radhi Jazi a particip\u00e9, en collaboration avec d\u2019\u00e9minents connaisseurs en la mati\u00e8re tels que Mohamed Souissi, J.Chikha et surtout Farouk Asli, \u00e0 la publication d\u2019ouvrages selon des manuscrits in\u00e9dits de l\u2019\u00c9cole m\u00e9dicale de Kairouan (IXe et Xe si\u00e8cles), concernant Ahmed Ibn al-Jazzar :<\/p>\n<p class=\"c4\"><span class=\"c3\"><strong>\u2022<\/strong><\/span> Zad al-mousssafir<\/p>\n<p class=\"c4\"><span class=\"c3\"><strong>\u2022<\/strong><\/span> Trait\u00e9 des parfums et des essences<\/p>\n<p class=\"c4\"><span class=\"c3\"><strong>\u2022<\/strong><\/span> Trait\u00e9 de la m\u00e9decine des pauvres et des d\u00e9sh\u00e9rit\u00e9s<\/p>\n<p class=\"c4\"><span class=\"c3\"><strong>\u2022<\/strong><\/span> Trait\u00e9 de la m\u00e9decine des personnes \u00e2g\u00e9es<\/p>\n<p class=\"c4\"><span class=\"c3\"><strong>\u2022<\/strong><\/span> Et A. Omrani concernant Ishaq Ibn Omrane : Trait\u00e9 de la m\u00e9lancolie.<\/p>\n<p>Tous ces ouvrages ont \u00e9t\u00e9 publi\u00e9s par \u00abBeit al-Hikma \u00bb.<\/p>\n<p>Il a proc\u00e9d\u00e9 durant toute sa carri\u00e8re \u00e0 de tr\u00e8s nombreuses publications dans des revues tunisiennes (Essaydali de Tunisie), maghr\u00e9bines et internationales aussi bien en langue arabe qu\u2019en fran\u00e7ais et donn\u00e9 de tr\u00e8s nombreuses conf\u00e9rences et communications tant en Tunisie qu\u2019\u00e0 l\u2019\u00e9tranger.<\/p>\n<p><span class=\"c6\"><span class=\"c5\"><strong>Distinctions et d\u00e9corations<\/strong><\/span><\/span><\/p>\n<p>Gr\u00e2ce \u00e0 toutes ces activit\u00e9s, Radhi Jazi a b\u00e9n\u00e9fici\u00e9 de nombreuses distinctions et d\u00e9corations. Nous citerons entre autres:<\/p>\n<p class=\"c4\"><span class=\"c3\"><strong>\u2022<\/strong><\/span> Officier de l\u2019Ordre de la R\u00e9publique<\/p>\n<p class=\"c4\"><span class=\"c3\"><strong>\u2022<\/strong><\/span> Chevalier de l\u2019Ordre National du M\u00e9rite (France)<\/p>\n<p class=\"c4\"><span class=\"c3\"><strong>\u2022<\/strong><\/span> M\u00e9daille d\u2019Or du \u00abPharmacien Arabe\u00bb<\/p>\n<p class=\"c4\"><span class=\"c3\"><strong>\u2022<\/strong><\/span> M\u00e9daille d\u2019Or du \u00abPharmacien maghr\u00e9bin\u00bb.<\/p>\n<p class=\"c4\"><span class=\"c3\"><strong>\u2022<\/strong><\/span> M\u00e9daille de la Sant\u00e9 Publique.<\/p>\n<p class=\"c4\"><span class=\"c3\"><strong>\u2022<\/strong><\/span> M\u00e9daille du Conseil National de l\u2019Ordre de Tunisie pour ses 50 ans d\u2019exercice.<\/p>\n<p class=\"c4\"><span class=\"c3\"><strong>\u2022<\/strong><\/span> Membre depuis 2012 puis membre honoraire de l\u2019Acad\u00e9mie des belles-lettres Beit al-Hikma\u2026<\/p>\n<p class=\"c4\">et bien d\u2019autres distinctions.<\/p>\n<p>Dr Radhi Jazi a marqu\u00e9 sa g\u00e9n\u00e9ration et a \u00e9t\u00e9 pendant une quarantaine d\u2019ann\u00e9es l\u2019une des figures les plus en vue dans le monde pharmaceutique tant en Tunisie qu\u2019\u00e0 l\u2019international o\u00f9 il \u00e9tait particuli\u00e8rement appr\u00e9ci\u00e9. De par sa disponibilit\u00e9 envers ses confr\u00e8res et ses conseils judicieux, il \u00e9tait toujours \u00e0 l\u2019\u00e9coute des autres et pr\u00eat pour rendre service. Sa parfaite connaissance de la profession et de sa l\u00e9gislation a fait de lui un recours incontournable pour obtenir le bon conseil, r\u00e9gler certains points obscurs ou conflits. Son caract\u00e8re affable et sa simplicit\u00e9 lui ont toujours attir\u00e9 l\u2019amiti\u00e9 et la sympathie des gens auxquels il inspirait toujours le respect.<\/p>\n<p>Repose en paix, Si Radhi, tu auras m\u00e9rit\u00e9 de la profession.<\/p>\n<p class=\"c7\"><strong>Moncef Zmerli<\/strong><\/p>\n<p><strong>Lire aussi<\/strong><\/p>\n<p><a href=\"https:\/\/www.leaders.com.tn\/article\/30510-radhi-jazi-le-pharmacien-l-humaniste\" target=\"_blank\" rel=\"noopener noreferrer\">Radhi Jazi: Le pharmacien, l\u2019humaniste<\/a><\/p>\n<p class=\"MsoNormal c8\"><strong><a href=\"https:\/\/www.leaders.com.tn\/le_mensuel_abonnez_vous\" target=\"_blank\" rel=\"noopener noreferrer\"><img loading=\"lazy\" decoding=\"async\" src=\"\/uploads\/FCK_files\/Bondou(11).jpg\" alt=\"\" width=\"500\" vspace=\"5\" hspace=\"5\" height=\"128\" align=\"middle\"\/><\/a><\/strong><\/p>\n<p>Auteur:<br \/>\n<a href=\"https:\/\/www.leaders.com.tn\/article\/30554-radhi-jazi-le-recours-incontournable\">Cliquez ici pour lire l&rsquo;article depuis sa source.<\/a><\/p>\n","protected":false},"excerpt":{"rendered":"<p>Par Moncef Zmerli &#8211; N\u00e9 \u00e0 Nabeul en 1927, Radhi Jazi a rejoint le Coll\u00e8ge Sadiki o\u00f9 il effectua ses \u00e9tudes secondaires sanctionn\u00e9es par le Dipl\u00f4me de Sadiki (1946), puis par le baccalaur\u00e9at (1947). Cette formation de haute facture, assur\u00e9e par le Coll\u00e8ge Sadiki, a permis de former des cadres parfaitement bilingues qui constitueront l\u2019ossature [&hellip;]<\/p>\n","protected":false},"author":1772,"featured_media":98547,"comment_status":"closed","ping_status":"closed","sticky":false,"template":"","format":"standard","meta":{"fifu_image_url":"","fifu_image_alt":"","footnotes":""},"categories":[73,55],"tags":[],"class_list":["post-98546","post","type-post","status-publish","format-standard","has-post-thumbnail","hentry","category-actualite","category-tunisie"],"_links":{"self":[{"href":"https:\/\/linitiative.ca\/International\/wp-json\/wp\/v2\/posts\/98546","targetHints":{"allow":["GET"]}}],"collection":[{"href":"https:\/\/linitiative.ca\/International\/wp-json\/wp\/v2\/posts"}],"about":[{"href":"https:\/\/linitiative.ca\/International\/wp-json\/wp\/v2\/types\/post"}],"author":[{"embeddable":true,"href":"https:\/\/linitiative.ca\/International\/wp-json\/wp\/v2\/users\/1772"}],"replies":[{"embeddable":true,"href":"https:\/\/linitiative.ca\/International\/wp-json\/wp\/v2\/comments?post=98546"}],"version-history":[{"count":0,"href":"https:\/\/linitiative.ca\/International\/wp-json\/wp\/v2\/posts\/98546\/revisions"}],"wp:featuredmedia":[{"embeddable":true,"href":"https:\/\/linitiative.ca\/International\/wp-json\/"}],"wp:attachment":[{"href":"https:\/\/linitiative.ca\/International\/wp-json\/wp\/v2\/media?parent=98546"}],"wp:term":[{"taxonomy":"category","embeddable":true,"href":"https:\/\/linitiative.ca\/International\/wp-json\/wp\/v2\/categories?post=98546"},{"taxonomy":"post_tag","embeddable":true,"href":"https:\/\/linitiative.ca\/International\/wp-json\/wp\/v2\/tags?post=98546"}],"curies":[{"name":"wp","href":"https:\/\/api.w.org\/{rel}","templated":true}]}}