{"id":98548,"date":"2020-09-11T11:16:00","date_gmt":"2020-09-11T15:16:00","guid":{"rendered":"https:\/\/linitiative.ca\/International\/assurances-maghrebia-bientot-cotee-en-bourse\/"},"modified":"2020-09-11T11:16:00","modified_gmt":"2020-09-11T15:16:00","slug":"assurances-maghrebia-bientot-cotee-en-bourse","status":"publish","type":"post","link":"https:\/\/linitiative.ca\/International\/assurances-maghrebia-bientot-cotee-en-bourse\/","title":{"rendered":"Assurances Maghrebia bient\u00f4t cot\u00e9e en Bourse"},"content":{"rendered":"<p>Maghrebia, troisi\u00e8me Groupe d\u2019assurances de la place en termes de part de march\u00e9, va rejoindre bient\u00f4t la cote de la Bourse des Valeurs Mobili\u00e8res de Tunis.<\/p>\n<p><img decoding=\"async\" src=\"\/uploads\/FCK_files\/Maghribia.jpg\" alt=\"\" width=\"30%\" vspace=\"5\" hspace=\"5\" align=\"left\"\/>Le conseil d\u2019administration de la Bourse de Tunis a donn\u00e9 en effet le 1er septembre 2020 son accord de principe pour l&rsquo;admission des titres des Assurances Maghrebia sur le march\u00e9 principal de la BVMT, en attendant le visa du Conseil du March\u00e9 Financier (CMF).<\/p>\n<p>Maghrebia compte, selon les modalit\u00e9s approuv\u00e9es par son conseil d\u2019administration, ouvrir son capital \u00e0 hauteur de 30%. Et ce par une Offre \u00e0 Prix Fixe (OPF).<\/p>\n<p>L\u2019offre globale portera donc sur la cession de 1 350 000 actions de nominal 10 dinars chacune. L\u2019interm\u00e9diaire introducteur est Mac SA.<\/p>\n<p>Une entr\u00e9e en Bourse pr\u00e9vue avant la fin de cette ann\u00e9e qui va renforcer la notori\u00e9t\u00e9 de Maghrebia et consolider sa position de r\u00e9f\u00e9rence incontournable dans le domaine assurantiel en Tunisie. Cette solide compagnie qui connait, depuis sa cr\u00e9ation en 1973, une croissance r\u00e9guli\u00e8re et homog\u00e8ne a affich\u00e9 en 2019 un chiffre d\u2019affaires consolid\u00e9 de 236 Millions dinars, en hausse de 8,4% par rapport \u00e0 l\u2019exercice pr\u00e9c\u00e9dent, un r\u00e9sultat net consolid\u00e9 de 18,5 Millions dinars soit +7,7% et un rendement des fonds propres de 16,5%.<br \/>\u00a0<\/p>\n<p>Auteur:<br \/>\n<a href=\"https:\/\/www.leaders.com.tn\/article\/30556-assurances-maghrebia-bientot-cotee-en-bourse\">Cliquez ici pour lire l&rsquo;article depuis sa source.<\/a><\/p>\n","protected":false},"excerpt":{"rendered":"<p>Maghrebia, troisi\u00e8me Groupe d\u2019assurances de la place en termes de part de march\u00e9, va rejoindre bient\u00f4t la cote de la Bourse des Valeurs Mobili\u00e8res de Tunis. Le conseil d\u2019administration de la Bourse de Tunis a donn\u00e9 en effet le 1er septembre 2020 son accord de principe pour l&rsquo;admission des titres des Assurances Maghrebia sur le [&hellip;]<\/p>\n","protected":false},"author":1772,"featured_media":98549,"comment_status":"closed","ping_status":"closed","sticky":false,"template":"","format":"standard","meta":{"fifu_image_url":"","fifu_image_alt":"","footnotes":""},"categories":[73,55],"tags":[],"class_list":["post-98548","post","type-post","status-publish","format-standard","has-post-thumbnail","hentry","category-actualite","category-tunisie"],"_links":{"self":[{"href":"https:\/\/linitiative.ca\/International\/wp-json\/wp\/v2\/posts\/98548","targetHints":{"allow":["GET"]}}],"collection":[{"href":"https:\/\/linitiative.ca\/International\/wp-json\/wp\/v2\/posts"}],"about":[{"href":"https:\/\/linitiative.ca\/International\/wp-json\/wp\/v2\/types\/post"}],"author":[{"embeddable":true,"href":"https:\/\/linitiative.ca\/International\/wp-json\/wp\/v2\/users\/1772"}],"replies":[{"embeddable":true,"href":"https:\/\/linitiative.ca\/International\/wp-json\/wp\/v2\/comments?post=98548"}],"version-history":[{"count":0,"href":"https:\/\/linitiative.ca\/International\/wp-json\/wp\/v2\/posts\/98548\/revisions"}],"wp:featuredmedia":[{"embeddable":true,"href":"https:\/\/linitiative.ca\/International\/wp-json\/"}],"wp:attachment":[{"href":"https:\/\/linitiative.ca\/International\/wp-json\/wp\/v2\/media?parent=98548"}],"wp:term":[{"taxonomy":"category","embeddable":true,"href":"https:\/\/linitiative.ca\/International\/wp-json\/wp\/v2\/categories?post=98548"},{"taxonomy":"post_tag","embeddable":true,"href":"https:\/\/linitiative.ca\/International\/wp-json\/wp\/v2\/tags?post=98548"}],"curies":[{"name":"wp","href":"https:\/\/api.w.org\/{rel}","templated":true}]}}