{"id":98550,"date":"2020-09-11T15:54:00","date_gmt":"2020-09-11T19:54:00","guid":{"rendered":"https:\/\/linitiative.ca\/International\/mohamed-larbi-bouguerra-a-paris-la-palestine-au-coeur\/"},"modified":"2020-09-11T15:54:00","modified_gmt":"2020-09-11T19:54:00","slug":"mohamed-larbi-bouguerra-a-paris-la-palestine-au-coeur","status":"publish","type":"post","link":"https:\/\/linitiative.ca\/International\/mohamed-larbi-bouguerra-a-paris-la-palestine-au-coeur\/","title":{"rendered":"Mohamed Larbi Bouguerra: A Paris, la Palestine au c\u0153ur"},"content":{"rendered":"<p><span class=\"c2\"><em><strong><img decoding=\"async\" src=\"\/uploads\/FCK_files\/Mohamed-Larbi-Bouguerra(29).jpg\" alt=\"\" width=\"20%\" vspace=\"5\" hspace=\"5\" align=\"left\"\/>Mohamed Larbi Bouguerra. Correspondance sp\u00e9ciale pour Leaders &#8211;<\/strong><\/em><\/span> Les partisans parisiens de la paix et de la justice r\u00e9pondent toujours \u00ab pr\u00e9sent \u00bb quand il s\u2019agit de la Palestine en admirateurs du grand po\u00e8te et r\u00e9sistant \u00e0 l\u2019Occupation de son pays, Ren\u00e9 Char qui disait : \u00ab Ce qui vient au monde pour ne rien troubler ne m\u00e9rite ni \u00e9gards ni patience \u00bb.<\/p>\n<p>Ainsi, hier, jeudi 10 septembre 2020, ils \u00e9taient, sous un soleil de printemps, en bord de Seine, au carrefour du Quai d\u2019Orsay et du pont des Invalides, face \u00e0 l\u2019avenue de La Tour Maubourg et \u00e0 l\u2019ambassade des EAU,\u00a0 pour \u00ab Dire NON \u00e0 \u00ab la normalisation \u00bb avec le r\u00e9gime de colonisation et d\u2019apartheid \u00bb et pour manifester leur condamnation du honteux et indigne accord conclu entre les dirigeants autoritaires des EAU et d\u2019Isra\u00ebl &#8211; soutenu par la Maison Blanche &#8211; accord qui ne fera rien contre les brutales et incessantes agressions isra\u00e9liennes que m\u00e8nent,\u00a0 en gros,\u00a0 Netanyahou et sa clique contre les Palestiniens de Gaza et de Cisjordanie.\u00a0 L\u2019arr\u00eat de l\u2019annexion de la Cisjordanie dont se pr\u00e9valent, \u00e0 tort, les dirigeants \u00e9miratis, est un mensonge dont personne n\u2019est dupe.\u00a0 Cet inf\u00e2me accord parlait de \u00ab paix \u00bb au moment m\u00eame o\u00f9 l\u2019ennemi sioniste bombardait les populations d\u00e9sarm\u00e9es de Gaza et tirait \u00e0 vue sur les p\u00eacheurs palestiniens.<\/p>\n<p><img decoding=\"async\" src=\"\/uploads\/FCK_files\/Palestine-1.jpg\" alt=\"\" width=\"100%\" vspace=\"5\" hspace=\"5\" align=\"middle\"\/><\/p>\n<p>En r\u00e9ponse \u00e0 la trahison de la dictature des \u00c9mirats arabes unis, les manifestants appellent le peuple \u00e9mirati \u00e0 boycotter toute pr\u00e9sence ou activit\u00e9 isra\u00e9lienne dans le pays ou ailleurs et \u00e0 refuser de s&rsquo;engager avec l&rsquo;ambassade isra\u00e9lienne ou avec des entit\u00e9s partenaires avec elles et avec toutes les institutions isra\u00e9liennes complices.<br \/>Les manifestants ont appel\u00e9 les peuples du monde arabe ayant soif de libert\u00e9 et de justice sociale avec le soutien du r\u00e9seau de solidarit\u00e9 avec le peuple palestinien en France et dans le monde, \u00e0 continuer \u00e0 r\u00e9sister activement \u00e0 cette normalisation abjecte, en :<\/p>\n<p class=\"c3\"><span class=\"c2\"><strong>\u2022<\/strong><\/span> boycottant toutes les activit\u00e9s, festivals et projets parrain\u00e9s par le r\u00e9gime des \u00c9mirats arabes unis, y compris l\u2019EXPO de Duba\u00ef, le Dubai Shopping Festival, ainsi que les conf\u00e9rences, festivals sportifs, culturels, \u00e9conomiques et financiers ;<\/p>\n<p class=\"c3\"><span class=\"c2\"><strong>\u2022<\/strong><\/span> boycottant toute soci\u00e9t\u00e9 \u00e9miratie ou autre qui deviennent complices de la mise en \u0153uvre de cet accord de normalisation avec Isra\u00ebl ;<\/p>\n<p class=\"c3\"><span class=\"c2\"><strong>\u2022<\/strong><\/span> s&rsquo;abstenant de se rendre en Palestine, y compris \u00e0 la mosqu\u00e9e al-Aqsa, en vertu de cet accord contraire \u00e0 l&rsquo;\u00e9thique, et de participer \u00e0 des initiatives de confession qui sous-tendent ce soi-disant \u00ab Accord d\u2019Abraham \u00bb.<\/p>\n<p>Le peuple palestinien, soutenu par la majorit\u00e9 absolue dans le monde arabe et par les gens de conscience dans le monde entier, continuera \u00e0 r\u00e9sister \u00e0 la colonisation isra\u00e9lienne et au son r\u00e9gime d\u2019apartheid, en insistant sur notre droit inali\u00e9nable \u00e0 la lib\u00e9ration, \u00e0 l\u2019autod\u00e9termination, \u00e0 la libert\u00e9 et \u00e0 la dignit\u00e9 dans notre patrie. Nous appelons le monde entier \u00e0 intensifier les campagnes de boycott, de d\u00e9sinvestissement et de sanctions (BDS), contre l\u2019annexion et l\u2019apartheid en cours par Isra\u00ebl.<br \/>La manifestation \u00e9tait parrain\u00e9e, entre autres, par des ONG palestiniennes, tunisiennes (CRLDHT, ATMF, UTAC, ADTF, FTCR, ACDR\u2026), alg\u00e9riennes, marocaines, \u00e9gyptiennes, l\u2019Union Juive Fran\u00e7aise pour la Paix (UJFP), le NPA, des ONG \u00e9cologistes comme PEPS, le Collectif jud\u00e9o-arabe pour la Palestine, les universitaires d\u2019AURDIP<\/p>\n<p><span class=\"c5\"><span class=\"c4\"><strong>A la librairie r\u00e9sistance<\/strong><\/span><\/span><\/p>\n<p>A partir de 19h30, ce m\u00eame jeudi 10 septembre 2020, le Dr Christophe Oberlin pr\u00e9sentait, \u00e0 la c\u00e9l\u00e8bre et vaillante Libraire R\u00e9sistance (17\u00e8mearrondissement) &#8211; librairie propalestinienne en plein c\u0153ur de Paris- son dernier ouvrage \u00ab Les dirigeants isra\u00e9liens devant la Cour P\u00e9nale Internationale. L\u2019enqu\u00eate \u00bb.<\/p>\n<p>Le Dr Christophe Oberlin -sp\u00e9cialiste de la chirurgie de la main- se rend \u00e0 Gaza trois fois par an depuis une vingtaine d\u2019ann\u00e9es.<\/p>\n<p>Le Dr Christophe Oberlin, t\u00e9moin privil\u00e9gi\u00e9 du terrain palestinien,\u00a0 conduit des dizaines de missions m\u00e9dicales \u00e0 Gaza, et en m\u00eame temps familier des rouages de la Cour p\u00e9nale internationale, retrace, dans cet opus, les offensives sanglantes sur la Bande de Gaza, l\u2019accumulation tranquille des crimes les plus odieux. \u00ab Nous savons o\u00f9 va chaque balle \u00bb, d\u00e9clare l\u2019\u00e9tat-major isra\u00e9lien. Se doute-il que chaque crime, d\u00fbment document\u00e9, est rapport\u00e9 \u00e0 la Cour p\u00e9nale internationale ? Un travail m\u00e9dico-l\u00e9gal opini\u00e2tre et confidentiel commenc\u00e9 en 2014 qui permet aux victimes palestiniennes et notamment de la Bande de Gaza d\u2019\u00eatre aujourd\u2019hui partie prenante \u00e0 l\u2019enqu\u00eate qui va s\u2019ouvrir \u00e0 La Haye.<\/p>\n<p>Pour notre auteur, \u00ab le tournant du XXIe si\u00e8cle fut marqu\u00e9 par deux \u00e9v\u00e9nements contradictoires. Les attentats du 11 septembre 2001, point de d\u00e9part d\u2019un d\u00e9cha\u00eenement militaire inou\u00ef aboutissant \u00e0 la destruction de pays entiers sous couvert de lutte contre le terrorisme ; mais aussi, pass\u00e9e inaper\u00e7ue, l\u2019entr\u00e9e en fonction de la premi\u00e8re Cour p\u00e9nale internationale permanente en charge des crimes de guerre en avril 2002. Une concr\u00e9tisation de l\u2019aspiration des peuples \u00e0 davantage de droit et de justice, protestation silencieuse de 60 puis 123 pays face \u00e0 la strat\u00e9gie du chaos \u00bb.<\/p>\n<p>\u00ab Quelque 20 ans plus tard, tandis que la plus extr\u00eame violence continue \u00e0 s\u2019abattre sur le Proche-Orient, est annonc\u00e9e une ouverture d\u2019enqu\u00eate par la procureure de la Cour p\u00e9nale internationale sur les crimes commis dans l\u2019\u00c9tat de Palestine. Un choc qui fait hurler la partie isra\u00e9lienne et am\u00e9ricaine, et en m\u00eame temps stup\u00e9fie les victimes qui ont du mal \u00e0 y croire. Ainsi le fracas des bombardements couvre depuis des ann\u00e9es le cliquetis discret du m\u00e9tronome du droit qui oscille imperturbablement. Les dirigeants isra\u00e9liens ne sont plus les ma\u00eetres de l\u2019horloge \u00bb.<\/p>\n<p>Enfin, last but not least, aujourd\u2019hui vendredi 11 septembre 2020 d\u00e9marre l\u2019incontournable F\u00eate du journal L\u2019Humanit\u00e9.<\/p>\n<p>La Palestine y est pr\u00e9sente autour de la question des r\u00e9fugi\u00e9s palestiniens et de la question d\u2019un Etat palestinien. Les orateurs sont Le\u00efla Shahid, ancienne repr\u00e9sentante de la Palestine pr\u00e8s l\u2019UE, Charlotte Blandiol-Faride, maire de Mitry-Mory et Pierre Barbancey, grand reporter \u00e0 l\u2019Humanit\u00e9.<\/p>\n<p>Comme on le voit, \u00e0 Paris, nombreux sont celles et ceux qui disent avec Nelson Mandela : \u00ab Notre libert\u00e9 demeurera incompl\u00e8te tant que la Palestine est prisonni\u00e8re. \u00bb<\/p>\n<p class=\"c6\"><strong>Mohamed Larbi Bouguerra<\/strong><\/p>\n<p>Auteur:<br \/>\n<a href=\"https:\/\/www.leaders.com.tn\/article\/30559-mohamed-larbi-bouguerra-a-paris-la-palestine-au-coeur\">Cliquez ici pour lire l&rsquo;article depuis sa source.<\/a><\/p>\n","protected":false},"excerpt":{"rendered":"<p>Mohamed Larbi Bouguerra. Correspondance sp\u00e9ciale pour Leaders &#8211; Les partisans parisiens de la paix et de la justice r\u00e9pondent toujours \u00ab pr\u00e9sent \u00bb quand il s\u2019agit de la Palestine en admirateurs du grand po\u00e8te et r\u00e9sistant \u00e0 l\u2019Occupation de son pays, Ren\u00e9 Char qui disait : \u00ab Ce qui vient au monde pour ne rien [&hellip;]<\/p>\n","protected":false},"author":1772,"featured_media":98551,"comment_status":"closed","ping_status":"closed","sticky":false,"template":"","format":"standard","meta":{"fifu_image_url":"","fifu_image_alt":"","footnotes":""},"categories":[73,55],"tags":[],"class_list":["post-98550","post","type-post","status-publish","format-standard","has-post-thumbnail","hentry","category-actualite","category-tunisie"],"_links":{"self":[{"href":"https:\/\/linitiative.ca\/International\/wp-json\/wp\/v2\/posts\/98550","targetHints":{"allow":["GET"]}}],"collection":[{"href":"https:\/\/linitiative.ca\/International\/wp-json\/wp\/v2\/posts"}],"about":[{"href":"https:\/\/linitiative.ca\/International\/wp-json\/wp\/v2\/types\/post"}],"author":[{"embeddable":true,"href":"https:\/\/linitiative.ca\/International\/wp-json\/wp\/v2\/users\/1772"}],"replies":[{"embeddable":true,"href":"https:\/\/linitiative.ca\/International\/wp-json\/wp\/v2\/comments?post=98550"}],"version-history":[{"count":0,"href":"https:\/\/linitiative.ca\/International\/wp-json\/wp\/v2\/posts\/98550\/revisions"}],"wp:featuredmedia":[{"embeddable":true,"href":"https:\/\/linitiative.ca\/International\/wp-json\/"}],"wp:attachment":[{"href":"https:\/\/linitiative.ca\/International\/wp-json\/wp\/v2\/media?parent=98550"}],"wp:term":[{"taxonomy":"category","embeddable":true,"href":"https:\/\/linitiative.ca\/International\/wp-json\/wp\/v2\/categories?post=98550"},{"taxonomy":"post_tag","embeddable":true,"href":"https:\/\/linitiative.ca\/International\/wp-json\/wp\/v2\/tags?post=98550"}],"curies":[{"name":"wp","href":"https:\/\/api.w.org\/{rel}","templated":true}]}}