{"id":98552,"date":"2020-09-11T12:25:40","date_gmt":"2020-09-11T16:25:40","guid":{"rendered":"https:\/\/linitiative.ca\/International\/evolution-du-coronavirus-au-maroc-2-430-nouveaux-cas-82-197-au-total-vendredi-11-septembre-a-18-heures\/"},"modified":"2020-09-11T12:25:40","modified_gmt":"2020-09-11T16:25:40","slug":"evolution-du-coronavirus-au-maroc-2-430-nouveaux-cas-82-197-au-total-vendredi-11-septembre-a-18-heures","status":"publish","type":"post","link":"https:\/\/linitiative.ca\/International\/evolution-du-coronavirus-au-maroc-2-430-nouveaux-cas-82-197-au-total-vendredi-11-septembre-a-18-heures\/","title":{"rendered":"\u00c9volution du Coronavirus au Maroc : 2.430 nouveaux cas, 82.197 au total, vendredi 11 septembre \u00e0 18 heures"},"content":{"rendered":"<p><strong>2.430 nouveaux cas d\u2019infection au coronavirus ont \u00e9t\u00e9 confirm\u00e9s au Maroc durant les derni\u00e8res 24h, portant le nombre total de cas de contamination \u00e0 82.197, a annonc\u00e9 le minist\u00e8re de la Sant\u00e9.<\/strong><\/p>\n<div class=\"c10\"\/>\n<p>Le nombre de personnes d\u00e9clar\u00e9es gu\u00e9ries s\u2019est \u00e9lev\u00e9 \u00e0 64.194 avec 2.344 r\u00e9missions suppl\u00e9mentaires, alors que le nombre de d\u00e9c\u00e8s a \u00e9t\u00e9 port\u00e9 \u00e0 1.524 avec 33 nouveaux morts.<\/p>\n<p><strong>Lire aussi | <a href=\"https:\/\/www.challenge.ma\/maryam-bigdeli-representante-de-loms-au-maroc-il-est-imperatif-de-prendre-levolution-de-la-tendance-epidemiologique-au-serieux-156285\/\" target=\"_blank\" rel=\"noreferrer noopener\" aria-label=\"Maryam Bigdeli, Repr&#xE9;sentante de l&#x2019;OMS au Maroc : &#xAB; Il est imp&#xE9;ratif de prendre l&#x2019;&#xE9;volution de la tendance &#xE9;pid&#xE9;miologique au s&#xE9;rieux &#xBB; (opens in a new tab)\">Maryam Bigdeli, Repr\u00e9sentante de l\u2019OMS au Maroc : \u00ab Il est imp\u00e9ratif de prendre l\u2019\u00e9volution de la tendance \u00e9pid\u00e9miologique au s\u00e9rieux \u00bb<\/a><\/strong><\/p>\n<p>Auteur: challenge<br \/>\n<a href=\"https:\/\/www.challenge.ma\/evolution-du-coronavirus-au-maroc-1-524-nouveaux-cas-82-197-au-total-vendredi-11-septembre-a-18-heures-156303\/\">Cliquez ici pour lire l&rsquo;article depuis sa source.<\/a><\/p>\n","protected":false},"excerpt":{"rendered":"<p>2.430 nouveaux cas d\u2019infection au coronavirus ont \u00e9t\u00e9 confirm\u00e9s au Maroc durant les derni\u00e8res 24h, portant le nombre total de cas de contamination \u00e0 82.197, a annonc\u00e9 le minist\u00e8re de la Sant\u00e9. Le nombre de personnes d\u00e9clar\u00e9es gu\u00e9ries s\u2019est \u00e9lev\u00e9 \u00e0 64.194 avec 2.344 r\u00e9missions suppl\u00e9mentaires, alors que le nombre de d\u00e9c\u00e8s a \u00e9t\u00e9 port\u00e9 [&hellip;]<\/p>\n","protected":false},"author":1787,"featured_media":0,"comment_status":"closed","ping_status":"closed","sticky":false,"template":"","format":"standard","meta":{"fifu_image_url":"","fifu_image_alt":"","footnotes":""},"categories":[78,54],"tags":[],"class_list":["post-98552","post","type-post","status-publish","format-standard","hentry","category-economie","category-maroc"],"_links":{"self":[{"href":"https:\/\/linitiative.ca\/International\/wp-json\/wp\/v2\/posts\/98552","targetHints":{"allow":["GET"]}}],"collection":[{"href":"https:\/\/linitiative.ca\/International\/wp-json\/wp\/v2\/posts"}],"about":[{"href":"https:\/\/linitiative.ca\/International\/wp-json\/wp\/v2\/types\/post"}],"author":[{"embeddable":true,"href":"https:\/\/linitiative.ca\/International\/wp-json\/wp\/v2\/users\/1787"}],"replies":[{"embeddable":true,"href":"https:\/\/linitiative.ca\/International\/wp-json\/wp\/v2\/comments?post=98552"}],"version-history":[{"count":0,"href":"https:\/\/linitiative.ca\/International\/wp-json\/wp\/v2\/posts\/98552\/revisions"}],"wp:attachment":[{"href":"https:\/\/linitiative.ca\/International\/wp-json\/wp\/v2\/media?parent=98552"}],"wp:term":[{"taxonomy":"category","embeddable":true,"href":"https:\/\/linitiative.ca\/International\/wp-json\/wp\/v2\/categories?post=98552"},{"taxonomy":"post_tag","embeddable":true,"href":"https:\/\/linitiative.ca\/International\/wp-json\/wp\/v2\/tags?post=98552"}],"curies":[{"name":"wp","href":"https:\/\/api.w.org\/{rel}","templated":true}]}}