{"id":98553,"date":"2020-09-11T12:32:14","date_gmt":"2020-09-11T16:32:14","guid":{"rendered":"https:\/\/linitiative.ca\/International\/maryam-bigdeli-representante-de-loms-au-maroc-il-est-imperatif-de-prendre-levolution-de-la-tendance-epidemiologique-au-serieux\/"},"modified":"2020-09-11T12:32:14","modified_gmt":"2020-09-11T16:32:14","slug":"maryam-bigdeli-representante-de-loms-au-maroc-il-est-imperatif-de-prendre-levolution-de-la-tendance-epidemiologique-au-serieux","status":"publish","type":"post","link":"https:\/\/linitiative.ca\/International\/maryam-bigdeli-representante-de-loms-au-maroc-il-est-imperatif-de-prendre-levolution-de-la-tendance-epidemiologique-au-serieux\/","title":{"rendered":"Maryam Bigdeli, repr\u00e9sentante de l\u2019OMS au Maroc : \u00ab Il est imp\u00e9ratif de prendre l\u2019\u00e9volution de la tendance \u00e9pid\u00e9miologique au s\u00e9rieux \u00bb"},"content":{"rendered":"<p><strong>Le Royaume connait actuellement une recrudescence des cas positifs au nouveau coronavirus, ce qui n\u00e9cessite le passage \u00e0 la vitesse sup\u00e9rieure en mati\u00e8re de lutte contre la pand\u00e9mie. Au Maroc, comme \u00e0 l\u2019international, l\u2019Organisation Mondiale de la Sant\u00e9 (OMS) fait face au d\u00e9fi sanitaire et aux attentes mondiales concernant le vaccin contre la Covid-19. Y-a-t-il lieu d\u2019\u00eatre inquiet pour le Maroc ? Quelles perspectives de la propagation du virus ? Comment l\u2019OMS appuie-t-elle le Maroc\u00a0? Quid du vaccin tant attendu ? Maryam Bigdeli, repr\u00e9sentante de l\u2019OMS au Maroc, fait l\u2019\u00e9tat des lieux<\/strong>.<\/p>\n<div class=\"c10\"\/>\n<p><strong>Challenge\u00a0: comment voyez-vous les mesures prises jusque-l\u00e0 par le Maroc pour circonscrire la pand\u00e9mie du coronavirus ?<\/strong><\/p>\n<p><strong>Maryam Bigdeli<\/strong>\u00a0: avant m\u00eame le premier cas d\u00e9tect\u00e9, le Maroc avait mis en place un plan de riposte permettant de faire face \u00e0 l\u2019\u00e9pid\u00e9mie. Ce plan s\u2019est r\u00e9v\u00e9l\u00e9 essentiel pour faire face aux premiers cas de contamination et pour mettre en place le d\u00e9pistage, le suivi des contacts, la prise en charge et \u00e9galement la communication.\u00a0 Durant la phase de confinement g\u00e9n\u00e9ralis\u00e9, un travail colossal a pu \u00eatre accompli, parfois visible et parfois moins visible : l\u2019augmentation de la capacit\u00e9 de diagnostic et son \u00e9tendue \u00e0 tout le territoire, y compris la mise en place d\u2019unit\u00e9s mobiles; la digitalisation des donn\u00e9es de surveillance \u00e9pid\u00e9miologiques; le renforcement des capacit\u00e9s d\u2019accueil des h\u00f4pitaux; la mise au point de protocoles nationaux pour la prise en charge th\u00e9rapeutique. En dehors du syst\u00e8me de sant\u00e9, un grand nombre de mesures d\u2019accompagnement ont \u00e9t\u00e9 mises en place, sur le plan social et \u00e9conomique. La riposte du Maroc, sous l\u2019impulsion et les orientations de Sa Majest\u00e9 le Roi, a \u00e9t\u00e9 cit\u00e9e en exemple.<\/p>\n<p><strong>Lire aussi|<\/strong><a href=\"https:\/\/www.challenge.ma\/coronavirus-sachemine-t-on-vers-un-reconfinement-total-a-casablanca-156258\/\"><strong>Coronavirus : s\u2019achemine-t-on vers un reconfinement total \u00e0 Casablanca ?<\/strong><\/a><\/p>\n<p><strong>Challenge\u00a0: depuis le d\u00e9confinement, le nombre de cas augmente au Maroc. Y-a-t-il lieu d\u2019\u00eatre inquiet pour le Maroc ?<\/strong><\/p>\n<p><strong>M.B\u00a0:<\/strong> l\u2019augmentation des cas suivant le d\u00e9confinement est constat\u00e9e dans tous les pays, la situation au Maroc n\u2019est pas exceptionnelle. Il est imp\u00e9ratif de prendre l\u2019\u00e9volution de la tendance \u00e9pid\u00e9miologique au s\u00e9rieux et de mettre les moyens en place pour y faire face. Le confinement g\u00e9n\u00e9ralis\u00e9 a ralenti la propagation du virus et a permis de gagner du temps pour comprendre mieux ce virus et les moyens d\u2019y faire face, et pour mobiliser les ressources n\u00e9cessaires. Cette connaissance et ces ressources doivent maintenant \u00eatre utilis\u00e9es pour faire face \u00e0 la recrudescence des cas, sans c\u00e9der \u00e0 la panique et sans anxi\u00e9t\u00e9 excessive.<\/p>\n<p><strong>Challenge\u00a0: jusque-l\u00e0, comment l\u2019OMS appuie-t-elle le Maroc \u00e0 faire face \u00e0 la pand\u00e9mie ?<\/strong><\/p>\n<p><strong>M.B\u00a0:<\/strong> notre soutien date d\u2019avant la pand\u00e9mie puisque nous appuyons d\u00e9j\u00e0 un certain nombre de programmes de renforcement des capacit\u00e9s qui ont ensuite servi \u00e0 organiser la lutte contre la pand\u00e9mie de COVID-19. Par exemple, le Programme de lutte contre la pand\u00e9mie grippale qui comporte un grand nombre d\u2019activit\u00e9s allant du renforcement des laboratoires aux \u00e9quipes d\u2019intervention; la pr\u00e9paration aux urgences de sant\u00e9 publique, notamment le renforcement des capacit\u00e9s de contr\u00f4le aux fronti\u00e8res ou la communication du risque et l\u2019engagement communautaire. Nous avons continu\u00e9 ces appuis durant la crise de COVID-19.<\/p>\n<p>Par ailleurs, lors d\u2019une crise de cette ampleur, il est \u00e9galement important de s\u2019assurer que les services essentiels continuent de fonctionner, car la population a d\u2019autres besoins en sant\u00e9 que ceux li\u00e9s \u00e0 la COVID-19. Nous avons par exemple travaill\u00e9 avec le Minist\u00e8re de la sant\u00e9 et notre centre collaborateur, la Maternit\u00e9 des Orangers, pour former les professionnels de la sant\u00e9 \u00e0 la prise en charge des femmes enceintes et des nouveau-n\u00e9s pendant l\u2019\u00e9pid\u00e9mie de COVID-19.<\/p>\n<p><strong>Challenge\u00a0: \u00e0 quand un vaccin contre le nouveau coronavirus ? Que fait l\u2019OMS pour que celui-ci voit rapidement le jour ?<\/strong><\/p>\n<p><strong>M.B\u00a0:<\/strong> le d\u00e9veloppement du vaccin doit se faire dans le plus strict respect de l\u2019\u00e9thique, des conditions de s\u00e9curit\u00e9 et avec une analyse sans biais des r\u00e9sultats. Pour cette raison, ce d\u00e9veloppement peut prendre du temps. Avec le M\u00e9canisme COVAX, l\u2019OMS et ses partenaires suivent un grand nombre d\u2019initiatives pour le d\u00e9veloppement des vaccins, pour \u00e9valuer quel candidat vaccin a le meilleur potentiel; mais \u00e9galement pour travailler en amont \u00e0 d\u00e9velopper les capacit\u00e9s de production et assurer un acc\u00e8s \u00e9quitable aux doses de vaccin qui seront disponibles. Il y a beaucoup d\u2019inconnues \u00e0 ce stade pour dire pr\u00e9cis\u00e9ment quand un vaccin sera disponible mais il est probable que ce ne soit pas avant 2021 et m\u00eame dans ce cas, les doses disponibles ne permettront peut-\u00eatre pas de vacciner toute la population mais il faudra cibler les populations les plus vuln\u00e9rables et les plus expos\u00e9es.<\/p>\n<p><strong>Challenge\u00a0: l\u2019OMS a envoy\u00e9 une lettre \u00e0 ses pays membres les appelant \u00e0 rejoindre son dispositif d\u2019acc\u00e8s au vaccin contre le Covid-19, r\u00e9it\u00e9rant son appel contre le nationalisme vaccinal. Quid du Maroc ?<\/strong><\/p>\n<p><strong>M.B\u00a0:<\/strong> tout d\u2019abord je tiens \u00e0 f\u00e9liciter le Maroc de contribuer aux essais cliniques sur le vaccin. Nous avons besoin de la mobilisation de tous les pays dans cet effort. Dans la course au vaccin, comme dans tous les autres domaines de la lutte contre cette pand\u00e9mie, il est primordial de privil\u00e9gier la collaboration au lieu de la comp\u00e9tition. Cette collaboration peut se faire \u00e0 travers la contribution aux essais cliniques, \u00e0 la production du vaccin ou au partage des donn\u00e9es sur son utilisation lorsqu\u2019il sera disponible. Le principe d\u2019une maladie transmissible comme la COVID-19, c\u2019est qu\u2019elle ne conna\u00eet pas les fronti\u00e8res ou les nationalit\u00e9s. \u00ab\u00a0Personne n\u2019est prot\u00e9g\u00e9e si tout le monde n\u2019est pas prot\u00e9g\u00e9\u00a0\u00bb : c\u2019est notre devise dans cette lutte.<\/p>\n<p><strong>Lire aussi|<a href=\"https:\/\/www.challenge.ma\/coronavirus-300-000-contaminations-et-1000-morts-quotidiens-au-maroc-selon-lihme-156272\/\">Coronavirus : 300.000 contaminations et 1000 morts quotidiens au Maroc, selon un centre de recherche am\u00e9ricain<\/a><\/strong><\/p>\n<p>Auteur: Adama Sylla<br \/>\n<a href=\"https:\/\/www.challenge.ma\/maryam-bigdeli-representante-de-loms-au-maroc-il-est-imperatif-de-prendre-levolution-de-la-tendance-epidemiologique-au-serieux-156285\/\">Cliquez ici pour lire l&rsquo;article depuis sa source.<\/a><\/p>\n","protected":false},"excerpt":{"rendered":"<p>Le Royaume connait actuellement une recrudescence des cas positifs au nouveau coronavirus, ce qui n\u00e9cessite le passage \u00e0 la vitesse sup\u00e9rieure en mati\u00e8re de lutte contre la pand\u00e9mie. Au Maroc, comme \u00e0 l\u2019international, l\u2019Organisation Mondiale de la Sant\u00e9 (OMS) fait face au d\u00e9fi sanitaire et aux attentes mondiales concernant le vaccin contre la Covid-19. Y-a-t-il [&hellip;]<\/p>\n","protected":false},"author":1787,"featured_media":0,"comment_status":"closed","ping_status":"closed","sticky":false,"template":"","format":"standard","meta":{"fifu_image_url":"","fifu_image_alt":"","footnotes":""},"categories":[78,54],"tags":[],"class_list":["post-98553","post","type-post","status-publish","format-standard","hentry","category-economie","category-maroc"],"_links":{"self":[{"href":"https:\/\/linitiative.ca\/International\/wp-json\/wp\/v2\/posts\/98553","targetHints":{"allow":["GET"]}}],"collection":[{"href":"https:\/\/linitiative.ca\/International\/wp-json\/wp\/v2\/posts"}],"about":[{"href":"https:\/\/linitiative.ca\/International\/wp-json\/wp\/v2\/types\/post"}],"author":[{"embeddable":true,"href":"https:\/\/linitiative.ca\/International\/wp-json\/wp\/v2\/users\/1787"}],"replies":[{"embeddable":true,"href":"https:\/\/linitiative.ca\/International\/wp-json\/wp\/v2\/comments?post=98553"}],"version-history":[{"count":0,"href":"https:\/\/linitiative.ca\/International\/wp-json\/wp\/v2\/posts\/98553\/revisions"}],"wp:attachment":[{"href":"https:\/\/linitiative.ca\/International\/wp-json\/wp\/v2\/media?parent=98553"}],"wp:term":[{"taxonomy":"category","embeddable":true,"href":"https:\/\/linitiative.ca\/International\/wp-json\/wp\/v2\/categories?post=98553"},{"taxonomy":"post_tag","embeddable":true,"href":"https:\/\/linitiative.ca\/International\/wp-json\/wp\/v2\/tags?post=98553"}],"curies":[{"name":"wp","href":"https:\/\/api.w.org\/{rel}","templated":true}]}}