{"id":98554,"date":"2020-09-11T15:30:25","date_gmt":"2020-09-11T19:30:25","guid":{"rendered":"https:\/\/linitiative.ca\/International\/tourisme-voici-ce-quil-faut-savoir-sur-la-recente-reunion-entre-la-tutelle-ram-et-les-professionnels\/"},"modified":"2020-09-11T15:30:25","modified_gmt":"2020-09-11T19:30:25","slug":"tourisme-voici-ce-quil-faut-savoir-sur-la-recente-reunion-entre-la-tutelle-ram-et-les-professionnels","status":"publish","type":"post","link":"https:\/\/linitiative.ca\/International\/tourisme-voici-ce-quil-faut-savoir-sur-la-recente-reunion-entre-la-tutelle-ram-et-les-professionnels\/","title":{"rendered":"Tourisme : voici ce qu\u2019il faut savoir sur la r\u00e9cente r\u00e9union entre la tutelle, RAM et les professionnels"},"content":{"rendered":"<p><strong>Une importante r\u00e9union de crise s\u2019est tenue le 10 septembre \u00e0 Casablanca au si\u00e8ge de la Royal Air Maroc. Cette rencontre a r\u00e9uni la ministre du Tourisme, Nadia Fettah Alaoui, le PDG de la RAM, Hamid Addou, le Directeur g\u00e9n\u00e9ral de l\u2019ONMT, Adel El Fakir et quelques repr\u00e9sentants de la Conf\u00e9d\u00e9ration nationale du tourisme (CNT) dont notamment le pr\u00e9sident Abdellatif Kabbaj. Voici les grandes d\u00e9cisions qui ont \u00e9t\u00e9 prises \u00e0 l\u2019issue de cette r\u00e9union.<\/strong><\/p>\n<div class=\"c10\"\/>\n<p>Selon\u00a0nos informations, cette r\u00e9union de travail a permis d\u2019avancer sur plusieurs points. \u00ab\u00a0Cette rencontre avait pour objectif de voir comment travailler ensemble sur l\u2019ouverture progressive des lignes a\u00e9riennes touristiques. Et donc, c\u2019est le d\u00e9but d\u2019un travail de longue haleine qui va s\u2019\u00e9taler sur les prochaines semaines\u00a0\u00bb, d\u00e9taille notre source. \u00ab\u00a0Nous avons mis en place des groupes de travail qui s\u2019att\u00e8lent d\u2019ores et d\u00e9j\u00e0 \u00e0 \u00e9laborer les diff\u00e9rents sc\u00e9narii li\u00e9s \u00e0 l\u2019ouverture des lignes prioritaires. Il s\u2019agit de voir comment construire dans cette perspective. Comme vous le savez, il n\u2019y a pas de tourisme sans vols a\u00e9riens\u00a0\u00bb, poursuit notre source. Il faut savoir que cette r\u00e9union n\u2019est que la premi\u00e8re d\u2019une longue s\u00e9rie de rencontres \u00e9tal\u00e9es sur les semaines \u00e0 venir.<\/p>\n<p><strong>Lire aussi|<\/strong> <a href=\"https:\/\/www.challenge.ma\/coronavirus-sachemine-t-on-vers-un-reconfinement-total-a-casablanca-156258\/\"><strong>Coronavirus : s\u2019achemine-t-on vers un reconfinement total \u00e0 Casablanca ?<\/strong><\/a><\/p>\n<p>\u00ab\u00a0Les groupes de travail mis en place vont discuter avec les partenaires et les Tour-op\u00e9rateurs pour \u00e9tudier les diff\u00e9rents sch\u00e9mas de reprise, bien s\u00fbr dans le respect des mesures sanitaires en vigueur. Nous avons eu des r\u00e9unions avec certains partenaires aujourd\u2019hui m\u00eame d\u00e9j\u00e0. Il y a une volont\u00e9 de part et d\u2019autre de commencer \u00e0 \u00e9valuer le volume sur les lignes les plus importantes. Mais, pour l\u2019instant aucune date d\u00e9finitive d\u2019ouverture de ces lignes n\u2019a encore \u00e9t\u00e9 retenue\u00a0\u00bb, pr\u00e9cise \u00e9galement notre source, ajoutant que l\u2019id\u00e9e globale, dans un premier temps, est de collaborer sur les vols sp\u00e9ciaux en cours et si possible voir comment augmenter le trafic, et en m\u00eame temps, \u00e9valuer les besoins des partenaires. \u00ab\u00a0Nous estimons qu\u2019il y a une vraie carte \u00e0 jouer sur l\u2019hiver prochain et donc, nous devons \u00e9valuer les lignes les plus pertinentes, march\u00e9 par march\u00e9, dans cette perspective. Il faut qu\u2019on se pr\u00e9pare pour la date d\u2019ouverture\u00a0\u00bb, a aussi laiss\u00e9 entendre notre source, estimant que m\u00eame si les cas de contamination au coronavirus augmentent, il va falloir reprendre l\u2019activit\u00e9 dans les conditions requises, parce que les partenaires \u00e0 l\u2019\u00e9tranger attendent une date d\u2019ouverture.<\/p>\n<p><strong>Lire aussi|<\/strong> <a href=\"https:\/\/www.challenge.ma\/pilotes-les-derives-dun-debat-156261\/\"><strong>RAM: les d\u00e9rives d\u2019un d\u00e9bat<\/strong><\/a><\/p>\n<p>\u00ab\u00a0Nous esp\u00e9rons vivement pouvoir arriver \u00e0 nous mettre d\u2019accord sur une date dans les prochaines semaines. D\u2019ailleurs, la prochaine r\u00e9union avec la ministre se fera vers le 21 septembre prochain\u00a0\u00bb, confie notre source. Pour rappel, la d\u00e9cision du gouvernement, il y a quelques jours, d\u2019autoriser les professionnels \u00e9trangers \u00e0 avoir acc\u00e8s au territoire national sur invitation d\u2019une entreprise marocaine, et celle \u00e9galement de permettre aux ressortissants des pays sur lesquels op\u00e8re la RAM (et n\u2019ayant pas besoin de visa pour franchir les fronti\u00e8res marocaines) de voyager au Maroc, simplement avec une r\u00e9servation d\u2019h\u00f4tels, ont donn\u00e9 une lueur d\u2019espoir aux professionnels du tourisme qui semblent d\u00e9termin\u00e9s \u00e0 prendre les devants. Affaire \u00e0 suivre.<\/p>\n<p>Auteur: challenge<br \/>\n<a href=\"https:\/\/www.challenge.ma\/tourisme-voici-ce-quil-faut-savoir-sur-la-recente-reunion-entre-la-tutelle-ram-et-les-professionnels-156327\/\">Cliquez ici pour lire l&rsquo;article depuis sa source.<\/a><\/p>\n","protected":false},"excerpt":{"rendered":"<p>Une importante r\u00e9union de crise s\u2019est tenue le 10 septembre \u00e0 Casablanca au si\u00e8ge de la Royal Air Maroc. Cette rencontre a r\u00e9uni la ministre du Tourisme, Nadia Fettah Alaoui, le PDG de la RAM, Hamid Addou, le Directeur g\u00e9n\u00e9ral de l\u2019ONMT, Adel El Fakir et quelques repr\u00e9sentants de la Conf\u00e9d\u00e9ration nationale du tourisme (CNT) [&hellip;]<\/p>\n","protected":false},"author":1787,"featured_media":0,"comment_status":"closed","ping_status":"closed","sticky":false,"template":"","format":"standard","meta":{"fifu_image_url":"","fifu_image_alt":"","footnotes":""},"categories":[78,54],"tags":[],"class_list":["post-98554","post","type-post","status-publish","format-standard","hentry","category-economie","category-maroc"],"_links":{"self":[{"href":"https:\/\/linitiative.ca\/International\/wp-json\/wp\/v2\/posts\/98554","targetHints":{"allow":["GET"]}}],"collection":[{"href":"https:\/\/linitiative.ca\/International\/wp-json\/wp\/v2\/posts"}],"about":[{"href":"https:\/\/linitiative.ca\/International\/wp-json\/wp\/v2\/types\/post"}],"author":[{"embeddable":true,"href":"https:\/\/linitiative.ca\/International\/wp-json\/wp\/v2\/users\/1787"}],"replies":[{"embeddable":true,"href":"https:\/\/linitiative.ca\/International\/wp-json\/wp\/v2\/comments?post=98554"}],"version-history":[{"count":0,"href":"https:\/\/linitiative.ca\/International\/wp-json\/wp\/v2\/posts\/98554\/revisions"}],"wp:attachment":[{"href":"https:\/\/linitiative.ca\/International\/wp-json\/wp\/v2\/media?parent=98554"}],"wp:term":[{"taxonomy":"category","embeddable":true,"href":"https:\/\/linitiative.ca\/International\/wp-json\/wp\/v2\/categories?post=98554"},{"taxonomy":"post_tag","embeddable":true,"href":"https:\/\/linitiative.ca\/International\/wp-json\/wp\/v2\/tags?post=98554"}],"curies":[{"name":"wp","href":"https:\/\/api.w.org\/{rel}","templated":true}]}}