{"id":98555,"date":"2020-09-11T16:05:22","date_gmt":"2020-09-11T20:05:22","guid":{"rendered":"https:\/\/linitiative.ca\/International\/digital-les-professionnels-preparent-la-reprise-economique\/"},"modified":"2020-09-11T16:05:22","modified_gmt":"2020-09-11T20:05:22","slug":"digital-les-professionnels-preparent-la-reprise-economique","status":"publish","type":"post","link":"https:\/\/linitiative.ca\/International\/digital-les-professionnels-preparent-la-reprise-economique\/","title":{"rendered":"Digital : les professionnels pr\u00e9parent la reprise \u00e9conomique"},"content":{"rendered":"<p><strong>Les acteurs du digital et le minist\u00e8re de tutelle pr\u00e9parent la reprise \u00e9conomique. C\u2019est dans ce sens que le ministre de l\u2019Industrie, du commerce et de l\u2019\u00e9conomie verte et num\u00e9rique, Moulay Hafid Elalamy, a tenu, le 11 septembre \u00e0 Casablanca, une rencontre avec les acteurs de l\u2019\u00e9cosyst\u00e8me digital marocain pour recueillir leurs propositions dans le cadre de la strat\u00e9gie nationale digitale.<\/strong><\/p>\n<div class=\"c10\"\/>\n<p>Au rang des corporations professionnelles ayant particip\u00e9 \u00e0 cette rencontre, figurent la F\u00e9d\u00e9ration marocaine des Technologies de l\u2019Information, des t\u00e9l\u00e9communications et de l\u2019offshoring (APEBI), l\u2019Association des Utilisateurs des Syst\u00e8mes d\u2019Informations au Maroc (AUSIM), l\u2019Association Maroc Numeric Cluster (MNC) et l\u2019Association Moroccan Start-up Ecosystem Catalysts (MSEC).On apprend que les professionnels ont notamment pr\u00e9sent\u00e9 leurs propositions pour la mise en \u0153uvre de la strat\u00e9gie digitale nationale visant \u00e0 renforcer le d\u00e9veloppement du secteur.<\/p>\n<p><strong>Lire aussi|<\/strong> <a href=\"https:\/\/www.challenge.ma\/tourisme-voici-ce-quil-faut-savoir-sur-la-recente-reunion-entre-la-tutelle-ram-et-les-professionnels-156327\/\"><strong>Tourisme : voici ce qu\u2019il faut savoir sur la r\u00e9cente r\u00e9union entre la tutelle, RAM et les professionnels<\/strong><\/a><\/p>\n<p>\u00ab\u00a0Pendant cette p\u00e9riode de pand\u00e9mie il y a eu une avanc\u00e9e substantielle dans le secteur du digital et les secteurs se sont r\u00e9unis pour pr\u00e9senter une strat\u00e9gie qui correspond totalement \u00e0 la vision du secteur et de l\u2019Agence du d\u00e9veloppement digital. Nous avons travaill\u00e9 aujourd\u2019hui ensemble pour pr\u00e9parer le lancement de cette strat\u00e9gie pour la mettre en \u0153uvre avec des \u00e9ch\u00e9ances les plus courtes possibles \u00bb, a soulign\u00e9 Moulay Hafid Elalamy. Il a aussi fait part de son souhait de mettre tr\u00e8s rapidement en \u0153uvre la majorit\u00e9 des d\u00e9cisions qui ont \u00e9t\u00e9 prises conjointement entre l\u2019agence du digital et l\u2019ensemble des intervenants dans le secteur du digital.<\/p>\n<p>Pour sa part, le pr\u00e9sident de l\u2019APEBI, Amine Zarouk, a fait remarquer que la r\u00e9union a permis de\u00a0 pr\u00e9senter au ministre le pacte Maroc digital pour une relance p\u00e9renne. Notons que cette initiative propose plusieurs mesures concr\u00e8tes de projets qui sont en convergence avec la note d\u2019orientation du gouvernement sur les volets innovation, \u00e9ducation, brand et \u00e9galement sur le volet de la comp\u00e9titivit\u00e9 \u00e9conomique des entreprises et de l\u2019administration.<\/p>\n<p><strong>Lire aussi|<\/strong> <a href=\"https:\/\/www.challenge.ma\/coronavirus-sachemine-t-on-vers-un-reconfinement-total-a-casablanca-156258\/\"><strong>Coronavirus : s\u2019achemine-t-on vers un reconfinement total \u00e0 Casablanca ?<\/strong><\/a><\/p>\n<p>Soulignons que le minist\u00e8re de l\u2019Industrie, du commerce et de l\u2019\u00e9conomie verte et num\u00e9rique a \u00e9labor\u00e9 une strat\u00e9gie d\u2019acc\u00e9l\u00e9ration du d\u00e9veloppement du digital visant \u00e0 positionner le Maroc en tant que \u00ab\u00a0Hub Digital R\u00e9gional et Continental\u00a0\u00bb. Il s\u2019agit d\u2019une strat\u00e9gie qui porte essentiellement sur l\u2019accompagnement des acteurs du digital (auto-entrepreneurs, startups, TPME) et l\u2019acc\u00e9l\u00e9ration de la digitalisation des administrations au service du citoyen.<\/p>\n<p>Auteur: challenge<br \/>\n<a href=\"https:\/\/www.challenge.ma\/digital-les-professionnels-preparent-la-reprise-economique-156343\/\">Cliquez ici pour lire l&rsquo;article depuis sa source.<\/a><\/p>\n","protected":false},"excerpt":{"rendered":"<p>Les acteurs du digital et le minist\u00e8re de tutelle pr\u00e9parent la reprise \u00e9conomique. C\u2019est dans ce sens que le ministre de l\u2019Industrie, du commerce et de l\u2019\u00e9conomie verte et num\u00e9rique, Moulay Hafid Elalamy, a tenu, le 11 septembre \u00e0 Casablanca, une rencontre avec les acteurs de l\u2019\u00e9cosyst\u00e8me digital marocain pour recueillir leurs propositions dans le [&hellip;]<\/p>\n","protected":false},"author":1787,"featured_media":0,"comment_status":"closed","ping_status":"closed","sticky":false,"template":"","format":"standard","meta":{"fifu_image_url":"","fifu_image_alt":"","footnotes":""},"categories":[78,54],"tags":[],"class_list":["post-98555","post","type-post","status-publish","format-standard","hentry","category-economie","category-maroc"],"_links":{"self":[{"href":"https:\/\/linitiative.ca\/International\/wp-json\/wp\/v2\/posts\/98555","targetHints":{"allow":["GET"]}}],"collection":[{"href":"https:\/\/linitiative.ca\/International\/wp-json\/wp\/v2\/posts"}],"about":[{"href":"https:\/\/linitiative.ca\/International\/wp-json\/wp\/v2\/types\/post"}],"author":[{"embeddable":true,"href":"https:\/\/linitiative.ca\/International\/wp-json\/wp\/v2\/users\/1787"}],"replies":[{"embeddable":true,"href":"https:\/\/linitiative.ca\/International\/wp-json\/wp\/v2\/comments?post=98555"}],"version-history":[{"count":0,"href":"https:\/\/linitiative.ca\/International\/wp-json\/wp\/v2\/posts\/98555\/revisions"}],"wp:attachment":[{"href":"https:\/\/linitiative.ca\/International\/wp-json\/wp\/v2\/media?parent=98555"}],"wp:term":[{"taxonomy":"category","embeddable":true,"href":"https:\/\/linitiative.ca\/International\/wp-json\/wp\/v2\/categories?post=98555"},{"taxonomy":"post_tag","embeddable":true,"href":"https:\/\/linitiative.ca\/International\/wp-json\/wp\/v2\/tags?post=98555"}],"curies":[{"name":"wp","href":"https:\/\/api.w.org\/{rel}","templated":true}]}}