{"id":98556,"date":"2020-09-11T17:13:06","date_gmt":"2020-09-11T21:13:06","guid":{"rendered":"https:\/\/linitiative.ca\/International\/abdelhak-khiam-le-chef-de-la-cellule-terroriste-demantelee-est-un-poissonnier\/"},"modified":"2020-09-11T17:13:06","modified_gmt":"2020-09-11T21:13:06","slug":"abdelhak-khiam-le-chef-de-la-cellule-terroriste-demantelee-est-un-poissonnier","status":"publish","type":"post","link":"https:\/\/linitiative.ca\/International\/abdelhak-khiam-le-chef-de-la-cellule-terroriste-demantelee-est-un-poissonnier\/","title":{"rendered":"Abdelhak Khiam: \u00ab Le chef de la cellule terroriste d\u00e9mantel\u00e9e est un poissonnier \u00bb"},"content":{"rendered":"<p><strong>Le patron du BCIJ, Abdelhak Khiam, a tenu une conf\u00e9rence de presse le 11 septembre \u00e0 Rabat pour revenir plus amplement sur l\u2019op\u00e9ration de d\u00e9mant\u00e8lement de la cellule terroriste \u00ab\u00a0la plus dangereuse jamais d\u00e9faite\u00a0\u00bb par son service, men\u00e9e jeudi.<\/strong><\/p>\n<div class=\"c10\"\/>\n<p>Lors de cette rencontre, Abdelhak Khiam, qui dirige le Bureau Central d\u2019Investigations Judiciaires (BCIJ), a fait savoir que la cellule terroriste d\u00e9mantel\u00e9e simultan\u00e9ment dans les villes de Tanger, Tiflet, T\u00e9mara et Skhirat \u00e9tait pr\u00eate \u00e0 perp\u00e9trer des op\u00e9rations terroristes suicides dangereuses. \u00ab\u00a0Cette cellule terroriste a la particularit\u00e9 de rappeler les \u00e9v\u00e9nements du 16 mai \u00e0 Casablanca du fait que ses membres sont des kamikazes\u00a0\u00bb, a-t-il pr\u00e9cis\u00e9. \u00ab\u00a0Sur la base d\u2019informations fournies par les services centraux qui traquent les activit\u00e9s des cellules extr\u00e9mistes, et apr\u00e8s plusieurs r\u00e9unions sous la supervision du directeur g\u00e9n\u00e9ral de la Direction g\u00e9n\u00e9rale de la s\u00fbret\u00e9 nationale (DGSN) et de la Direction g\u00e9n\u00e9rale de la surveillance du territoire (DGST), il a \u00e9t\u00e9 d\u00e9cid\u00e9 d\u2019intervenir apr\u00e8s que la cellule ait atteint un stade avanc\u00e9 et s\u2019appr\u00eatait \u00e0 mener des attaques qui, si elles \u00e9taient perp\u00e9tr\u00e9es, auraient provoqu\u00e9 une trag\u00e9die\u00a0\u00bb, a ajout\u00e9 Abdelhak Khiam.<\/p>\n<p><strong>Lire aussi|<\/strong> <a href=\"https:\/\/www.challenge.ma\/mjid-el-guerrab-lallemagne-est-derriere-la-decision-de-mettre-le-maroc-hors-de-la-liste-des-pays-surs-de-lue-156233\/\"><strong>M\u2019jid El Guerrab : \u00ab l\u2019Allemagne est derri\u00e8re la d\u00e9cision de mettre le Maroc hors de la liste des pays s\u00fbrs de l\u2019UE \u00bb<\/strong><\/a><\/p>\n<p>Aussi, le patron du FBI marocain a-t-il mis en exergue le caract\u00e8re professionnel de l\u2019intervention des \u00e9l\u00e9ments du BCIJ, qui \u00e9tait conforme \u00e0 la loi, compte tenu de la dangerosit\u00e9 des membres de cette cellule, ajoutant que l\u2019un des membres des forces sp\u00e9ciales a \u00e9t\u00e9 bless\u00e9 lors de cette intervention et que sa blessure ne suscite pas d\u2019inqui\u00e9tude. \u00ab\u00a0Lors de l\u2019arrestation des membres de cette cellule et lors des perquisitions, des substances chimiques entrant dans la fabrication des explosifs ont \u00e9t\u00e9 d\u00e9couvertes, ainsi que des cagoules, des armes blanches et des ceintures explosives. La cellule pr\u00e9voyait de mener des op\u00e9rations suicides contre des personnalit\u00e9s publiques et militaires et des quartiers g\u00e9n\u00e9raux de services de s\u00e9curit\u00e9\u00a0\u00bb, a particuli\u00e8rement d\u00e9taill\u00e9 Abdelhak Khiam. Il a \u00e9galement indiqu\u00e9 que l\u2019expertise technique effectu\u00e9e sur les objets saisis a r\u00e9v\u00e9l\u00e9 que les cinq membres de la cellule \u00e9taient en phase de montage et de pr\u00e9paration pour perp\u00e9trer des op\u00e9rations explosives \u00e0 l\u2019aide d\u2019une \u00ab\u00a0cocotte-minute\u00a0\u00bb charg\u00e9e de substances explosives et d\u2019autres substances charg\u00e9es dans des tuyaux, ainsi que des gilets explosifs pour mener des attentats suicides. \u00ab\u00a0La vigilance des services s\u00e9curitaires a ainsi \u00e9pargn\u00e9 au Maroc un bain de sang\u00a0\u00bb, a-t-il soulign\u00e9.<\/p>\n<p>Le directeur du BCIJ a, en outre, affirm\u00e9 que les enqu\u00eates avec les cinq interpell\u00e9s seront entam\u00e9es ce vendredi d\u00e8s ach\u00e8vement des mesures sanitaires et pr\u00e9ventives et leur soumission aux analyses de d\u00e9pistage du nouveau coronavirus, afin de v\u00e9rifier si la cellule a des ramifications \u00e0 l\u2019\u00e9tranger ou des liens avec des organisations terroristes internationales, notant que jusqu\u2019ici, il s\u2019av\u00e8re que la cellule s\u2019auto-finan\u00e7ait gr\u00e2ce \u00e0 des contributions de ses membres.<\/p>\n<p><strong>Lire aussi|<\/strong> <a href=\"https:\/\/www.challenge.ma\/coronavirus-300-000-contaminations-et-1000-morts-quotidiens-au-maroc-selon-lihme-156272\/\"><strong>Coronavirus : 300.000 contaminations et 1000 morts quotidiens au Maroc, selon un centre de recherche am\u00e9ricain<\/strong><\/a><\/p>\n<p>Il a ensuite r\u00e9v\u00e9l\u00e9 que les membres de la cellule s\u2019appr\u00eataient \u00e0 pr\u00eater all\u00e9geance \u00e0 la soi-disant organisation \u00ab\u00a0\u00c9tat islamique\u00a0\u00bb, soulignant que l\u2019id\u00e9ologie terroriste de \u00ab\u00a0Daech\u00a0\u00bb ne s\u2019est pas effrit\u00e9e avec la chute du groupe ou de son ancien chef Abu Bakr al-Baghdadi en Syrie et en Irak, mais a des ramifications id\u00e9ologiques et se transmet via Internet et les moyens de communication pour d\u00e9tourner les cat\u00e9gories vuln\u00e9rables.<\/p>\n<p><strong>Que sait-on des 5 personnes arr\u00eat\u00e9es\u00a0?<\/strong><\/p>\n<p>La t\u00eate pensante de la cellule est un \u00ab\u00a0\u00e9mir\u00a0\u00bb bas\u00e9 \u00e0 T\u00e9mara et qui avait oppos\u00e9 une s\u00e9rieuse r\u00e9sistance aux \u00e9l\u00e9ments du BCIJ lors de son arrestation. Et toujours selon la police, c\u2019est lui qui a men\u00e9 les op\u00e9rations de recrutement des quatre autres complices. Notons que l\u2019\u00ab\u00a0\u00e9mir\u00a0\u00bb, en question, a des ant\u00e9c\u00e9dents judiciaires en lien avec des affaires de droit commun. \u00ab\u00a0Il \u00e9tait poissonnier et triporteur et circulait souvent avec une arme blanche\u00a0\u00bb, a fait remarqu\u00e9 Abdelhak Khiam, ajoutant que ses ant\u00e9c\u00e9dents avec la justice datent de 2004-2006 et que l\u2019individu ne s\u2019est pas radicalis\u00e9 en prison. Les autres membres de la cellule \u00e9taient agriculteur, plombier, peintre de b\u00e2timent ou menuisier. Toutefois, aucun des quatre ne disposait de casier judiciaire. L\u2019enqu\u00eate qui va s\u2019ouvrir permettra d\u2019en savoir plus sur les ambitions et ce que pr\u00e9voyait exactement cette cellule.<\/p>\n<p>Auteur: challenge<br \/>\n<a href=\"https:\/\/www.challenge.ma\/abdelhak-khiam-le-chef-de-la-cellule-terroriste-demantelee-est-un-poissonnier-156359\/\">Cliquez ici pour lire l&rsquo;article depuis sa source.<\/a><\/p>\n","protected":false},"excerpt":{"rendered":"<p>Le patron du BCIJ, Abdelhak Khiam, a tenu une conf\u00e9rence de presse le 11 septembre \u00e0 Rabat pour revenir plus amplement sur l\u2019op\u00e9ration de d\u00e9mant\u00e8lement de la cellule terroriste \u00ab\u00a0la plus dangereuse jamais d\u00e9faite\u00a0\u00bb par son service, men\u00e9e jeudi. Lors de cette rencontre, Abdelhak Khiam, qui dirige le Bureau Central d\u2019Investigations Judiciaires (BCIJ), a fait [&hellip;]<\/p>\n","protected":false},"author":1787,"featured_media":0,"comment_status":"closed","ping_status":"closed","sticky":false,"template":"","format":"standard","meta":{"fifu_image_url":"","fifu_image_alt":"","footnotes":""},"categories":[78,54],"tags":[],"class_list":["post-98556","post","type-post","status-publish","format-standard","hentry","category-economie","category-maroc"],"_links":{"self":[{"href":"https:\/\/linitiative.ca\/International\/wp-json\/wp\/v2\/posts\/98556","targetHints":{"allow":["GET"]}}],"collection":[{"href":"https:\/\/linitiative.ca\/International\/wp-json\/wp\/v2\/posts"}],"about":[{"href":"https:\/\/linitiative.ca\/International\/wp-json\/wp\/v2\/types\/post"}],"author":[{"embeddable":true,"href":"https:\/\/linitiative.ca\/International\/wp-json\/wp\/v2\/users\/1787"}],"replies":[{"embeddable":true,"href":"https:\/\/linitiative.ca\/International\/wp-json\/wp\/v2\/comments?post=98556"}],"version-history":[{"count":0,"href":"https:\/\/linitiative.ca\/International\/wp-json\/wp\/v2\/posts\/98556\/revisions"}],"wp:attachment":[{"href":"https:\/\/linitiative.ca\/International\/wp-json\/wp\/v2\/media?parent=98556"}],"wp:term":[{"taxonomy":"category","embeddable":true,"href":"https:\/\/linitiative.ca\/International\/wp-json\/wp\/v2\/categories?post=98556"},{"taxonomy":"post_tag","embeddable":true,"href":"https:\/\/linitiative.ca\/International\/wp-json\/wp\/v2\/tags?post=98556"}],"curies":[{"name":"wp","href":"https:\/\/api.w.org\/{rel}","templated":true}]}}