{"id":98563,"date":"2020-09-11T11:19:26","date_gmt":"2020-09-11T15:19:26","guid":{"rendered":"https:\/\/linitiative.ca\/International\/processus-de-reconciliation-nationale-le-hcrun-sollicite-laccompagnement-des-responsables-religieux\/"},"modified":"2020-09-11T11:19:26","modified_gmt":"2020-09-11T15:19:26","slug":"processus-de-reconciliation-nationale-le-hcrun-sollicite-laccompagnement-des-responsables-religieux","status":"publish","type":"post","link":"https:\/\/linitiative.ca\/International\/processus-de-reconciliation-nationale-le-hcrun-sollicite-laccompagnement-des-responsables-religieux\/","title":{"rendered":"Processus de r\u00e9conciliation nationale\u00a0: Le HCRUN sollicite l\u2019accompagnement des responsables religieux"},"content":{"rendered":"<div class=\"td-post-featured-image\"><a href=\"https:\/\/www.sidwaya.info\/wp-content\/uploads\/2020\/09\/2-3.jpg\" data-caption=\"\"><img loading=\"lazy\" decoding=\"async\" width=\"696\" height=\"464\" class=\"entry-thumb td-modal-image\" src=\"https:\/\/www.sidwaya.info\/wp-content\/uploads\/2020\/09\/2-3-696x464.jpg\" srcset=\"https:\/\/www.sidwaya.info\/wp-content\/uploads\/2020\/09\/2-3-696x464.jpg 696w, https:\/\/www.sidwaya.info\/wp-content\/uploads\/2020\/09\/2-3-300x200.jpg 300w, https:\/\/www.sidwaya.info\/wp-content\/uploads\/2020\/09\/2-3-768x512.jpg 768w, https:\/\/www.sidwaya.info\/wp-content\/uploads\/2020\/09\/2-3-630x420.jpg 630w, https:\/\/www.sidwaya.info\/wp-content\/uploads\/2020\/09\/2-3.jpg 900w\" sizes=\"auto, (max-width: 696px) 100vw, 696px\" alt=\"\" title=\"2\"\/><\/a><\/div>\n<p><strong>Le Haut conseil pour la r\u00e9conciliation et l\u2019unit\u00e9 nationale (HCRUN) a organis\u00e9, le vendredi 11 septembre 2020 \u00e0 Ouagadougou, une rencontre avec des autorit\u00e9s religieuses notamment ceux des \u00e9glises catholique et protestante \u00a0sur le processus de r\u00e9conciliation au Burkina Faso.<\/strong><\/p>\n<p><strong>\u00a0<\/strong>Malgr\u00e9 les efforts fournis, la r\u00e9conciliation nationale reste un d\u00e9fi r\u00e9el au Burkina Faso et n\u00e9cessite l\u2019engagement de tous les acteurs. C\u2019est la conviction du pr\u00e9sident du Haut conseil pour la r\u00e9conciliation et l\u2019unit\u00e9 nationale (HCRUN), L\u00e9andre Bassol\u00e9 qui a rencontr\u00e9, le vendredi 11 septembre 2020 \u00e0 Ouagdougou, des responsables de l\u2019\u00e9glise catholique et de la F\u00e9d\u00e9ration des \u00e9glises et missions \u00e9vang\u00e9liques (FEME).<\/p>\n<p>Les \u00e9changes ont port\u00e9 essentiellement sur le processus de r\u00e9conciliation. Selon M. Bassol\u00e9 ce processus doit se baser sur trois \u00e9l\u00e9ments fondamentaux \u00e0 savoir la v\u00e9rit\u00e9, la justice et la r\u00e9paration. Pour instaurer la paix sociale, a-t-il indiqu\u00e9, il faut que la d\u00e9marche soit inclusive.<\/p>\n<div class=\"td-a-rec td-a-rec-id-content_inline tdi_30_7e5 td_block_template_1\"><img loading=\"lazy\" decoding=\"async\" class=\"aligncenter size-full wp-image-21314\" src=\"https:\/\/www.sidwaya.info\/wp-content\/uploads\/2020\/04\/Bandeau-Covid-19-Sidwaya-1.jpg\" alt=\"\" width=\"790\" height=\"98\"\/><\/div>\n<p>Le premier pas \u00e0 franchir, c\u2019est de traiter le premier \u00e9l\u00e9ment c\u2019est-\u00e0-dire la v\u00e9rit\u00e9 avec beaucoup d\u2019attention. Il ne suffit pas de r\u00e9v\u00e9ler simplement les faits, a-t-il soulign\u00e9, mais il faut leur reconnaissance \u00a0pour r\u00e9tablir la v\u00e9rit\u00e9.\u00a0 \u00ab\u00a0<em>Il n\u2019y a pas une soci\u00e9t\u00e9 o\u00f9 l\u2019on pardonne sans la reconnaissance des torts\u00a0<\/em>\u00bb, a-t-il insist\u00e9. Ce qui a aussi un peu fait foirer le processus de r\u00e9conciliation jusque-l\u00e0, a poursuivi le pr\u00e9sident du HCRUN, c\u2019est que le volet indemnisation n\u2019a pas \u00e9t\u00e9 pris en compte. Pour lui, apr\u00e8s la manifestation de la v\u00e9rit\u00e9, il faut penser \u00e0 la r\u00e9paration en associant une dimension humaniste.<\/p>\n<p>La derni\u00e8re \u00e9tape, a-t-il soutenu, c\u2019est d\u2019instaurer un syst\u00e8me de garantie de non r\u00e9p\u00e9tition. <em>\u00ab Il convient d\u2019engager des r\u00e9formes dans des secteurs comme l\u2019\u00e9ducation, l\u2019arm\u00e9e\u2026 Il faut \u00e9galement que l\u2019on p\u00e9rennise nos valeurs \u00e0 travers un document consignant la m\u00e9moire pour les g\u00e9n\u00e9rations futures<\/em>\u00a0\u00bb, a-t-il mentionn\u00e9.<\/p>\n<p><img decoding=\"async\" loading=\"lazy\" class=\"alignnone size-medium wp-image-26610\" src=\"https:\/\/www.sidwaya.info\/wp-content\/uploads\/2020\/09\/2-3-300x200.jpg\" alt=\"\" width=\"300\" height=\"200\" srcset=\"https:\/\/www.sidwaya.info\/wp-content\/uploads\/2020\/09\/2-3-300x200.jpg 300w, https:\/\/www.sidwaya.info\/wp-content\/uploads\/2020\/09\/2-3-768x512.jpg 768w, https:\/\/www.sidwaya.info\/wp-content\/uploads\/2020\/09\/2-3-696x464.jpg 696w, https:\/\/www.sidwaya.info\/wp-content\/uploads\/2020\/09\/2-3-630x420.jpg 630w, https:\/\/www.sidwaya.info\/wp-content\/uploads\/2020\/09\/2-3.jpg 900w\" sizes=\"auto, (max-width: 300px) 100vw, 300px\"\/>A la veille des \u00e9lections, \u00a0le HCRUN s\u2019inqui\u00e8te \u00e9galement \u00a0d\u2019\u00e9ventuelles violences, \u00e0 entendre M. Bassol\u00e9. \u00ab\u00a0<em>Nous attirons l\u2019attention des acteurs des partis politiques pour qu\u2019ils ne soient pas des agents vecteurs des situations conflictuelles \u00e0 travers leurs messages de campagne. Notre pays fait d\u00e9j\u00e0 face \u00e0 plusieurs d\u00e9fis tels la lutte contre l\u2019ins\u00e9curit\u00e9 et la Covid-19. Il ne faut pas en ajouter<\/em>\u00a0\u00bb, a-t-il lanc\u00e9.<\/p>\n<p>Le Cardinal Mgr Philippe Ou\u00e9draogo a salu\u00e9 l\u2019initiative du HCRUN. \u00ab\u00a0<em>Le th\u00e8me est d\u2019une \u00a0grande importance pour le bien-\u00eatre de notre peuple. Nous f\u00e9licitons le HCRUN pour tout le travail qu\u2019il abatte dans le sens de la r\u00e9conciliation. Nous voudrions qu\u2019il soit la conscience de tout le peuple et qu\u2019il essaie de semer cette conscience pour que tous soient conscients de leur r\u00f4le de leur responsabilit\u00e9 dans le sens du bien commun\u00a0\u00bb,<\/em> a-t-il affirm\u00e9. Pour lui, il n\u2019y aura jamais de paix si les uns mangent et les autres ont faim, \u00a0s\u2019il y a une mauvaise gestion de la chose publique. \u00a0\u00a0\u00ab\u00a0<em>Comme l\u2019a dit Martin Luther King\u00a0\u00a0il faut que nous puissions r\u00eaver ensemble\u00a0 et quand on r\u00eave tous ensemble cela devient une r\u00e9alit\u00e9<\/em>\u00a0\u00bb, a confi\u00e9 le Cardinal.<\/p>\n<p>Le pr\u00e9sident de la FEME, Henri Y\u00e9 a rench\u00e9ri que la mission du HCRUN m\u00e9rite l\u2019accompagnement de tous les acteurs. <em>\u00ab\u00a0Nous allons accompagner le HCRUN dans toutes les d\u00e9marches qu\u2019il aura \u00e0 faire pour que nous puissions aller vers la r\u00e9conciliation. Nous allons aussi prier pour que les c\u0153urs puissent revenir ensemble dans le sens du pardon, de la v\u00e9rit\u00e9 et de la r\u00e9conciliation<\/em>\u00a0\u00bb, a-t-il signifi\u00e9.<\/p>\n<p><strong>Kowoma Marc DOH<\/strong><\/p>\n<p><strong>\u00a0\u00a0\u00a0\u00a0\u00a0\u00a0\u00a0\u00a0\u00a0\u00a0\u00a0\u00a0\u00a0\u00a0\u00a0\u00a0\u00a0\u00a0\u00a0\u00a0\u00a0\u00a0\u00a0\u00a0\u00a0\u00a0\u00a0\u00a0\u00a0\u00a0\u00a0\u00a0\u00a0\u00a0\u00a0\u00a0\u00a0\u00a0\u00a0\u00a0\u00a0\u00a0\u00a0\u00a0\u00a0\u00a0\u00a0\u00a0\u00a0\u00a0\u00a0\u00a0\u00a0\u00a0\u00a0\u00a0\u00a0\u00a0\u00a0\u00a0\u00a0\u00a0\u00a0\u00a0\u00a0\u00a0\u00a0\u00a0\u00a0\u00a0\u00a0\u00a0\u00a0\u00a0\u00a0\u00a0\u00a0\u00a0\u00a0\u00a0\u00a0\u00a0\u00a0\u00a0\u00a0\u00a0\u00a0 Malata COULDIATI (Stagiaire)<\/strong><\/p>\n<div class=\"td-a-rec td-a-rec-id-content_bottom tdi_31_57f td_block_template_1\"><img loading=\"lazy\" decoding=\"async\" class=\"aligncenter size-full wp-image-22415\" src=\"https:\/\/www.sidwaya.info\/wp-content\/uploads\/2020\/05\/Bandeau-paiement-mobile-site.png\" alt=\"\" width=\"728\" height=\"90\"\/><\/div>\n<p>Auteur: Wamini SIDWAYA<br \/>\n<a href=\"https:\/\/www.sidwaya.info\/blog\/2020\/09\/11\/processus-de-reconciliation-nationale-le-hcrun-sollicite-laccompagnement-des-responsables-religieux\/\">Cliquez ici pour lire l&rsquo;article depuis sa source.<\/a><\/p>\n","protected":false},"excerpt":{"rendered":"<p>Le Haut conseil pour la r\u00e9conciliation et l\u2019unit\u00e9 nationale (HCRUN) a organis\u00e9, le vendredi 11 septembre 2020 \u00e0 Ouagadougou, une rencontre avec des autorit\u00e9s religieuses notamment ceux des \u00e9glises catholique et protestante \u00a0sur le processus de r\u00e9conciliation au Burkina Faso. \u00a0Malgr\u00e9 les efforts fournis, la r\u00e9conciliation nationale reste un d\u00e9fi r\u00e9el au Burkina Faso et [&hellip;]<\/p>\n","protected":false},"author":1816,"featured_media":98564,"comment_status":"closed","ping_status":"closed","sticky":false,"template":"","format":"standard","meta":{"fifu_image_url":"","fifu_image_alt":"","footnotes":""},"categories":[73,81],"tags":[],"class_list":["post-98563","post","type-post","status-publish","format-standard","has-post-thumbnail","hentry","category-actualite","category-burkina-faso"],"_links":{"self":[{"href":"https:\/\/linitiative.ca\/International\/wp-json\/wp\/v2\/posts\/98563","targetHints":{"allow":["GET"]}}],"collection":[{"href":"https:\/\/linitiative.ca\/International\/wp-json\/wp\/v2\/posts"}],"about":[{"href":"https:\/\/linitiative.ca\/International\/wp-json\/wp\/v2\/types\/post"}],"author":[{"embeddable":true,"href":"https:\/\/linitiative.ca\/International\/wp-json\/wp\/v2\/users\/1816"}],"replies":[{"embeddable":true,"href":"https:\/\/linitiative.ca\/International\/wp-json\/wp\/v2\/comments?post=98563"}],"version-history":[{"count":0,"href":"https:\/\/linitiative.ca\/International\/wp-json\/wp\/v2\/posts\/98563\/revisions"}],"wp:featuredmedia":[{"embeddable":true,"href":"https:\/\/linitiative.ca\/International\/wp-json\/"}],"wp:attachment":[{"href":"https:\/\/linitiative.ca\/International\/wp-json\/wp\/v2\/media?parent=98563"}],"wp:term":[{"taxonomy":"category","embeddable":true,"href":"https:\/\/linitiative.ca\/International\/wp-json\/wp\/v2\/categories?post=98563"},{"taxonomy":"post_tag","embeddable":true,"href":"https:\/\/linitiative.ca\/International\/wp-json\/wp\/v2\/tags?post=98563"}],"curies":[{"name":"wp","href":"https:\/\/api.w.org\/{rel}","templated":true}]}}