{"id":98565,"date":"2020-09-11T11:29:40","date_gmt":"2020-09-11T15:29:40","guid":{"rendered":"https:\/\/linitiative.ca\/International\/developpement-personnel-des-jeunes-leaders-engages-a-impacter-leur-generation\/"},"modified":"2020-09-11T11:29:40","modified_gmt":"2020-09-11T15:29:40","slug":"developpement-personnel-des-jeunes-leaders-engages-a-impacter-leur-generation","status":"publish","type":"post","link":"https:\/\/linitiative.ca\/International\/developpement-personnel-des-jeunes-leaders-engages-a-impacter-leur-generation\/","title":{"rendered":"D\u00e9veloppement personnel\u00a0: Des jeunes leaders engag\u00e9s \u00e0 impacter leur g\u00e9n\u00e9ration"},"content":{"rendered":"<div class=\"td-post-featured-image\"><a href=\"https:\/\/www.sidwaya.info\/wp-content\/uploads\/2020\/09\/1-27.jpg\" data-caption=\"\"><img loading=\"lazy\" decoding=\"async\" width=\"696\" height=\"391\" class=\"entry-thumb td-modal-image\" src=\"https:\/\/www.sidwaya.info\/wp-content\/uploads\/2020\/09\/1-27-696x391.jpg\" srcset=\"https:\/\/www.sidwaya.info\/wp-content\/uploads\/2020\/09\/1-27-696x391.jpg 696w, https:\/\/www.sidwaya.info\/wp-content\/uploads\/2020\/09\/1-27-300x169.jpg 300w, https:\/\/www.sidwaya.info\/wp-content\/uploads\/2020\/09\/1-27-768x432.jpg 768w, https:\/\/www.sidwaya.info\/wp-content\/uploads\/2020\/09\/1-27-747x420.jpg 747w, https:\/\/www.sidwaya.info\/wp-content\/uploads\/2020\/09\/1-27.jpg 900w\" sizes=\"auto, (max-width: 696px) 100vw, 696px\" alt=\"\" title=\"1\"\/><\/a><\/div>\n<p><strong>Africa New Leaders Group a organis\u00e9 les 29 et 30 ao\u00fbt 2020 \u00e0 Ouagadougou, l\u2019acad\u00e9mie de d\u00e9veloppement personnel, leadership Africain et entrepreneuriat.<\/strong><\/p>\n<p>Pendant 48 heures, environs 70 participants venus de Ouagadougou, D\u00e9dougou, Fada N\u2019Gourma, Kaya, ont\u00a0 pris\u00a0 part \u00e0 l\u2019acad\u00e9mie de d\u00e9veloppement personnel, leadership africain, entrepreneuriat et emplois (ADLAE). \u00a0Trois modules ont \u00e9t\u00e9 d\u00e9velopp\u00e9s au cours de cette rencontre. Il s\u2019agit du d\u00e9veloppement personnel, le leadership africain, entrepreneuriat et l\u2019emploi. En effet, pour le directeur de l\u2019acad\u00e9mie, Zakaria Sawadogo, le d\u00e9veloppement personnel, le leadership et entrepreneuriat sont des domaines indispensables pour la r\u00e9ussite de l\u2019individu. <em>\u00ab\u00a0Si le d\u00e9veloppement personnel concerne la croissance de l\u2019individu, l\u2019efficacit\u00e9 personnelle, le leadership vise la performance organisationnelle\u00a0\u00bb,<\/em> a-t-il not\u00e9. Pour lui, pour mieux r\u00e9ussir en entrepreneuriat, il faut connaitre et appliquer certains principes du d\u00e9veloppement personnel et du leadership.<\/p>\n<p>Quant au Pr\u00e9sident de l\u2019union africaine des coachs professionnels, Dr Poussi\u00a0 Sawadogo,\u00a0 il a indiqu\u00e9 que l\u2019acad\u00e9mie est un espace d\u2019\u00e9change de construction de jeunes dans la perspective qu\u2019ils deviennent d\u2019abord des solutions pour eux et par la suite lancer des initiatives qui peuvent concourir \u00e0 construire leur communaut\u00e9, \u00e0 construire le Burkina Faso.<\/p>\n<div class=\"td-a-rec td-a-rec-id-content_inline tdi_30_e5c td_block_template_1\"><img loading=\"lazy\" decoding=\"async\" class=\"aligncenter size-full wp-image-21314\" src=\"https:\/\/www.sidwaya.info\/wp-content\/uploads\/2020\/04\/Bandeau-Covid-19-Sidwaya-1.jpg\" alt=\"\" width=\"790\" height=\"98\"\/><\/div>\n<p><img decoding=\"async\" loading=\"lazy\" class=\"alignnone size-medium wp-image-26612\" src=\"https:\/\/www.sidwaya.info\/wp-content\/uploads\/2020\/09\/2-4-239x300.jpg\" alt=\"\" width=\"239\" height=\"300\" srcset=\"https:\/\/www.sidwaya.info\/wp-content\/uploads\/2020\/09\/2-4-239x300.jpg 239w, https:\/\/www.sidwaya.info\/wp-content\/uploads\/2020\/09\/2-4-768x964.jpg 768w, https:\/\/www.sidwaya.info\/wp-content\/uploads\/2020\/09\/2-4-696x873.jpg 696w, https:\/\/www.sidwaya.info\/wp-content\/uploads\/2020\/09\/2-4-335x420.jpg 335w, https:\/\/www.sidwaya.info\/wp-content\/uploads\/2020\/09\/2-4.jpg 793w\" sizes=\"auto, (max-width: 239px) 100vw, 239px\"\/>Il a affirm\u00e9 que les deux jours d\u2019interaction ont permis aux jeunes d\u2019avoir des contenus th\u00e9oriques, mais surtout de rencontrer des personnes qui agissent d\u00e9j\u00e0 sur le terrain et qui peuvent les appuyer, les orienter, les conseiller.<\/p>\n<p>Pour sa part, le Directeur g\u00e9n\u00e9ral de entrepreneuriat des jeunes, Ali Tonan\u00e9 a indiqu\u00e9 que l\u2019acad\u00e9mie de d\u00e9veloppement personnel fait du bon travail. Pour lui, la jeunesse d\u2019aujourd\u2019hui a besoin d\u2019\u00eatre form\u00e9 pour s\u2019affirmer et r\u00e9volutionner\u00a0 le monde.<\/p>\n<p>A l\u2019issue de ces deux jours de formation, des participants qui ont \u00e9t\u00e9 satisfaits \u00a0se sont engag\u00e9s \u00e0 changer leur entourage et le monde. \u00ab Cette formation a \u00e9t\u00e9 tr\u00e8s riche pour moi et je crois que je vais d\u00e9j\u00e0 le mettre en application avec les jeunes que je forme \u00bb, a d\u00e9clar\u00e9 Nikiema Bassiratou, conseiller d\u2019\u00e9ducation et de jeunesse permanente. Quant \u00e0 Andr\u00e9 Sawadogo, philosophe entrepreneur et \u00e9tudiant en master II, il a affirm\u00e9 que cette formation vient \u00e0 point nomm\u00e9 parce qu\u2019en venant \u00e0 cette acad\u00e9mie, il avait deux projets que sont l\u2019\u00e9ducation, entrepreneuriat dans les \u00e9coles et le programme de recherche \u00e9conomique et social \u00e0 l\u2019esprit. Ce cadre lui a permis d\u2019avoir des contacts pour mettre en place ces deux programmes.<\/p>\n<p>Depuis sa cr\u00e9ation en juillet 2013, le cabinet de formation Africa New Leaders\u00a0 Group (ANLG) s\u2019est donn\u00e9 pour mission de mettre au service de l\u2019Afrique, une nouvelle g\u00e9n\u00e9ration de Leaders, respectueux des valeurs africaines. Selon son directeur, cette mission s\u2019inscrit en droite ligne des efforts des Etats africains en g\u00e9n\u00e9ral et du Burkina Faso en particulier de faire des jeunes, de v\u00e9ritables acteurs du d\u00e9veloppement.<\/p>\n<p>L\u2019Acad\u00e9mie DLAE qui est une \u00e9cole de de d\u00e9veloppement du capital humain a \u00e9t\u00e9 initi\u00e9 par le cabinet ANLG. Elle est un cadre de formation et de coaching dans trois domaines que sont le d\u00e9veloppement personnel, le leadership africain, entrepreneuriat et l\u2019emploi.<\/p>\n<p>La premi\u00e8re et la deuxi\u00e8me \u00e9dition ont \u00e9t\u00e9 respectivement organis\u00e9es en 2014 et 2016 sous le nom de camp vacances. C\u2019est \u00e0 partir de la troisi\u00e8me \u00e9dition, s\u2019est baptis\u00e9e \u00ab\u00a0Acad\u00e9mie\u00a0\u00bb.<\/p>\n<p><strong>Wamini Micheline OUEDRAOGO<\/strong><\/p>\n<div class=\"td-a-rec td-a-rec-id-content_bottom tdi_31_b5f td_block_template_1\"><img loading=\"lazy\" decoding=\"async\" class=\"aligncenter size-full wp-image-22415\" src=\"https:\/\/www.sidwaya.info\/wp-content\/uploads\/2020\/05\/Bandeau-paiement-mobile-site.png\" alt=\"\" width=\"728\" height=\"90\"\/><\/div>\n<p>Auteur: Wamini SIDWAYA<br \/>\n<a href=\"https:\/\/www.sidwaya.info\/blog\/2020\/09\/11\/developpement-personnel-des-jeunes-leaders-engages-a-impacter-leur-generation\/\">Cliquez ici pour lire l&rsquo;article depuis sa source.<\/a><\/p>\n","protected":false},"excerpt":{"rendered":"<p>Africa New Leaders Group a organis\u00e9 les 29 et 30 ao\u00fbt 2020 \u00e0 Ouagadougou, l\u2019acad\u00e9mie de d\u00e9veloppement personnel, leadership Africain et entrepreneuriat. Pendant 48 heures, environs 70 participants venus de Ouagadougou, D\u00e9dougou, Fada N\u2019Gourma, Kaya, ont\u00a0 pris\u00a0 part \u00e0 l\u2019acad\u00e9mie de d\u00e9veloppement personnel, leadership africain, entrepreneuriat et emplois (ADLAE). \u00a0Trois modules ont \u00e9t\u00e9 d\u00e9velopp\u00e9s au [&hellip;]<\/p>\n","protected":false},"author":1816,"featured_media":98566,"comment_status":"closed","ping_status":"closed","sticky":false,"template":"","format":"standard","meta":{"fifu_image_url":"","fifu_image_alt":"","footnotes":""},"categories":[73,81],"tags":[],"class_list":["post-98565","post","type-post","status-publish","format-standard","has-post-thumbnail","hentry","category-actualite","category-burkina-faso"],"_links":{"self":[{"href":"https:\/\/linitiative.ca\/International\/wp-json\/wp\/v2\/posts\/98565","targetHints":{"allow":["GET"]}}],"collection":[{"href":"https:\/\/linitiative.ca\/International\/wp-json\/wp\/v2\/posts"}],"about":[{"href":"https:\/\/linitiative.ca\/International\/wp-json\/wp\/v2\/types\/post"}],"author":[{"embeddable":true,"href":"https:\/\/linitiative.ca\/International\/wp-json\/wp\/v2\/users\/1816"}],"replies":[{"embeddable":true,"href":"https:\/\/linitiative.ca\/International\/wp-json\/wp\/v2\/comments?post=98565"}],"version-history":[{"count":0,"href":"https:\/\/linitiative.ca\/International\/wp-json\/wp\/v2\/posts\/98565\/revisions"}],"wp:featuredmedia":[{"embeddable":true,"href":"https:\/\/linitiative.ca\/International\/wp-json\/"}],"wp:attachment":[{"href":"https:\/\/linitiative.ca\/International\/wp-json\/wp\/v2\/media?parent=98565"}],"wp:term":[{"taxonomy":"category","embeddable":true,"href":"https:\/\/linitiative.ca\/International\/wp-json\/wp\/v2\/categories?post=98565"},{"taxonomy":"post_tag","embeddable":true,"href":"https:\/\/linitiative.ca\/International\/wp-json\/wp\/v2\/tags?post=98565"}],"curies":[{"name":"wp","href":"https:\/\/api.w.org\/{rel}","templated":true}]}}