{"id":98567,"date":"2020-09-11T11:47:51","date_gmt":"2020-09-11T15:47:51","guid":{"rendered":"https:\/\/linitiative.ca\/International\/promotion-de-la-cohesion-sociale-au-burkina-faso-l-association-naaba-abga-apporte-sa-touche\/"},"modified":"2020-09-11T11:47:51","modified_gmt":"2020-09-11T15:47:51","slug":"promotion-de-la-cohesion-sociale-au-burkina-faso-l-association-naaba-abga-apporte-sa-touche","status":"publish","type":"post","link":"https:\/\/linitiative.ca\/International\/promotion-de-la-cohesion-sociale-au-burkina-faso-l-association-naaba-abga-apporte-sa-touche\/","title":{"rendered":"Promotion de la cohesion sociale au Burkina Faso\u00a0: L association Naaba abga apporte sa touche"},"content":{"rendered":"<div class=\"td-post-featured-image\"><a href=\"https:\/\/www.sidwaya.info\/wp-content\/uploads\/2020\/09\/IMG_20200911_110315_557.jpg\" data-caption=\"\"><img loading=\"lazy\" decoding=\"async\" width=\"696\" height=\"522\" class=\"entry-thumb td-modal-image\" src=\"https:\/\/www.sidwaya.info\/wp-content\/uploads\/2020\/09\/IMG_20200911_110315_557-696x522.jpg\" srcset=\"https:\/\/www.sidwaya.info\/wp-content\/uploads\/2020\/09\/IMG_20200911_110315_557-696x522.jpg 696w, https:\/\/www.sidwaya.info\/wp-content\/uploads\/2020\/09\/IMG_20200911_110315_557-300x225.jpg 300w, https:\/\/www.sidwaya.info\/wp-content\/uploads\/2020\/09\/IMG_20200911_110315_557-768x576.jpg 768w, https:\/\/www.sidwaya.info\/wp-content\/uploads\/2020\/09\/IMG_20200911_110315_557-560x420.jpg 560w, https:\/\/www.sidwaya.info\/wp-content\/uploads\/2020\/09\/IMG_20200911_110315_557-80x60.jpg 80w, https:\/\/www.sidwaya.info\/wp-content\/uploads\/2020\/09\/IMG_20200911_110315_557-265x198.jpg 265w, https:\/\/www.sidwaya.info\/wp-content\/uploads\/2020\/09\/IMG_20200911_110315_557.jpg 900w\" sizes=\"auto, (max-width: 696px) 100vw, 696px\" alt=\"\" title=\"IMG_20200911_110315_557\"\/><\/a><\/div>\n<p><strong>L association Naaba abga a traduit, le vendredi 11 septembre 2020 \u00e0 Ouagadougou, sa reconnaissance au parrain et certains partenaires de la 5<sup>e<\/sup> \u00e9dition de son festival (\u00a0<em>le vivre ensemble<\/em>\u00a0.<\/strong><\/p>\n<p>La promotion du vivre ensemble est aussi culturelle. C\u2019est d\u2019ailleurs l\u2019objectif recherch\u00e9 par\u00a0 l\u2019association burkinab\u00e8 de dance tradi-moderne d\u00e9nomm\u00e9e Naaba abga.\u00a0 Et c\u2019est pour mener \u00e0 bien cette promotion que l\u2019association a initi\u00e9\u00a0 depuis 2014, le festival \u00ab\u00a0<em>le vivre ensemble<\/em>\u00a0\u00bb.<\/p>\n<p>D\u00e9roul\u00e9 cette ann\u00e9e du 26 au 30 Aout 2020 \u00e0 Ouagadougou sous le parrainage de El Hadj Diand\u00e9 la a 5<sup>e<\/sup> \u00e9dition du festival a \u00e9t\u00e9 un grand succ\u00e8s selon M. Sayouba Guir\u00e9, son promoteur. Il l\u2019a d\u2019ailleurs affirm\u00e9, le vendredi 11 septembre 2020, \u00e0 Ouagadougou au cours d\u2019une c\u00e9r\u00e9monie de remerciement au parrain de cette 5<sup>e<\/sup> \u00e9dition de l\u2019\u00e9v\u00e8nement. \u00ab\u00a0<em>En d\u00e9pit des difficult\u00e9s du contexte s\u00e9curitaire li\u00e9 au Covid-19, le 5<sup>e<\/sup> festival\u00a0:\u00a0le vivre ensemble\u00a0s\u2019est bien d\u00e9roul\u00e9. L\u2019objectif de sensibiliser les populations sur la coh\u00e9sion et le vivre ensemble est atteint, car ils ont massivement particip\u00e9 \u00e0 cette \u00e9dition. C\u2019est l\u2019occasion ici, pour moi de remercier le parrain qui nous a offert un podium de taille<\/em>\u00a0\u00bb, s\u2019est r\u00e9joui le promoteur Guir\u00e9.<\/p>\n<div class=\"td-a-rec td-a-rec-id-content_inline tdi_30_ef5 td_block_template_1\"><img loading=\"lazy\" decoding=\"async\" class=\"aligncenter size-full wp-image-21314\" src=\"https:\/\/www.sidwaya.info\/wp-content\/uploads\/2020\/04\/Bandeau-Covid-19-Sidwaya-1.jpg\" alt=\"\" width=\"790\" height=\"98\"\/><\/div>\n<p>Il estime que de m\u00eame que, les burkinab\u00e8 ayant subis le confinement avaient tous l\u2019envi de se distraire d\u2019o\u00f9 la massive participation \u00e0 cette \u00e9dition de 2020. A travers le festival, l\u2019association Naaba-abga invite chaque burkinab\u00e8 \u00e0 se d\u00e9partir de la s\u00e9gr\u00e9gation\u00a0 et pr\u00f4ner rien que la coh\u00e9sion sociale, a invit\u00e9 M. \u00a0Guir\u00e9.<\/p>\n<p>P<img decoding=\"async\" loading=\"lazy\" class=\"alignnone size-medium wp-image-26616\" src=\"https:\/\/www.sidwaya.info\/wp-content\/uploads\/2020\/09\/IMG_20200911_105323_195-300x225.jpg\" alt=\"\" width=\"300\" height=\"225\" srcset=\"https:\/\/www.sidwaya.info\/wp-content\/uploads\/2020\/09\/IMG_20200911_105323_195-300x225.jpg 300w, https:\/\/www.sidwaya.info\/wp-content\/uploads\/2020\/09\/IMG_20200911_105323_195-768x576.jpg 768w, https:\/\/www.sidwaya.info\/wp-content\/uploads\/2020\/09\/IMG_20200911_105323_195-696x522.jpg 696w, https:\/\/www.sidwaya.info\/wp-content\/uploads\/2020\/09\/IMG_20200911_105323_195-560x420.jpg 560w, https:\/\/www.sidwaya.info\/wp-content\/uploads\/2020\/09\/IMG_20200911_105323_195-80x60.jpg 80w, https:\/\/www.sidwaya.info\/wp-content\/uploads\/2020\/09\/IMG_20200911_105323_195-265x198.jpg 265w, https:\/\/www.sidwaya.info\/wp-content\/uploads\/2020\/09\/IMG_20200911_105323_195.jpg 900w\" sizes=\"auto, (max-width: 300px) 100vw, 300px\"\/>our marquer leur reconnaissance, au parrain de la 5<sup>e<\/sup> \u00e9dition du festival, l\u2019\u00e9quipe de l\u2019association a remise \u00e0 El Hadj Diand\u00e9, un cadeau de remerciement. Chose satisfaisante pour le parrain Diand\u00e9.<\/p>\n<p>Pour lui, les burkinab\u00e8 ont vraiment besoin de la coh\u00e9sion.\u00a0\u00ab\u00a0<em>Le vivre ensemble nous en avons tous besoin pour \u00e9radiquer le probl\u00e8me ethnique dans notre pays. Il \u00e9tait de bon ton pour moi de soutenir le grand fr\u00e8re dans cette noble perspective. Avec ce geste, ils sont \u00e0 f\u00e9liciter<\/em>\u00a0\u00bb, a-t-il d\u00e9clar\u00e9.<\/p>\n<p>Bon vent au festival et plus de force au promoteur et son \u00e9quipe. Soutenu par SG du minist\u00e8re en charge de la culture burkinab\u00e8 Dr Lassina Simpor\u00e9 et Wali Barra DG du BBDA, l\u2019association Naaba-abga a \u00e9galement traduit sa reconnaissance \u00e0 leur endroit en leur d\u00e9diant chacun un tableau comme cadeau de remerciement.<\/p>\n<p><strong>Mamourou BENAO<\/strong><\/p>\n<div class=\"td-a-rec td-a-rec-id-content_bottom tdi_31_616 td_block_template_1\"><img loading=\"lazy\" decoding=\"async\" class=\"aligncenter size-full wp-image-22415\" src=\"https:\/\/www.sidwaya.info\/wp-content\/uploads\/2020\/05\/Bandeau-paiement-mobile-site.png\" alt=\"\" width=\"728\" height=\"90\"\/><\/div>\n<p>Auteur: Wamini SIDWAYA<br \/>\n<a href=\"https:\/\/www.sidwaya.info\/blog\/2020\/09\/11\/promotion-de-la-cohesion-sociale-au-burkina-faso-l-association-naaba-abga-apporte-sa-touche\/\">Cliquez ici pour lire l&rsquo;article depuis sa source.<\/a><\/p>\n","protected":false},"excerpt":{"rendered":"<p>L association Naaba abga a traduit, le vendredi 11 septembre 2020 \u00e0 Ouagadougou, sa reconnaissance au parrain et certains partenaires de la 5e \u00e9dition de son festival (\u00a0le vivre ensemble\u00a0. La promotion du vivre ensemble est aussi culturelle. C\u2019est d\u2019ailleurs l\u2019objectif recherch\u00e9 par\u00a0 l\u2019association burkinab\u00e8 de dance tradi-moderne d\u00e9nomm\u00e9e Naaba abga.\u00a0 Et c\u2019est pour mener [&hellip;]<\/p>\n","protected":false},"author":1816,"featured_media":98568,"comment_status":"closed","ping_status":"closed","sticky":false,"template":"","format":"standard","meta":{"fifu_image_url":"","fifu_image_alt":"","footnotes":""},"categories":[73,81],"tags":[],"class_list":["post-98567","post","type-post","status-publish","format-standard","has-post-thumbnail","hentry","category-actualite","category-burkina-faso"],"_links":{"self":[{"href":"https:\/\/linitiative.ca\/International\/wp-json\/wp\/v2\/posts\/98567","targetHints":{"allow":["GET"]}}],"collection":[{"href":"https:\/\/linitiative.ca\/International\/wp-json\/wp\/v2\/posts"}],"about":[{"href":"https:\/\/linitiative.ca\/International\/wp-json\/wp\/v2\/types\/post"}],"author":[{"embeddable":true,"href":"https:\/\/linitiative.ca\/International\/wp-json\/wp\/v2\/users\/1816"}],"replies":[{"embeddable":true,"href":"https:\/\/linitiative.ca\/International\/wp-json\/wp\/v2\/comments?post=98567"}],"version-history":[{"count":0,"href":"https:\/\/linitiative.ca\/International\/wp-json\/wp\/v2\/posts\/98567\/revisions"}],"wp:featuredmedia":[{"embeddable":true,"href":"https:\/\/linitiative.ca\/International\/wp-json\/"}],"wp:attachment":[{"href":"https:\/\/linitiative.ca\/International\/wp-json\/wp\/v2\/media?parent=98567"}],"wp:term":[{"taxonomy":"category","embeddable":true,"href":"https:\/\/linitiative.ca\/International\/wp-json\/wp\/v2\/categories?post=98567"},{"taxonomy":"post_tag","embeddable":true,"href":"https:\/\/linitiative.ca\/International\/wp-json\/wp\/v2\/tags?post=98567"}],"curies":[{"name":"wp","href":"https:\/\/api.w.org\/{rel}","templated":true}]}}