{"id":98575,"date":"2020-09-10T14:30:57","date_gmt":"2020-09-10T18:30:57","guid":{"rendered":"https:\/\/linitiative.ca\/International\/le-fodecc-audite-ses-exercices-de-2006-a-2019\/"},"modified":"2020-09-10T14:30:57","modified_gmt":"2020-09-10T18:30:57","slug":"le-fodecc-audite-ses-exercices-de-2006-a-2019","status":"publish","type":"post","link":"https:\/\/linitiative.ca\/International\/le-fodecc-audite-ses-exercices-de-2006-a-2019\/","title":{"rendered":"Le Fodecc audite ses exercices de 2006 \u00e0 2019"},"content":{"rendered":"<div class=\"featured-area featured-area-inner\" readability=\"8\"><img loading=\"lazy\" decoding=\"async\" width=\"1800\" height=\"1200\" src=\"https:\/\/ecomatin.net\/wp-content\/uploads\/2020\/09\/Cacao.jpg\" class=\"attachment-full size-full wp-post-image\" alt=\"\" srcset=\"https:\/\/ecomatin.net\/wp-content\/uploads\/2020\/09\/Cacao.jpg 1800w, https:\/\/ecomatin.net\/wp-content\/uploads\/2020\/09\/Cacao-300x200.jpg 300w, https:\/\/ecomatin.net\/wp-content\/uploads\/2020\/09\/Cacao-1024x683.jpg 1024w, https:\/\/ecomatin.net\/wp-content\/uploads\/2020\/09\/Cacao-768x512.jpg 768w, https:\/\/ecomatin.net\/wp-content\/uploads\/2020\/09\/Cacao-1536x1024.jpg 1536w, https:\/\/ecomatin.net\/wp-content\/uploads\/2020\/09\/Cacao-600x400.jpg 600w\" sizes=\"auto, (max-width: 1800px) 100vw, 1800px\" data-attachment-id=\"18419\" data-permalink=\"https:\/\/ecomatin.net\/le-fodecc-audite-ses-exercices-de-2006-a-2019\/cacao-5\/\" data-orig-file=\"https:\/\/ecomatin.net\/wp-content\/uploads\/2020\/09\/Cacao.jpg\" data-orig-size=\"1800,1200\" data-comments-opened=\"0\" data-image-meta=\"{&quot;aperture&quot;:&quot;0&quot;,&quot;credit&quot;:&quot;&quot;,&quot;camera&quot;:&quot;&quot;,&quot;caption&quot;:&quot;&quot;,&quot;created_timestamp&quot;:&quot;0&quot;,&quot;copyright&quot;:&quot;&quot;,&quot;focal_length&quot;:&quot;0&quot;,&quot;iso&quot;:&quot;0&quot;,&quot;shutter_speed&quot;:&quot;0&quot;,&quot;title&quot;:&quot;&quot;,&quot;orientation&quot;:&quot;0&quot;}\" data-image-title=\"Cacao\" data-image-description=\"\" data-medium-file=\"https:\/\/ecomatin.net\/wp-content\/uploads\/2020\/09\/Cacao-300x200.jpg\" data-large-file=\"https:\/\/ecomatin.net\/wp-content\/uploads\/2020\/09\/Cacao-1024x683.jpg\"\/> le cacao, la mati\u00e8re premi\u00e8re du Fodecc<\/div>\n<div class=\"entry-content entry clearfix\" readability=\"40.549974886991\">\n<p>Le Fonds de d\u00e9veloppement des fili\u00e8res cacao et caf\u00e9 (Fodecc), vient de lancer un appel d\u2019offres pour le recrutement d\u2019un cabinet ou d\u2019un bureau d\u2019\u00e9tudes charg\u00e9 de l\u2019audit technique des projets r\u00e9alis\u00e9s au cours des exercices 2006 \u00e0 2019.<\/p>\n<p>Le prestataire retenu aura pour mission de v\u00e9rifier la pertinence de la formulation et de la consistance des conventions sign\u00e9es avec les ordonnateurs techniques\u00a0; v\u00e9rifier la conformit\u00e9 des projets des ordonnateurs par rapport aux objectifs de plan de relance et de d\u00e9veloppement des fili\u00e8res cacao et caf\u00e9 horizon 2020\u00a0; v\u00e9rifier la satisfaction de l\u2019encadrement par les ordonnateurs de la strat\u00e9gie mise en \u0153uvre et les crit\u00e8res de s\u00e9lection des b\u00e9n\u00e9ficiaires des interventions des projets.<\/p>\n<p><strong>Lire aussi<\/strong> : <a href=\"https:\/\/ecomatin.net\/le-prix-du-kilogramme-de-cacao-passe-a-1000-f\/\">Le prix du kilogramme de cacao passe \u00e0 1000 F<\/a><\/p>\n<p>En outre il faudra appr\u00e9cier le niveau de satisfaction des b\u00e9n\u00e9ficiaires pour l\u2019ensemble des projets du portefeuille Fodecc\u00a0; d\u2019appr\u00e9cier la conformit\u00e9 technique des r\u00e9alisations par rapport aux exigences de chaque projet\u00a0; examiner l\u2019examiner l\u2019encadrement des projets par les ordonnateurs technique et analyser la coh\u00e9rence et l\u2019harmonisation des interventions dans les fili\u00e8res.<\/p>\n<p>L\u2019objectif de cet audit lanc\u00e9 par le Fodecc est de rendre disponibles des informations permettant de mieux appr\u00e9cier la qualit\u00e9 de la gestion des fonds allou\u00e9s au financement de ses projets et des projets de son portefeuille, afin d\u2019en \u00e9laborer une note d\u2019orientation<\/p>\n<p><strong>Lire aussi<\/strong> : <a href=\"https:\/\/ecomatin.net\/cacao-cafe-les-objectifs-du-gouvernement-a-lhorizon-2020-ne-seront-pas-atteints\/\">Cacao-caf\u00e9\u00a0: les objectifs du gouvernement \u00e0 l\u2019horizon 2020 ne seront pas atteints<\/a><\/p>\n<p>Notons que pour l\u2019exercice 2018, le Fodecc a mobilis\u00e9\u00a0 7 520 518\u00a0480 FCFA contre 8 818 440 851F CFA, ressources en baisse de 14,76 % par rapport \u00e0 2017. Le Fonds de d\u00e9veloppement des fili\u00e8res cacao et caf\u00e9 voit le jour en d\u00e9cembre 2004. Il b\u00e9n\u00e9ficie, au m\u00eame titre que l\u2019Oncc (Office national du cacao et du caf\u00e9) et le Cicc (Conseil interprofessionnel du cacao et du caf\u00e9), d\u2019une redevance sur les exportations. L\u2019organisation et le fonctionnement du Fodecc sont mat\u00e9rialis\u00e9s par le d\u00e9cret n\u00b0 2006\/085 du 09 mars 2006.<\/p>\n<p><strong>Lire aussi<\/strong> : <a href=\"https:\/\/ecomatin.net\/cacaoculture-ces-benefices-lies-a-la-professionnalisation-des-planteurs\/\">Cacaoculture\u00a0: ces b\u00e9n\u00e9fices lies \u00e0 la professionnalisation des planteurs<\/a><\/p>\n<div class=\"awac-wrapper awac widget posts-list-widget-11\">\n<h4 class=\"widget-title\">Le plus r\u00e9cent<\/h4>\n<\/div>\n<\/div>\n<p>Auteur: Eco Matin<br \/>\n<a href=\"https:\/\/ecomatin.net\/le-fodecc-audite-ses-exercices-de-2006-a-2019\/\">Cliquez ici pour lire l&rsquo;article depuis sa source.<\/a><\/p>\n","protected":false},"excerpt":{"rendered":"<p>le cacao, la mati\u00e8re premi\u00e8re du Fodecc Le Fonds de d\u00e9veloppement des fili\u00e8res cacao et caf\u00e9 (Fodecc), vient de lancer un appel d\u2019offres pour le recrutement d\u2019un cabinet ou d\u2019un bureau d\u2019\u00e9tudes charg\u00e9 de l\u2019audit technique des projets r\u00e9alis\u00e9s au cours des exercices 2006 \u00e0 2019. Le prestataire retenu aura pour mission de v\u00e9rifier la [&hellip;]<\/p>\n","protected":false},"author":1969,"featured_media":98576,"comment_status":"closed","ping_status":"closed","sticky":false,"template":"","format":"standard","meta":{"fifu_image_url":"","fifu_image_alt":"","footnotes":""},"categories":[82,78],"tags":[],"class_list":["post-98575","post","type-post","status-publish","format-standard","has-post-thumbnail","hentry","category-cameroun","category-economie"],"_links":{"self":[{"href":"https:\/\/linitiative.ca\/International\/wp-json\/wp\/v2\/posts\/98575","targetHints":{"allow":["GET"]}}],"collection":[{"href":"https:\/\/linitiative.ca\/International\/wp-json\/wp\/v2\/posts"}],"about":[{"href":"https:\/\/linitiative.ca\/International\/wp-json\/wp\/v2\/types\/post"}],"author":[{"embeddable":true,"href":"https:\/\/linitiative.ca\/International\/wp-json\/wp\/v2\/users\/1969"}],"replies":[{"embeddable":true,"href":"https:\/\/linitiative.ca\/International\/wp-json\/wp\/v2\/comments?post=98575"}],"version-history":[{"count":0,"href":"https:\/\/linitiative.ca\/International\/wp-json\/wp\/v2\/posts\/98575\/revisions"}],"wp:featuredmedia":[{"embeddable":true,"href":"https:\/\/linitiative.ca\/International\/wp-json\/"}],"wp:attachment":[{"href":"https:\/\/linitiative.ca\/International\/wp-json\/wp\/v2\/media?parent=98575"}],"wp:term":[{"taxonomy":"category","embeddable":true,"href":"https:\/\/linitiative.ca\/International\/wp-json\/wp\/v2\/categories?post=98575"},{"taxonomy":"post_tag","embeddable":true,"href":"https:\/\/linitiative.ca\/International\/wp-json\/wp\/v2\/tags?post=98575"}],"curies":[{"name":"wp","href":"https:\/\/api.w.org\/{rel}","templated":true}]}}