{"id":98579,"date":"2020-09-11T09:12:17","date_gmt":"2020-09-11T13:12:17","guid":{"rendered":"https:\/\/linitiative.ca\/International\/campagne-cacaoyere-2019-2020-les-exportations-de-cacao-en-baisse-de-17-288-tonnes\/"},"modified":"2020-09-11T09:12:17","modified_gmt":"2020-09-11T13:12:17","slug":"campagne-cacaoyere-2019-2020-les-exportations-de-cacao-en-baisse-de-17-288-tonnes","status":"publish","type":"post","link":"https:\/\/linitiative.ca\/International\/campagne-cacaoyere-2019-2020-les-exportations-de-cacao-en-baisse-de-17-288-tonnes\/","title":{"rendered":"Campagne cacaoy\u00e8re 2019\/2020 : les exportations de cacao en baisse de 17 288 tonnes"},"content":{"rendered":"<div class=\"featured-area featured-area-inner\"><img loading=\"lazy\" decoding=\"async\" width=\"1920\" height=\"800\" src=\"https:\/\/ecomatin.net\/wp-content\/uploads\/2020\/09\/cacao-1.jpg\" class=\"attachment-full size-full wp-post-image\" alt=\"\" srcset=\"https:\/\/ecomatin.net\/wp-content\/uploads\/2020\/09\/cacao-1.jpg 1920w, https:\/\/ecomatin.net\/wp-content\/uploads\/2020\/09\/cacao-1-300x125.jpg 300w, https:\/\/ecomatin.net\/wp-content\/uploads\/2020\/09\/cacao-1-1024x427.jpg 1024w, https:\/\/ecomatin.net\/wp-content\/uploads\/2020\/09\/cacao-1-768x320.jpg 768w, https:\/\/ecomatin.net\/wp-content\/uploads\/2020\/09\/cacao-1-1536x640.jpg 1536w, https:\/\/ecomatin.net\/wp-content\/uploads\/2020\/09\/cacao-1-600x250.jpg 600w\" sizes=\"auto, (max-width: 1920px) 100vw, 1920px\" data-attachment-id=\"18437\" data-permalink=\"https:\/\/ecomatin.net\/campagne-cacaoyere-2019-2020-les-exportations-de-cacao-en-baisse-de-17-288-tonnes\/cacao-1\/\" data-orig-file=\"https:\/\/ecomatin.net\/wp-content\/uploads\/2020\/09\/cacao-1.jpg\" data-orig-size=\"1920,800\" data-comments-opened=\"0\" data-image-meta=\"{&quot;aperture&quot;:&quot;0&quot;,&quot;credit&quot;:&quot;&quot;,&quot;camera&quot;:&quot;&quot;,&quot;caption&quot;:&quot;&quot;,&quot;created_timestamp&quot;:&quot;0&quot;,&quot;copyright&quot;:&quot;&quot;,&quot;focal_length&quot;:&quot;0&quot;,&quot;iso&quot;:&quot;0&quot;,&quot;shutter_speed&quot;:&quot;0&quot;,&quot;title&quot;:&quot;&quot;,&quot;orientation&quot;:&quot;0&quot;}\" data-image-title=\"cacao (1)\" data-image-description=\"\" data-medium-file=\"https:\/\/ecomatin.net\/wp-content\/uploads\/2020\/09\/cacao-1-300x125.jpg\" data-large-file=\"https:\/\/ecomatin.net\/wp-content\/uploads\/2020\/09\/cacao-1-1024x427.jpg\"\/><\/div>\n<div class=\"entry-content entry clearfix\" readability=\"37.678646934461\">\n<p>La derni\u00e8re saison cacaoy\u00e8re s\u2019est achev\u00e9e sur des contre-performances pour le Cameroun. Selon des statistiques publi\u00e9es jeudi par l\u2019Office national du cacao et du caf\u00e9 (Oncc), la campagne cacaoy\u00e8re 2019-2020 a \u00e9t\u00e9 fortement marqu\u00e9e par une baisse g\u00e9n\u00e9rale des ventes, tant sur le march\u00e9 local qu\u2019\u00e0 l\u2019international. Ainsi la production totale commercialis\u00e9e est de 257 151 tonnes contre 264 253 tonnes pour la campagne 2018-2019. Soit une baisse de\u00a0 plus de 7 000 tonnes.<\/p>\n<p><strong>Lire aussi<\/strong> : <a href=\"https:\/\/ecomatin.net\/le-prix-du-kilogramme-de-cacao-passe-a-1000-f\/\">Le prix du kilogramme de cacao passe\u00a0\u00a0\u00e0 1000F<\/a><\/p>\n<p>Les exportations du Cameroun n\u2019ont pas connu de v\u00e9ritables envol\u00e9es non plus. Ce sont 197 537 tonnes de cacao qui ont \u00e9t\u00e9 vendues \u00e0 l\u2019international. Ce qui repr\u00e9sente une r\u00e9gression de 17 288 tonnes en comparaison des 214 825 tonnes pr\u00e9c\u00e9demment export\u00e9es, inversant la tendance amorc\u00e9e apr\u00e8s les mauvais comptes de la campagne 2017-2018. Lesdites quantit\u00e9s ont \u00e9t\u00e9 principalement achemin\u00e9es vers la Hollande (62,3%), la Chine (9,8%), la Malaisie (8,2%), l\u2019Indon\u00e9sie (6,2%) et l\u2019Allemagne (3,3%).<\/p>\n<p>La r\u00e9gion du Centre reste en t\u00eate des principaux producteurs pour la saison finissante. Les ventes de ce bassin de production ont grimp\u00e9 de 37% \u00e0 50,3% entre 2018 et 2019, faisant passer la r\u00e9gion avant le Sud-Ouest paralys\u00e9e par les conflits. Les deux r\u00e9gions culminent 77% des ventes cette ann\u00e9e.<\/p>\n<p>Les industries locales ont transform\u00e9 pour 60 405 tonnes le cacao camerounais. Ce sont Sic Cacao, Neo Industry, Chococam et Ferrero.\u00a0<\/p>\n<p><strong>Lire aussi<\/strong> : <a href=\"https:\/\/ecomatin.net\/le-fodecc-audite-ses-exercices-de-2006-a-2019\/\">Le Fodecc audite ses exercices de 2006 \u00e0 2019<\/a><\/p>\n<div class=\"awac-wrapper awac widget posts-list-widget-11\">\n<h4 class=\"widget-title\">Le plus r\u00e9cent<\/h4>\n<\/div>\n<\/div>\n<p>Auteur: Eco Matin<br \/>\n<a href=\"https:\/\/ecomatin.net\/campagne-cacaoyere-2019-2020-les-exportations-de-cacao-en-baisse-de-17-288-tonnes\/\">Cliquez ici pour lire l&rsquo;article depuis sa source.<\/a><\/p>\n","protected":false},"excerpt":{"rendered":"<p>La derni\u00e8re saison cacaoy\u00e8re s\u2019est achev\u00e9e sur des contre-performances pour le Cameroun. Selon des statistiques publi\u00e9es jeudi par l\u2019Office national du cacao et du caf\u00e9 (Oncc), la campagne cacaoy\u00e8re 2019-2020 a \u00e9t\u00e9 fortement marqu\u00e9e par une baisse g\u00e9n\u00e9rale des ventes, tant sur le march\u00e9 local qu\u2019\u00e0 l\u2019international. Ainsi la production totale commercialis\u00e9e est de 257 [&hellip;]<\/p>\n","protected":false},"author":1969,"featured_media":98580,"comment_status":"closed","ping_status":"closed","sticky":false,"template":"","format":"standard","meta":{"fifu_image_url":"","fifu_image_alt":"","footnotes":""},"categories":[82,78],"tags":[],"class_list":["post-98579","post","type-post","status-publish","format-standard","has-post-thumbnail","hentry","category-cameroun","category-economie"],"_links":{"self":[{"href":"https:\/\/linitiative.ca\/International\/wp-json\/wp\/v2\/posts\/98579","targetHints":{"allow":["GET"]}}],"collection":[{"href":"https:\/\/linitiative.ca\/International\/wp-json\/wp\/v2\/posts"}],"about":[{"href":"https:\/\/linitiative.ca\/International\/wp-json\/wp\/v2\/types\/post"}],"author":[{"embeddable":true,"href":"https:\/\/linitiative.ca\/International\/wp-json\/wp\/v2\/users\/1969"}],"replies":[{"embeddable":true,"href":"https:\/\/linitiative.ca\/International\/wp-json\/wp\/v2\/comments?post=98579"}],"version-history":[{"count":0,"href":"https:\/\/linitiative.ca\/International\/wp-json\/wp\/v2\/posts\/98579\/revisions"}],"wp:featuredmedia":[{"embeddable":true,"href":"https:\/\/linitiative.ca\/International\/wp-json\/"}],"wp:attachment":[{"href":"https:\/\/linitiative.ca\/International\/wp-json\/wp\/v2\/media?parent=98579"}],"wp:term":[{"taxonomy":"category","embeddable":true,"href":"https:\/\/linitiative.ca\/International\/wp-json\/wp\/v2\/categories?post=98579"},{"taxonomy":"post_tag","embeddable":true,"href":"https:\/\/linitiative.ca\/International\/wp-json\/wp\/v2\/tags?post=98579"}],"curies":[{"name":"wp","href":"https:\/\/api.w.org\/{rel}","templated":true}]}}